{"id":47340,"date":"2025-10-19T02:15:50","date_gmt":"2025-10-19T02:15:50","guid":{"rendered":"https:\/\/armstrongyregion.com.ar\/diario\/?p=47340"},"modified":"2025-10-19T02:15:52","modified_gmt":"2025-10-19T02:15:52","slug":"verdecchia-se-reunio-con-autoridades-del-samco-las-rosas","status":"publish","type":"post","link":"https:\/\/armstrongyregion.com.ar\/diario\/verdecchia-se-reunio-con-autoridades-del-samco-las-rosas\/","title":{"rendered":"Verdecchia se reuni\u00f3 con autoridades del SAMCo Las Rosas."},"content":{"rendered":"\n<figure class=\"wp-block-image size-large\"><img loading=\"lazy\" decoding=\"async\" width=\"640\" height=\"477\" src=\"https:\/\/armstrongyregion.com.ar\/diario\/wp-content\/uploads\/2025\/10\/verdecchia-samco-las-rosas-18-10-25-640x477.jpg\" alt=\"\" class=\"wp-image-47341\" srcset=\"https:\/\/armstrongyregion.com.ar\/diario\/wp-content\/uploads\/2025\/10\/verdecchia-samco-las-rosas-18-10-25-640x477.jpg 640w, https:\/\/armstrongyregion.com.ar\/diario\/wp-content\/uploads\/2025\/10\/verdecchia-samco-las-rosas-18-10-25-300x224.jpg 300w, https:\/\/armstrongyregion.com.ar\/diario\/wp-content\/uploads\/2025\/10\/verdecchia-samco-las-rosas-18-10-25.jpg 645w\" sizes=\"auto, (max-width: 640px) 100vw, 640px\" \/><\/figure>\n\n\n\n<h2 class=\"wp-block-heading\">l senador provincial Pablo Verdecchia analiz\u00f3 problem\u00e1ticas de gesti\u00f3n y la necesidad de nuevas obras de infraestructura con la comisi\u00f3n directiva.<\/h2>\n\n\n\n<p>El senador provincial Pablo Verdecchia (departamento Belgrano) mantuvo una reuni\u00f3n de trabajo con la comisi\u00f3n directiva del Ente de Administraci\u00f3n del SAMCo de Las Rosas. El objetivo fue abordar problem\u00e1ticas de gesti\u00f3n y la necesidad de avanzar en obras de infraestructura clave para la instituci\u00f3n.<\/p>\n\n\n\n<p>Di\u00e1logo y compromiso de gesti\u00f3n<\/p>\n\n\n\n<p>El senador destac\u00f3 la importancia del trabajo mancomunado. \u201cTenemos plena confianza en que si todos aportamos una actitud de consenso, di\u00e1logo y compromiso de gesti\u00f3n, los objetivos se pueden lograr\u201d, afirm\u00f3 Verdecchia.<\/p>\n\n\n\n<p>Apoyo a la salud local<\/p>\n\n\n\n<p>A trav\u00e9s de sus redes sociales, Verdecchia ratific\u00f3 su compromiso de acompa\u00f1ar las gestiones necesarias para mejorar el funcionamiento y la infraestructura del sistema de salud local.<\/p>\n\n\n\n<p><\/p>\n","protected":false},"excerpt":{"rendered":"<p>l senador provincial Pablo Verdecchia analiz\u00f3 problem\u00e1ticas de gesti\u00f3n y la necesidad de nuevas obras de infraestructura con la comisi\u00f3n directiva. El senador provincial Pablo Verdecchia (departamento Belgrano) mantuvo una reuni\u00f3n de trabajo con la comisi\u00f3n directiva del Ente de Administraci\u00f3n del SAMCo de Las Rosas. El objetivo fue abordar problem\u00e1ticas de gesti\u00f3n y la <a href=\"https:\/\/armstrongyregion.com.ar\/diario\/verdecchia-se-reunio-con-autoridades-del-samco-las-rosas\/\" title=\"Read more\" >&#8230;<\/a><\/p>\n","protected":false},"author":1,"featured_media":47341,"comment_status":"open","ping_status":"open","sticky":false,"template":"","format":"image","meta":{"_jetpack_memberships_contains_paid_content":false,"footnotes":"","jetpack_publicize_message":"","jetpack_publicize_feature_enabled":true,"jetpack_social_post_already_shared":true,"jetpack_social_options":{"image_generator_settings":{"template":"highway","default_image_id":0,"enabled":false},"version":2}},"categories":[6,8,1,7,4,3],"tags":[857,5030,12097,54,10438],"class_list":["post-47340","post","type-post","status-publish","format-image","has-post-thumbnail","hentry","category-cultura-entretenimiento","category-deliberando","category-diario-armstrong","category-politica","category-prevencion-salud","category-region","tag-autoridades","tag-diario-armstrong","tag-lasc-rosas","tag-samco","tag-senador-verdecchia","post_format-post-format-image"],"jetpack_publicize_connections":[],"jetpack_featured_media_url":"https:\/\/armstrongyregion.com.ar\/diario\/wp-content\/uploads\/2025\/10\/verdecchia-samco-las-rosas-18-10-25.jpg","jetpack_shortlink":"https:\/\/wp.me\/p62QDO-cjy","jetpack_sharing_enabled":true,"amp_enabled":true,"_links":{"self":[{"href":"https:\/\/armstrongyregion.com.ar\/diario\/wp-json\/wp\/v2\/posts\/47340","targetHints":{"allow":["GET"]}}],"collection":[{"href":"https:\/\/armstrongyregion.com.ar\/diario\/wp-json\/wp\/v2\/posts"}],"about":[{"href":"https:\/\/armstrongyregion.com.ar\/diario\/wp-json\/wp\/v2\/types\/post"}],"author":[{"embeddable":true,"href":"https:\/\/armstrongyregion.com.ar\/diario\/wp-json\/wp\/v2\/users\/1"}],"replies":[{"embeddable":true,"href":"https:\/\/armstrongyregion.com.ar\/diario\/wp-json\/wp\/v2\/comments?post=47340"}],"version-history":[{"count":1,"href":"https:\/\/armstrongyregion.com.ar\/diario\/wp-json\/wp\/v2\/posts\/47340\/revisions"}],"predecessor-version":[{"id":47342,"href":"https:\/\/armstrongyregion.com.ar\/diario\/wp-json\/wp\/v2\/posts\/47340\/revisions\/47342"}],"wp:featuredmedia":[{"embeddable":true,"href":"https:\/\/armstrongyregion.com.ar\/diario\/wp-json\/wp\/v2\/media\/47341"}],"wp:attachment":[{"href":"https:\/\/armstrongyregion.com.ar\/diario\/wp-json\/wp\/v2\/media?parent=47340"}],"wp:term":[{"taxonomy":"category","embeddable":true,"href":"https:\/\/armstrongyregion.com.ar\/diario\/wp-json\/wp\/v2\/categories?post=47340"},{"taxonomy":"post_tag","embeddable":true,"href":"https:\/\/armstrongyregion.com.ar\/diario\/wp-json\/wp\/v2\/tags?post=47340"}],"curies":[{"name":"wp","href":"https:\/\/api.w.org\/{rel}","templated":true}]}}