{"id":47317,"date":"2025-10-09T14:05:44","date_gmt":"2025-10-09T14:05:44","guid":{"rendered":"https:\/\/armstrongyregion.com.ar\/diario\/?p=47317"},"modified":"2025-10-09T14:05:46","modified_gmt":"2025-10-09T14:05:46","slug":"el-concejo-adhirio-al-octubre-rosa-para-la-sensibilizacion-sobre-el-cancer-de-mama","status":"publish","type":"post","link":"https:\/\/armstrongyregion.com.ar\/diario\/el-concejo-adhirio-al-octubre-rosa-para-la-sensibilizacion-sobre-el-cancer-de-mama\/","title":{"rendered":"El Concejo adhiri\u00f3 al \u00abOctubre Rosa\u00bb para la sensibilizaci\u00f3n sobre el C\u00e1ncer de Mama."},"content":{"rendered":"\n<figure class=\"wp-block-image size-large\"><img loading=\"lazy\" decoding=\"async\" width=\"640\" height=\"480\" src=\"https:\/\/armstrongyregion.com.ar\/diario\/wp-content\/uploads\/2025\/10\/PATAS-NOTA-CONCEJO--640x480.jpg\" alt=\"\" class=\"wp-image-47318\" srcset=\"https:\/\/armstrongyregion.com.ar\/diario\/wp-content\/uploads\/2025\/10\/PATAS-NOTA-CONCEJO--640x480.jpg 640w, https:\/\/armstrongyregion.com.ar\/diario\/wp-content\/uploads\/2025\/10\/PATAS-NOTA-CONCEJO--300x225.jpg 300w, https:\/\/armstrongyregion.com.ar\/diario\/wp-content\/uploads\/2025\/10\/PATAS-NOTA-CONCEJO-.jpg 714w\" sizes=\"auto, (max-width: 640px) 100vw, 640px\" \/><\/figure>\n\n\n\n<p>Al finalizar la \u00faltima sesi\u00f3n ordinaria, el presidente del Concejo, Prof. Alejandro Pertusati, tom\u00f3 la palabra para destacar la adhesi\u00f3n un\u00e1nime del cuerpo legislativo al \u00abMes de Sensibilizaci\u00f3n sobre el C\u00e1ncer de Mama\u00bb, una iniciativa impulsada desde el bloque Unidos.<\/p>\n\n\n\n<p>\u00abDesde el Bloque Unidos y tambi\u00e9n desde todo el Concejo hemos adherido a lo que es el mes de sensibilizaci\u00f3n sobre el c\u00e1ncer de mama, este <strong>Octubre Rosa<\/strong> popularmente conocido\u00bb, comenz\u00f3 Pertusati. El concejal subray\u00f3 la necesidad de resaltar anualmente la importancia de estas campa\u00f1as y de invitar a todas las instituciones locales a sumarse activamente.<\/p>\n\n\n\n<p>En sus declaraciones, reconoci\u00f3 el trabajo fundamental que ya realizan entidades como el <strong>SAMCo local, el grupo AVE y el Rotary Club<\/strong>, y enfatiz\u00f3 el mensaje central de la campa\u00f1a: la prevenci\u00f3n. \u00abEs importante que todos tomemos conciencia, hombres y mujeres, sobre la importancia de la detecci\u00f3n temprana del c\u00e1ncer de mama\u00bb, afirm\u00f3.<\/p>\n\n\n\n<p>Pertusati insisti\u00f3 en la recomendaci\u00f3n m\u00e9dica de la autoexploraci\u00f3n mamaria y los controles peri\u00f3dicos, compartiendo un dato contundente: <strong>\u00abSi hay una detecci\u00f3n temprana, en el 90% de los casos hay una posible recuperaci\u00f3n\u00bb<\/strong>. Record\u00f3 adem\u00e1s que los estudios necesarios se pueden realizar en el hospital de la ciudad.<\/p>\n\n\n\n<h2 class=\"wp-block-heading\"><strong>Cena a beneficio y llamado a la comunidad<\/strong><\/h2>\n\n\n\n<p>El Presidente del Concejo aprovech\u00f3 la ocasi\u00f3n para promover un evento solidario clave. \u00abInvitamos a la <strong>cena que van a llevar adelante el SAMCo, el Grupo AVE y Rotary<\/strong>. Le decimos a la gente que vaya, que compre su tarjeta. Es un ticket muy accesible para una cena show\u00bb, expres\u00f3.<\/p>\n\n\n\n<p>El evento se realizar\u00e1 el pr\u00f3ximo <strong>viernes 17 de octubre a las 21:00 horas en el Sal\u00f3n de AVE<\/strong>, y todo lo recaudado ser\u00e1 destinado a colaborar con la causa.<\/p>\n\n\n\n<p>Finalmente, Pertusati cerr\u00f3 con una sentida reflexi\u00f3n: \u00abA veces suena repetitivo, pero lo creo de mucha importancia. Vemos que en muchas familias de la ciudad se ha atravesado esta enfermedad; en muchas se ha superado, en otras no. Y por ellos me parece que tenemos que seguir acentuando la importancia de este tipo de actividades y de que se hable de esto\u00bb. Finaliz\u00f3.<\/p>\n","protected":false},"excerpt":{"rendered":"<p>Al finalizar la \u00faltima sesi\u00f3n ordinaria, el presidente del Concejo, Prof. Alejandro Pertusati, tom\u00f3 la palabra para destacar la adhesi\u00f3n un\u00e1nime del cuerpo legislativo al \u00abMes de Sensibilizaci\u00f3n sobre el C\u00e1ncer de Mama\u00bb, una iniciativa impulsada desde el bloque Unidos. \u00abDesde el Bloque Unidos y tambi\u00e9n desde todo el Concejo hemos adherido a lo que <a href=\"https:\/\/armstrongyregion.com.ar\/diario\/el-concejo-adhirio-al-octubre-rosa-para-la-sensibilizacion-sobre-el-cancer-de-mama\/\" title=\"Read more\" >&#8230;<\/a><\/p>\n","protected":false},"author":1,"featured_media":47319,"comment_status":"open","ping_status":"open","sticky":false,"template":"","format":"image","meta":{"_jetpack_memberships_contains_paid_content":false,"footnotes":"","jetpack_publicize_message":"","jetpack_publicize_feature_enabled":true,"jetpack_social_post_already_shared":true,"jetpack_social_options":{"image_generator_settings":{"template":"highway","default_image_id":0,"enabled":false},"version":2}},"categories":[8,1,2,7,3],"tags":[9424,11107,9934,5030,12091,12092],"class_list":["post-47317","post","type-post","status-publish","format-image","has-post-thumbnail","hentry","category-deliberando","category-diario-armstrong","category-locales","category-politica","category-region","tag-alejandro-pertusati","tag-cancer-de-mama-2","tag-concejo-deliberante","tag-diario-armstrong","tag-octubre-rosa","tag-sencibilizacion-2","post_format-post-format-image"],"jetpack_publicize_connections":[],"jetpack_featured_media_url":"https:\/\/armstrongyregion.com.ar\/diario\/wp-content\/uploads\/2025\/10\/PATAS-NOTA-CONCEJO-1-1.jpg","jetpack_shortlink":"https:\/\/wp.me\/p62QDO-cjb","jetpack_sharing_enabled":true,"amp_enabled":true,"_links":{"self":[{"href":"https:\/\/armstrongyregion.com.ar\/diario\/wp-json\/wp\/v2\/posts\/47317","targetHints":{"allow":["GET"]}}],"collection":[{"href":"https:\/\/armstrongyregion.com.ar\/diario\/wp-json\/wp\/v2\/posts"}],"about":[{"href":"https:\/\/armstrongyregion.com.ar\/diario\/wp-json\/wp\/v2\/types\/post"}],"author":[{"embeddable":true,"href":"https:\/\/armstrongyregion.com.ar\/diario\/wp-json\/wp\/v2\/users\/1"}],"replies":[{"embeddable":true,"href":"https:\/\/armstrongyregion.com.ar\/diario\/wp-json\/wp\/v2\/comments?post=47317"}],"version-history":[{"count":1,"href":"https:\/\/armstrongyregion.com.ar\/diario\/wp-json\/wp\/v2\/posts\/47317\/revisions"}],"predecessor-version":[{"id":47320,"href":"https:\/\/armstrongyregion.com.ar\/diario\/wp-json\/wp\/v2\/posts\/47317\/revisions\/47320"}],"wp:featuredmedia":[{"embeddable":true,"href":"https:\/\/armstrongyregion.com.ar\/diario\/wp-json\/wp\/v2\/media\/47319"}],"wp:attachment":[{"href":"https:\/\/armstrongyregion.com.ar\/diario\/wp-json\/wp\/v2\/media?parent=47317"}],"wp:term":[{"taxonomy":"category","embeddable":true,"href":"https:\/\/armstrongyregion.com.ar\/diario\/wp-json\/wp\/v2\/categories?post=47317"},{"taxonomy":"post_tag","embeddable":true,"href":"https:\/\/armstrongyregion.com.ar\/diario\/wp-json\/wp\/v2\/tags?post=47317"}],"curies":[{"name":"wp","href":"https:\/\/api.w.org\/{rel}","templated":true}]}}