{"id":47312,"date":"2025-10-09T12:46:55","date_gmt":"2025-10-09T12:46:55","guid":{"rendered":"https:\/\/armstrongyregion.com.ar\/diario\/?p=47312"},"modified":"2025-10-09T12:46:57","modified_gmt":"2025-10-09T12:46:57","slug":"renovacion-por-armstrong-impulsa-la-refaccion-de-baldosas-en-plaza-san-martin-y-un-programa-educativo-para-escuelas","status":"publish","type":"post","link":"https:\/\/armstrongyregion.com.ar\/diario\/renovacion-por-armstrong-impulsa-la-refaccion-de-baldosas-en-plaza-san-martin-y-un-programa-educativo-para-escuelas\/","title":{"rendered":"Renovaci\u00f3n por Armstrong, impulsa la refacci\u00f3n de baldosas en Plaza San Mart\u00edn y un programa educativo para escuelas."},"content":{"rendered":"\n<figure class=\"wp-block-image size-large\"><img loading=\"lazy\" decoding=\"async\" width=\"327\" height=\"480\" src=\"http:\/\/armstrongyregion.com.ar\/diario\/wp-content\/uploads\/2025\/08\/EMILIANO-GRAMIGNA-8-25-327x480.jpg\" alt=\"\" class=\"wp-image-46944\" srcset=\"https:\/\/armstrongyregion.com.ar\/diario\/wp-content\/uploads\/2025\/08\/EMILIANO-GRAMIGNA-8-25-327x480.jpg 327w, https:\/\/armstrongyregion.com.ar\/diario\/wp-content\/uploads\/2025\/08\/EMILIANO-GRAMIGNA-8-25-204x300.jpg 204w, https:\/\/armstrongyregion.com.ar\/diario\/wp-content\/uploads\/2025\/08\/EMILIANO-GRAMIGNA-8-25.jpg 414w\" sizes=\"auto, (max-width: 327px) 100vw, 327px\" \/><\/figure>\n\n\n\n<h2 class=\"wp-block-heading\">En la sesi\u00f3n ordinaria del Concejo Municipal del pasado martes, el concejal Emiliano Gramigna, en representaci\u00f3n del bloque Renovaci\u00f3n por Armstrong, present\u00f3 dos importantes iniciativas: un pedido de informe sobre el estado de las veredas de la Plaza San Mart\u00edn y un proyecto de ordenanza para crear el programa \u00abEl Concejo va a tu Escuela\u00bb<\/h2>\n\n\n\n<h2 class=\"wp-block-heading\"><strong>Relevamiento en la Plaza San Mart\u00edn<\/strong><\/h2>\n\n\n\n<p>Mediante una minuta de comunicaci\u00f3n, Gramigna solicit\u00f3 formalmente al Ejecutivo Municipal que realice un <strong>relevamiento exhaustivo del deterioro de las baldosas y la infraestructura general de la Plaza San Mart\u00edn<\/strong>.<\/p>\n\n\n\n<p>Al t\u00e9rmino de la sesi\u00f3n, el concejal explic\u00f3 los motivos: <strong>\u00abPor los \u00e1rboles, los pl\u00e1tanos que all\u00ed hay, que tienen muchas d\u00e9cadas, las baldosas y las veredas se vieron rotas y en muchos casos pueden ocasionar alg\u00fan tipo de accidente\u00bb<\/strong>. Adem\u00e1s del riesgo para los transe\u00fantes, Gramigna se\u00f1al\u00f3 que se trata de una <strong>\u00abcuesti\u00f3n est\u00e9tica\u00bb<\/strong>, argumentando que <strong>\u00abla plaza es uno de los lugares emblem\u00e1ticos de la ciudad\u00bb.<\/strong><\/p>\n\n\n\n<p>El objetivo del pedido es que, una vez identificado el da\u00f1o, el municipio pueda planificar la reparaci\u00f3n. \u00abHaciendo un relevamiento de lo que est\u00e1 roto y realizando el tratamiento que sea necesario a los \u00e1rboles, seguramente el municipio lo va a poder arreglar.<strong> Por lo que mencionaban desde el bloque del ejecutivo, no se va a poder hacer este a\u00f1o, pero el que viene esa obra se podr\u00eda encarar\u00bb<\/strong>, adelant\u00f3 el edil.<\/p>\n\n\n\n<h2 class=\"wp-block-heading\"><strong>\u00abEl Concejo va a tu Escuela\u00bb: Fomentando la participaci\u00f3n ciudadana<\/strong><\/h2>\n\n\n\n<p>La segunda propuesta es un proyecto de ordenanza para crear un programa educativo y c\u00edvico denominado <strong>\u00abEl Concejo va a tu Escuela\u00bb<\/strong>. La finalidad es \u00abfomentar la participaci\u00f3n ciudadana desde los m\u00e1s chicos hasta los m\u00e1s grandes\u00bb.<\/p>\n\n\n\n<p>El programa plantea la realizaci\u00f3n de talleres, capacitaciones y encuentros participativos en las instituciones educativas de la ciudad. El objetivo es <strong>mostrar la actividad legislativa, explicar las funciones, atribuciones y deberes de los concejales, e involucrar a los j\u00f3venes<\/strong> en la toma de decisiones sobre proyectos de inter\u00e9s para ellos.<\/p>\n\n\n\n<p><strong>\u00abLo que apunta este programa es justamente que desde la juventud se empiecen a involucrar en el funcionamiento del gobierno de la ciudad\u00bb<\/strong>, afirm\u00f3 Gramigna. <strong>\u00abCreemos que desde este humilde lugar, desde el Concejo, podemos aportar mucho a mejorar la calidad democr\u00e1tica y a fomentar la participaci\u00f3n pol\u00edtica\u00bb.<\/strong><\/p>\n\n\n\n<p>El concejal aclar\u00f3 que esta iniciativa es un complemento del ya existente \u00abConcejo Joven\u00bb. <strong>\u00abEl Concejo Joven es que vienen los chicos al Concejo, nosotros lo que pretendemos es llevar el Concejo a las escuelas. No para sesionar, sino para que se pueda charlar, consultar a los concejales, hacer entrevistas y talleres. Ser\u00eda una muy linda herramienta para familiarizar a toda la sociedad con la funci\u00f3n tan importante y con tanta responsabilidad que se hace aqu\u00ed adentro\u00bb,<\/strong> concluy\u00f3.<\/p>\n\n\n\n<p><\/p>\n","protected":false},"excerpt":{"rendered":"<p>En la sesi\u00f3n ordinaria del Concejo Municipal del pasado martes, el concejal Emiliano Gramigna, en representaci\u00f3n del bloque Renovaci\u00f3n por Armstrong, present\u00f3 dos importantes iniciativas: un pedido de informe sobre el estado de las veredas de la Plaza San Mart\u00edn y un proyecto de ordenanza para crear el programa \u00abEl Concejo va a tu Escuela\u00bb <a href=\"https:\/\/armstrongyregion.com.ar\/diario\/renovacion-por-armstrong-impulsa-la-refaccion-de-baldosas-en-plaza-san-martin-y-un-programa-educativo-para-escuelas\/\" title=\"Read more\" >&#8230;<\/a><\/p>\n","protected":false},"author":1,"featured_media":46944,"comment_status":"open","ping_status":"open","sticky":false,"template":"","format":"image","meta":{"_jetpack_memberships_contains_paid_content":false,"footnotes":"","jetpack_publicize_message":"","jetpack_publicize_feature_enabled":true,"jetpack_social_post_already_shared":true,"jetpack_social_options":{"image_generator_settings":{"template":"highway","default_image_id":0,"enabled":false},"version":2}},"categories":[8,1,2,7,3],"tags":[12085,5030,8964,12086,12087,12084,9298],"class_list":["post-47312","post","type-post","status-publish","format-image","has-post-thumbnail","hentry","category-deliberando","category-diario-armstrong","category-locales","category-politica","category-region","tag-baldoas","tag-diario-armstrong","tag-escuelas-2","tag-plaa-san-martin","tag-programa-educativo","tag-refaccion","tag-renovacion-por-armstrong","post_format-post-format-image"],"jetpack_publicize_connections":[],"jetpack_featured_media_url":"https:\/\/armstrongyregion.com.ar\/diario\/wp-content\/uploads\/2025\/08\/EMILIANO-GRAMIGNA-8-25.jpg","jetpack_shortlink":"https:\/\/wp.me\/p62QDO-cj6","jetpack_sharing_enabled":true,"amp_enabled":true,"_links":{"self":[{"href":"https:\/\/armstrongyregion.com.ar\/diario\/wp-json\/wp\/v2\/posts\/47312","targetHints":{"allow":["GET"]}}],"collection":[{"href":"https:\/\/armstrongyregion.com.ar\/diario\/wp-json\/wp\/v2\/posts"}],"about":[{"href":"https:\/\/armstrongyregion.com.ar\/diario\/wp-json\/wp\/v2\/types\/post"}],"author":[{"embeddable":true,"href":"https:\/\/armstrongyregion.com.ar\/diario\/wp-json\/wp\/v2\/users\/1"}],"replies":[{"embeddable":true,"href":"https:\/\/armstrongyregion.com.ar\/diario\/wp-json\/wp\/v2\/comments?post=47312"}],"version-history":[{"count":1,"href":"https:\/\/armstrongyregion.com.ar\/diario\/wp-json\/wp\/v2\/posts\/47312\/revisions"}],"predecessor-version":[{"id":47313,"href":"https:\/\/armstrongyregion.com.ar\/diario\/wp-json\/wp\/v2\/posts\/47312\/revisions\/47313"}],"wp:featuredmedia":[{"embeddable":true,"href":"https:\/\/armstrongyregion.com.ar\/diario\/wp-json\/wp\/v2\/media\/46944"}],"wp:attachment":[{"href":"https:\/\/armstrongyregion.com.ar\/diario\/wp-json\/wp\/v2\/media?parent=47312"}],"wp:term":[{"taxonomy":"category","embeddable":true,"href":"https:\/\/armstrongyregion.com.ar\/diario\/wp-json\/wp\/v2\/categories?post=47312"},{"taxonomy":"post_tag","embeddable":true,"href":"https:\/\/armstrongyregion.com.ar\/diario\/wp-json\/wp\/v2\/tags?post=47312"}],"curies":[{"name":"wp","href":"https:\/\/api.w.org\/{rel}","templated":true}]}}