{"id":47305,"date":"2025-10-08T13:09:36","date_gmt":"2025-10-08T13:09:36","guid":{"rendered":"https:\/\/armstrongyregion.com.ar\/diario\/?p=47305"},"modified":"2025-10-08T13:09:38","modified_gmt":"2025-10-08T13:09:38","slug":"muestra-de-warmi-en-el-mhm","status":"publish","type":"post","link":"https:\/\/armstrongyregion.com.ar\/diario\/muestra-de-warmi-en-el-mhm\/","title":{"rendered":"Muestra de Warmi en el MHM."},"content":{"rendered":"\n<figure class=\"wp-block-image size-full\"><img loading=\"lazy\" decoding=\"async\" width=\"320\" height=\"400\" src=\"https:\/\/armstrongyregion.com.ar\/diario\/wp-content\/uploads\/2025\/10\/warmi-.jpg\" alt=\"\" class=\"wp-image-47306\" srcset=\"https:\/\/armstrongyregion.com.ar\/diario\/wp-content\/uploads\/2025\/10\/warmi-.jpg 320w, https:\/\/armstrongyregion.com.ar\/diario\/wp-content\/uploads\/2025\/10\/warmi--240x300.jpg 240w\" sizes=\"auto, (max-width: 320px) 100vw, 320px\" \/><\/figure>\n\n\n\n<p>Municipalidad de Armstrong invita a la apertura de la muestra \u201cLatinoam\u00e9rica\u201d que se realizar\u00e1 el<br>jueves 9 de octubre a las 20 hs. en el Museo Hist\u00f3rico Municipal con motivo del 15\u00b0 aniversario del<br>grupo de danzas latinoamericanas Warmi dirigido por la Prof. Soledad G\u00f3mez.<br>Hasta el 31 de octubre el p\u00fablico tendr\u00e1 la posibilidad de apreciar de cerca parte de su vestuario,<br>fotograf\u00edas, y la propuesta en general que sus integrantes hacen como grupo de danzas.<br>Adem\u00e1s de lo que ser\u00e1 la exposici\u00f3n est\u00e1tica, en el momento de la apertura se podr\u00e1n compartir<br>sabores tradicionales de otros pa\u00edses latinoamericanos como Venezuela, M\u00e9xico y Colombia, con la<br>degustaci\u00f3n de algunos platos t\u00edpicos y bebidas, y se contar\u00e1 con la actuaci\u00f3n de la cantautora local<br>Eva Ardizone, con un repertorio de autores latinoamericanos.<br>Mediante la vestimenta, telas, bordados, la m\u00fasica, los colores y los sabores nos contar\u00e1n las<br>culturas de los distintos pa\u00edses que las \u201cWarmi\u201d representan en cada actuaci\u00f3n.<\/p>\n","protected":false},"excerpt":{"rendered":"<p>Municipalidad de Armstrong invita a la apertura de la muestra \u201cLatinoam\u00e9rica\u201d que se realizar\u00e1 eljueves 9 de octubre a las 20 hs. en el Museo Hist\u00f3rico Municipal con motivo del 15\u00b0 aniversario delgrupo de danzas latinoamericanas Warmi dirigido por la Prof. Soledad G\u00f3mez.Hasta el 31 de octubre el p\u00fablico tendr\u00e1 la posibilidad de apreciar de <a href=\"https:\/\/armstrongyregion.com.ar\/diario\/muestra-de-warmi-en-el-mhm\/\" title=\"Read more\" >&#8230;<\/a><\/p>\n","protected":false},"author":1,"featured_media":47306,"comment_status":"open","ping_status":"open","sticky":false,"template":"","format":"image","meta":{"_jetpack_memberships_contains_paid_content":false,"footnotes":"","jetpack_publicize_message":"","jetpack_publicize_feature_enabled":true,"jetpack_social_post_already_shared":true,"jetpack_social_options":{"image_generator_settings":{"template":"highway","default_image_id":0,"enabled":false},"version":2}},"categories":[6,8,1,2,7,3],"tags":[5030,10367,1358,9452],"class_list":["post-47305","post","type-post","status-publish","format-image","has-post-thumbnail","hentry","category-cultura-entretenimiento","category-deliberando","category-diario-armstrong","category-locales","category-politica","category-region","tag-diario-armstrong","tag-mhm-2","tag-muestra","tag-warmi","post_format-post-format-image"],"jetpack_publicize_connections":[],"jetpack_featured_media_url":"https:\/\/armstrongyregion.com.ar\/diario\/wp-content\/uploads\/2025\/10\/warmi-.jpg","jetpack_shortlink":"https:\/\/wp.me\/p62QDO-ciZ","jetpack_sharing_enabled":true,"amp_enabled":true,"_links":{"self":[{"href":"https:\/\/armstrongyregion.com.ar\/diario\/wp-json\/wp\/v2\/posts\/47305","targetHints":{"allow":["GET"]}}],"collection":[{"href":"https:\/\/armstrongyregion.com.ar\/diario\/wp-json\/wp\/v2\/posts"}],"about":[{"href":"https:\/\/armstrongyregion.com.ar\/diario\/wp-json\/wp\/v2\/types\/post"}],"author":[{"embeddable":true,"href":"https:\/\/armstrongyregion.com.ar\/diario\/wp-json\/wp\/v2\/users\/1"}],"replies":[{"embeddable":true,"href":"https:\/\/armstrongyregion.com.ar\/diario\/wp-json\/wp\/v2\/comments?post=47305"}],"version-history":[{"count":1,"href":"https:\/\/armstrongyregion.com.ar\/diario\/wp-json\/wp\/v2\/posts\/47305\/revisions"}],"predecessor-version":[{"id":47307,"href":"https:\/\/armstrongyregion.com.ar\/diario\/wp-json\/wp\/v2\/posts\/47305\/revisions\/47307"}],"wp:featuredmedia":[{"embeddable":true,"href":"https:\/\/armstrongyregion.com.ar\/diario\/wp-json\/wp\/v2\/media\/47306"}],"wp:attachment":[{"href":"https:\/\/armstrongyregion.com.ar\/diario\/wp-json\/wp\/v2\/media?parent=47305"}],"wp:term":[{"taxonomy":"category","embeddable":true,"href":"https:\/\/armstrongyregion.com.ar\/diario\/wp-json\/wp\/v2\/categories?post=47305"},{"taxonomy":"post_tag","embeddable":true,"href":"https:\/\/armstrongyregion.com.ar\/diario\/wp-json\/wp\/v2\/tags?post=47305"}],"curies":[{"name":"wp","href":"https:\/\/api.w.org\/{rel}","templated":true}]}}