{"id":47282,"date":"2025-10-03T16:07:03","date_gmt":"2025-10-03T16:07:03","guid":{"rendered":"https:\/\/armstrongyregion.com.ar\/diario\/?p=47282"},"modified":"2025-10-03T16:07:05","modified_gmt":"2025-10-03T16:07:05","slug":"armstrong-presente-en-un-encuentro-provincial","status":"publish","type":"post","link":"https:\/\/armstrongyregion.com.ar\/diario\/armstrong-presente-en-un-encuentro-provincial\/","title":{"rendered":"Armstrong presente en un encuentro provincial."},"content":{"rendered":"\n<figure class=\"wp-block-image size-full\"><img loading=\"lazy\" decoding=\"async\" width=\"640\" height=\"480\" src=\"https:\/\/armstrongyregion.com.ar\/diario\/wp-content\/uploads\/2025\/10\/economia-1-.jpg\" alt=\"\" class=\"wp-image-47283\" srcset=\"https:\/\/armstrongyregion.com.ar\/diario\/wp-content\/uploads\/2025\/10\/economia-1-.jpg 640w, https:\/\/armstrongyregion.com.ar\/diario\/wp-content\/uploads\/2025\/10\/economia-1--300x225.jpg 300w\" sizes=\"auto, (max-width: 640px) 100vw, 640px\" \/><\/figure>\n\n\n\n<p>El martes 30 de septiembre se realiz\u00f3 el Primer Encuentro Provincial de Actores de la Econom\u00eda<br>Social, organizado por el Gobierno de la Provincia. La propuesta se desarroll\u00f3 en la ciudad capital y<br>cont\u00f3 con la participaci\u00f3n de m\u00e1s de 300 emprendedores de 153 localidades, entre ellas, Armstrong.<br>Representando a nuestra comunidad asistieron la secretaria de Desarrollo Productivo CPN Julieta<br>Lambertucci, la promotora de emprendedores del Banco Solidario Florencia Bordigotti, y las<br>emprendedoras Malvina Sisnero con productos de panificaci\u00f3n, y Claudia G\u00f3mez con tejidos a<br>crochet.<\/p>\n\n\n\n<figure class=\"wp-block-image size-large\"><img loading=\"lazy\" decoding=\"async\" width=\"640\" height=\"427\" src=\"https:\/\/armstrongyregion.com.ar\/diario\/wp-content\/uploads\/2025\/10\/economia-3--640x427.jpg\" alt=\"\" class=\"wp-image-47284\" srcset=\"https:\/\/armstrongyregion.com.ar\/diario\/wp-content\/uploads\/2025\/10\/economia-3--640x427.jpg 640w, https:\/\/armstrongyregion.com.ar\/diario\/wp-content\/uploads\/2025\/10\/economia-3--300x200.jpg 300w, https:\/\/armstrongyregion.com.ar\/diario\/wp-content\/uploads\/2025\/10\/economia-3--768x513.jpg 768w, https:\/\/armstrongyregion.com.ar\/diario\/wp-content\/uploads\/2025\/10\/economia-3-.jpg 800w\" sizes=\"auto, (max-width: 640px) 100vw, 640px\" \/><\/figure>\n\n\n\n<p><br>Todos los asistentes a este encuentro forman parte del programa Banco Solidario.<br>Fue una jornada de trabajo y capacitaci\u00f3n en la que estuvo presente la ministra de Igualdad y<br>Desarrollo Humano, Victoria Tejeda, quien remarc\u00f3 que \u201cno existe en otro lugar una l\u00ednea de cr\u00e9dito<br>para que puedas o ampliar tu producci\u00f3n o comprar una herramienta o comprar materia prima y<br>que puedas hacer la diferencia y adem\u00e1s devolverlo en hasta 12 cuotas o las cuotas que crean<br>necesario para poder cumplir; nosotros hacemos los convenios con los gobiernos locales y los<br>gobiernos locales articulan con cada uno de sus emprendedores\u201d.<\/p>\n\n\n\n<figure class=\"wp-block-image size-large\"><img loading=\"lazy\" decoding=\"async\" width=\"640\" height=\"427\" src=\"https:\/\/armstrongyregion.com.ar\/diario\/wp-content\/uploads\/2025\/10\/economia-2--640x427.jpg\" alt=\"\" class=\"wp-image-47285\" srcset=\"https:\/\/armstrongyregion.com.ar\/diario\/wp-content\/uploads\/2025\/10\/economia-2--640x427.jpg 640w, https:\/\/armstrongyregion.com.ar\/diario\/wp-content\/uploads\/2025\/10\/economia-2--300x200.jpg 300w, https:\/\/armstrongyregion.com.ar\/diario\/wp-content\/uploads\/2025\/10\/economia-2--768x513.jpg 768w, https:\/\/armstrongyregion.com.ar\/diario\/wp-content\/uploads\/2025\/10\/economia-2-.jpg 800w\" sizes=\"auto, (max-width: 640px) 100vw, 640px\" \/><\/figure>\n\n\n\n<p><br>\u201cHoy tenemos un 85 % de devoluci\u00f3n de los cr\u00e9ditos otorgados, y eso pasa porque el emprendedor<br>sabe que le toca a otro emprendedor, con el que comparte la feria, con el que decide compartir el<br>viaje en un auto para poder ahorrar en combustible\u201d, subray\u00f3 la ministra.<br>Se trata del impulso del Gobierno Provincial con subsidios no reintegrables a municipios, comunas y<br>asociaciones civiles, que permite la asistencia financiera a emprendedores sociales con proyectos<br>productivos individuales o asociativos.\u00a0<br>Con esta iniciativa se generaron, en distintas localidades del territorio santafesino, mayores<br>oportunidades de trabajo, as\u00ed como tambi\u00e9n la concreci\u00f3n de nuevos proyectos con el<br>acompa\u00f1amiento del Estado para aquellos que no pueden acceder a la banca formal.<\/p>\n","protected":false},"excerpt":{"rendered":"<p>El martes 30 de septiembre se realiz\u00f3 el Primer Encuentro Provincial de Actores de la Econom\u00edaSocial, organizado por el Gobierno de la Provincia. La propuesta se desarroll\u00f3 en la ciudad capital ycont\u00f3 con la participaci\u00f3n de m\u00e1s de 300 emprendedores de 153 localidades, entre ellas, Armstrong.Representando a nuestra comunidad asistieron la secretaria de Desarrollo Productivo <a href=\"https:\/\/armstrongyregion.com.ar\/diario\/armstrong-presente-en-un-encuentro-provincial\/\" title=\"Read more\" >&#8230;<\/a><\/p>\n","protected":false},"author":1,"featured_media":47284,"comment_status":"open","ping_status":"open","sticky":false,"template":"","format":"image","meta":{"_jetpack_memberships_contains_paid_content":false,"footnotes":"","jetpack_publicize_message":"","jetpack_publicize_feature_enabled":true,"jetpack_social_post_already_shared":true,"jetpack_social_options":{"image_generator_settings":{"template":"highway","default_image_id":0,"enabled":false},"version":2}},"categories":[8,1,2,7,3],"tags":[20,5030,63,556,928],"class_list":["post-47282","post","type-post","status-publish","format-image","has-post-thumbnail","hentry","category-deliberando","category-diario-armstrong","category-locales","category-politica","category-region","tag-armstrong","tag-diario-armstrong","tag-encuentro","tag-presente","tag-provincial","post_format-post-format-image"],"jetpack_publicize_connections":[],"jetpack_featured_media_url":"https:\/\/armstrongyregion.com.ar\/diario\/wp-content\/uploads\/2025\/10\/economia-3-.jpg","jetpack_shortlink":"https:\/\/wp.me\/p62QDO-ciC","jetpack_sharing_enabled":true,"amp_enabled":true,"_links":{"self":[{"href":"https:\/\/armstrongyregion.com.ar\/diario\/wp-json\/wp\/v2\/posts\/47282","targetHints":{"allow":["GET"]}}],"collection":[{"href":"https:\/\/armstrongyregion.com.ar\/diario\/wp-json\/wp\/v2\/posts"}],"about":[{"href":"https:\/\/armstrongyregion.com.ar\/diario\/wp-json\/wp\/v2\/types\/post"}],"author":[{"embeddable":true,"href":"https:\/\/armstrongyregion.com.ar\/diario\/wp-json\/wp\/v2\/users\/1"}],"replies":[{"embeddable":true,"href":"https:\/\/armstrongyregion.com.ar\/diario\/wp-json\/wp\/v2\/comments?post=47282"}],"version-history":[{"count":1,"href":"https:\/\/armstrongyregion.com.ar\/diario\/wp-json\/wp\/v2\/posts\/47282\/revisions"}],"predecessor-version":[{"id":47286,"href":"https:\/\/armstrongyregion.com.ar\/diario\/wp-json\/wp\/v2\/posts\/47282\/revisions\/47286"}],"wp:featuredmedia":[{"embeddable":true,"href":"https:\/\/armstrongyregion.com.ar\/diario\/wp-json\/wp\/v2\/media\/47284"}],"wp:attachment":[{"href":"https:\/\/armstrongyregion.com.ar\/diario\/wp-json\/wp\/v2\/media?parent=47282"}],"wp:term":[{"taxonomy":"category","embeddable":true,"href":"https:\/\/armstrongyregion.com.ar\/diario\/wp-json\/wp\/v2\/categories?post=47282"},{"taxonomy":"post_tag","embeddable":true,"href":"https:\/\/armstrongyregion.com.ar\/diario\/wp-json\/wp\/v2\/tags?post=47282"}],"curies":[{"name":"wp","href":"https:\/\/api.w.org\/{rel}","templated":true}]}}