{"id":47275,"date":"2025-10-03T16:01:33","date_gmt":"2025-10-03T16:01:33","guid":{"rendered":"https:\/\/armstrongyregion.com.ar\/diario\/?p=47275"},"modified":"2025-10-03T16:01:35","modified_gmt":"2025-10-03T16:01:35","slug":"una-visita-muy-especial-en-taarombi","status":"publish","type":"post","link":"https:\/\/armstrongyregion.com.ar\/diario\/una-visita-muy-especial-en-taarombi\/","title":{"rendered":"Una visita muy especial en Ta\u00b4arombi."},"content":{"rendered":"\n<figure class=\"wp-block-image size-large\"><img loading=\"lazy\" decoding=\"async\" width=\"640\" height=\"427\" src=\"https:\/\/armstrongyregion.com.ar\/diario\/wp-content\/uploads\/2025\/10\/tarombi-cocineritos-1--640x427.jpg\" alt=\"\" class=\"wp-image-47276\" srcset=\"https:\/\/armstrongyregion.com.ar\/diario\/wp-content\/uploads\/2025\/10\/tarombi-cocineritos-1--640x427.jpg 640w, https:\/\/armstrongyregion.com.ar\/diario\/wp-content\/uploads\/2025\/10\/tarombi-cocineritos-1--300x200.jpg 300w, https:\/\/armstrongyregion.com.ar\/diario\/wp-content\/uploads\/2025\/10\/tarombi-cocineritos-1-.jpg 702w\" sizes=\"auto, (max-width: 640px) 100vw, 640px\" \/><\/figure>\n\n\n\n<p>Cada 1 de octubre se conmemora el D\u00eda Internacional del Adulto Mayor y \u00e9ste fue uno de los<br>motivos por los que los ni\u00f1os de Minimundo visitaron a los abuelos de Residencia Ta\u00b4arombi, a cargo<br>de la Sra. Anal\u00eda Areco.<\/p>\n\n\n\n<figure class=\"wp-block-image size-large\"><img loading=\"lazy\" decoding=\"async\" width=\"640\" height=\"427\" src=\"https:\/\/armstrongyregion.com.ar\/diario\/wp-content\/uploads\/2025\/10\/tarombi-cocineritos-2--640x427.jpg\" alt=\"\" class=\"wp-image-47277\" srcset=\"https:\/\/armstrongyregion.com.ar\/diario\/wp-content\/uploads\/2025\/10\/tarombi-cocineritos-2--640x427.jpg 640w, https:\/\/armstrongyregion.com.ar\/diario\/wp-content\/uploads\/2025\/10\/tarombi-cocineritos-2--300x200.jpg 300w, https:\/\/armstrongyregion.com.ar\/diario\/wp-content\/uploads\/2025\/10\/tarombi-cocineritos-2-.jpg 738w\" sizes=\"auto, (max-width: 640px) 100vw, 640px\" \/><\/figure>\n\n\n\n<p><br>Peque\u00f1os y abuelos compartieron un momento en el que se destac\u00f3 el entusiasmo de todos y, entre<br>charla y charla, vivieron la experiencia de preparar juntos una rica ensalada de frutas.<br>Quienes asisten diariamente a Minimundo participan quincenalmente de un taller a cargo de la<br>Nutricionista Lucrecia Pazzelli denominado \u201cCocineritos\u201d que apunta al aprendizaje de la<br>manipulaci\u00f3n de los alimentos, el cuidado, la estimulaci\u00f3n de la motricidad fina, entre otros.<br>La Directora de Promoci\u00f3n Comunitaria de la Municipalidad de Armstrong Graciela Pereyra cont\u00f3<br>que el objetivo es realizar estas visitas de manera peri\u00f3dica y hacer distintas actividades,<br>promoviendo la integraci\u00f3n entre ambos grupos etarios y, al mismo tiempo agradeci\u00f3 la buena<br>predisposici\u00f3n de la responsable del lugar, as\u00ed como la de los abuelos.<br>Ta\u00b4arombi, en idioma guaran\u00ed significa \u201cesperanza\u201d y estos encuentros, sin dudas, fomentan la<br>esperanza al crear un puente intergeneracional que nutre el esp\u00edritu de ambos.<\/p>\n","protected":false},"excerpt":{"rendered":"<p>Cada 1 de octubre se conmemora el D\u00eda Internacional del Adulto Mayor y \u00e9ste fue uno de losmotivos por los que los ni\u00f1os de Minimundo visitaron a los abuelos de Residencia Ta\u00b4arombi, a cargode la Sra. Anal\u00eda Areco. Peque\u00f1os y abuelos compartieron un momento en el que se destac\u00f3 el entusiasmo de todos y, entrecharla <a href=\"https:\/\/armstrongyregion.com.ar\/diario\/una-visita-muy-especial-en-taarombi\/\" title=\"Read more\" >&#8230;<\/a><\/p>\n","protected":false},"author":1,"featured_media":47276,"comment_status":"open","ping_status":"open","sticky":false,"template":"","format":"image","meta":{"_jetpack_memberships_contains_paid_content":false,"footnotes":"","jetpack_publicize_message":"","jetpack_publicize_feature_enabled":true,"jetpack_social_post_already_shared":true,"jetpack_social_options":{"image_generator_settings":{"template":"highway","default_image_id":0,"enabled":false},"version":2}},"categories":[8,1,2,7,3],"tags":[4308,10054,5030,10837,12077],"class_list":["post-47275","post","type-post","status-publish","format-image","has-post-thumbnail","hentry","category-deliberando","category-diario-armstrong","category-locales","category-politica","category-region","tag-abuelos","tag-cocineritos","tag-diario-armstrong","tag-minumundo","tag-taarombi","post_format-post-format-image"],"jetpack_publicize_connections":[],"jetpack_featured_media_url":"https:\/\/armstrongyregion.com.ar\/diario\/wp-content\/uploads\/2025\/10\/tarombi-cocineritos-1-.jpg","jetpack_shortlink":"https:\/\/wp.me\/p62QDO-civ","jetpack_sharing_enabled":true,"amp_enabled":true,"_links":{"self":[{"href":"https:\/\/armstrongyregion.com.ar\/diario\/wp-json\/wp\/v2\/posts\/47275","targetHints":{"allow":["GET"]}}],"collection":[{"href":"https:\/\/armstrongyregion.com.ar\/diario\/wp-json\/wp\/v2\/posts"}],"about":[{"href":"https:\/\/armstrongyregion.com.ar\/diario\/wp-json\/wp\/v2\/types\/post"}],"author":[{"embeddable":true,"href":"https:\/\/armstrongyregion.com.ar\/diario\/wp-json\/wp\/v2\/users\/1"}],"replies":[{"embeddable":true,"href":"https:\/\/armstrongyregion.com.ar\/diario\/wp-json\/wp\/v2\/comments?post=47275"}],"version-history":[{"count":1,"href":"https:\/\/armstrongyregion.com.ar\/diario\/wp-json\/wp\/v2\/posts\/47275\/revisions"}],"predecessor-version":[{"id":47278,"href":"https:\/\/armstrongyregion.com.ar\/diario\/wp-json\/wp\/v2\/posts\/47275\/revisions\/47278"}],"wp:featuredmedia":[{"embeddable":true,"href":"https:\/\/armstrongyregion.com.ar\/diario\/wp-json\/wp\/v2\/media\/47276"}],"wp:attachment":[{"href":"https:\/\/armstrongyregion.com.ar\/diario\/wp-json\/wp\/v2\/media?parent=47275"}],"wp:term":[{"taxonomy":"category","embeddable":true,"href":"https:\/\/armstrongyregion.com.ar\/diario\/wp-json\/wp\/v2\/categories?post=47275"},{"taxonomy":"post_tag","embeddable":true,"href":"https:\/\/armstrongyregion.com.ar\/diario\/wp-json\/wp\/v2\/tags?post=47275"}],"curies":[{"name":"wp","href":"https:\/\/api.w.org\/{rel}","templated":true}]}}