{"id":47263,"date":"2025-10-02T01:04:18","date_gmt":"2025-10-02T01:04:18","guid":{"rendered":"https:\/\/armstrongyregion.com.ar\/diario\/?p=47263"},"modified":"2025-10-02T01:04:20","modified_gmt":"2025-10-02T01:04:20","slug":"provincia-informa-nuevas-frecuencias-de-transporte-interurbano-entre-rosario-montes-de-oca-y-las-rosas","status":"publish","type":"post","link":"https:\/\/armstrongyregion.com.ar\/diario\/provincia-informa-nuevas-frecuencias-de-transporte-interurbano-entre-rosario-montes-de-oca-y-las-rosas\/","title":{"rendered":"Provincia informa nuevas frecuencias de transporte interurbano entre Rosario, Montes de Oca y Las Rosas."},"content":{"rendered":"\n<figure class=\"wp-block-image size-full\"><img loading=\"lazy\" decoding=\"async\" width=\"480\" height=\"270\" src=\"https:\/\/armstrongyregion.com.ar\/diario\/wp-content\/uploads\/2025\/10\/SANTA-FE-.png\" alt=\"\" class=\"wp-image-47264\" srcset=\"https:\/\/armstrongyregion.com.ar\/diario\/wp-content\/uploads\/2025\/10\/SANTA-FE-.png 480w, https:\/\/armstrongyregion.com.ar\/diario\/wp-content\/uploads\/2025\/10\/SANTA-FE--300x169.png 300w\" sizes=\"auto, (max-width: 480px) 100vw, 480px\" \/><\/figure>\n\n\n\n<h2 class=\"wp-block-heading\">Estar\u00e1n operativas desde ma\u00f1ana. Las empresas Transur y G\u00fcemes ser\u00e1n las que reemplazan a UTE 33\/9 en los servicios interurbanos. Tambi\u00e9n, Se incorpora una nueva conexi\u00f3n directa entre Montes de Oca y Las Rosas.<\/h2>\n\n\n\n<p>El Gobierno de la Provincia de Santa Fe informa que a partir de este jueves 2 de octubre se implementar\u00e1n modificaciones en los servicios de transporte p\u00fablico interurbano que conecta Rosario con las localidades de Montes de Oca y Las Rosas. La medida incluye el reemplazo de la empresa UTE 33\/9 por nuevas prestatarias, la reconfiguraci\u00f3n de horarios y la incorporaci\u00f3n de una nueva conexi\u00f3n directa entre Montes de Oca y Las Rosas, hasta ahora inexistente.<\/p>\n\n\n\n<p>Las rutas ser\u00e1n operadas por las empresas Transur y G\u00fcemes. Transur cubrir\u00e1 el tramo Rosario\u2013Montes de Oca, con salidas desde Rosario a las 18 y regresos, desde Montes de Oca, a las 5 de la ma\u00f1ana. Por su parte, G\u00fcemes prestar\u00e1 servicio en la ruta Rosario\u2013Las Rosas, con salida desde Rosario a las 05:50 y regreso desde Las Rosas a las 11:35. La nueva vinculaci\u00f3n entre Montes de Oca y Las Rosas comenzar\u00e1 a operar en los mismos horarios.<\/p>\n\n\n\n<p><strong>Una pol\u00edtica de modernizaci\u00f3n log\u00edstica y territorial<\/strong><\/p>\n\n\n\n<p>La medida se enmarca en la pol\u00edtica de modernizaci\u00f3n log\u00edstica y territorial que impulsa el Gobierno de Santa Fe, a trav\u00e9s de la Secretar\u00eda de Transporte y Log\u00edstica del Ministerio de Desarrollo Productivo, con el objetivo de garantizar servicios eficientes y representativos en toda la provincia.<\/p>\n\n\n\n<p>Ante esto, la titular de Transporte y Log\u00edstica, M\u00f3nica Alvarado, se\u00f1al\u00f3 que \u201cdesde el Gobierno de Santa Fe continuamos trabajando en la planificaci\u00f3n estrat\u00e9gica del sistema de movilidad, articulando con municipios, comunas y empresas para asegurar servicios que respondan a las necesidades de la ciudadan\u00eda\u201d.<\/p>\n\n\n\n<p><strong>Boleto Educativo: continuidad del beneficio<\/strong><\/p>\n\n\n\n<p>Las nuevas empresas no cuentan con sistema SUBE. Por este motivo, durante los pr\u00f3ximos tres d\u00edas se podr\u00e1 seguir utilizando el Boleto Educativo como hasta ahora. Luego, se implementar\u00e1 un nuevo sistema de validaci\u00f3n mediante C\u00f3digo QR.<\/p>\n\n\n\n<p><\/p>\n","protected":false},"excerpt":{"rendered":"<p>Estar\u00e1n operativas desde ma\u00f1ana. Las empresas Transur y G\u00fcemes ser\u00e1n las que reemplazan a UTE 33\/9 en los servicios interurbanos. Tambi\u00e9n, Se incorpora una nueva conexi\u00f3n directa entre Montes de Oca y Las Rosas. El Gobierno de la Provincia de Santa Fe informa que a partir de este jueves 2 de octubre se implementar\u00e1n modificaciones <a href=\"https:\/\/armstrongyregion.com.ar\/diario\/provincia-informa-nuevas-frecuencias-de-transporte-interurbano-entre-rosario-montes-de-oca-y-las-rosas\/\" title=\"Read more\" >&#8230;<\/a><\/p>\n","protected":false},"author":1,"featured_media":47264,"comment_status":"open","ping_status":"open","sticky":false,"template":"","format":"image","meta":{"_jetpack_memberships_contains_paid_content":false,"footnotes":"","jetpack_publicize_message":"","jetpack_publicize_feature_enabled":true,"jetpack_social_post_already_shared":true,"jetpack_social_options":{"image_generator_settings":{"template":"highway","default_image_id":0,"enabled":false},"version":2}},"categories":[8,1,2,7,3],"tags":[11375,2567,8883,9216,350,8640,8588,1090],"class_list":["post-47263","post","type-post","status-publish","format-image","has-post-thumbnail","hentry","category-deliberando","category-diario-armstrong","category-locales","category-politica","category-region","tag-frecuencias","tag-informa","tag-las-rosas-2","tag-montes-de-oca","tag-nuevas","tag-provincia-2","tag-rosario-2","tag-transporte","post_format-post-format-image"],"jetpack_publicize_connections":[],"jetpack_featured_media_url":"https:\/\/armstrongyregion.com.ar\/diario\/wp-content\/uploads\/2025\/10\/SANTA-FE-.png","jetpack_shortlink":"https:\/\/wp.me\/p62QDO-cij","jetpack_sharing_enabled":true,"amp_enabled":true,"_links":{"self":[{"href":"https:\/\/armstrongyregion.com.ar\/diario\/wp-json\/wp\/v2\/posts\/47263","targetHints":{"allow":["GET"]}}],"collection":[{"href":"https:\/\/armstrongyregion.com.ar\/diario\/wp-json\/wp\/v2\/posts"}],"about":[{"href":"https:\/\/armstrongyregion.com.ar\/diario\/wp-json\/wp\/v2\/types\/post"}],"author":[{"embeddable":true,"href":"https:\/\/armstrongyregion.com.ar\/diario\/wp-json\/wp\/v2\/users\/1"}],"replies":[{"embeddable":true,"href":"https:\/\/armstrongyregion.com.ar\/diario\/wp-json\/wp\/v2\/comments?post=47263"}],"version-history":[{"count":1,"href":"https:\/\/armstrongyregion.com.ar\/diario\/wp-json\/wp\/v2\/posts\/47263\/revisions"}],"predecessor-version":[{"id":47265,"href":"https:\/\/armstrongyregion.com.ar\/diario\/wp-json\/wp\/v2\/posts\/47263\/revisions\/47265"}],"wp:featuredmedia":[{"embeddable":true,"href":"https:\/\/armstrongyregion.com.ar\/diario\/wp-json\/wp\/v2\/media\/47264"}],"wp:attachment":[{"href":"https:\/\/armstrongyregion.com.ar\/diario\/wp-json\/wp\/v2\/media?parent=47263"}],"wp:term":[{"taxonomy":"category","embeddable":true,"href":"https:\/\/armstrongyregion.com.ar\/diario\/wp-json\/wp\/v2\/categories?post=47263"},{"taxonomy":"post_tag","embeddable":true,"href":"https:\/\/armstrongyregion.com.ar\/diario\/wp-json\/wp\/v2\/tags?post=47263"}],"curies":[{"name":"wp","href":"https:\/\/api.w.org\/{rel}","templated":true}]}}