{"id":47254,"date":"2025-10-01T12:33:49","date_gmt":"2025-10-01T12:33:49","guid":{"rendered":"https:\/\/armstrongyregion.com.ar\/diario\/?p=47254"},"modified":"2025-10-01T13:51:24","modified_gmt":"2025-10-01T13:51:24","slug":"uniendo-fuerzas-por-el-futuro-armstrong-presento-su-primera-gran-muestra-de-oferta-academica","status":"publish","type":"post","link":"https:\/\/armstrongyregion.com.ar\/diario\/uniendo-fuerzas-por-el-futuro-armstrong-presento-su-primera-gran-muestra-de-oferta-academica\/","title":{"rendered":"Uniendo Fuerzas por el Futuro: Armstrong Present\u00f3 su Primera Gran Muestra de Oferta Acad\u00e9mica."},"content":{"rendered":"\n<figure class=\"wp-block-image size-large\"><img loading=\"lazy\" decoding=\"async\" width=\"536\" height=\"480\" src=\"https:\/\/armstrongyregion.com.ar\/diario\/wp-content\/uploads\/2025\/10\/oferta-academica-1--536x480.jpg\" alt=\"\" class=\"wp-image-47255\" srcset=\"https:\/\/armstrongyregion.com.ar\/diario\/wp-content\/uploads\/2025\/10\/oferta-academica-1--536x480.jpg 536w, https:\/\/armstrongyregion.com.ar\/diario\/wp-content\/uploads\/2025\/10\/oferta-academica-1--300x269.jpg 300w, https:\/\/armstrongyregion.com.ar\/diario\/wp-content\/uploads\/2025\/10\/oferta-academica-1--768x688.jpg 768w, https:\/\/armstrongyregion.com.ar\/diario\/wp-content\/uploads\/2025\/10\/oferta-academica-1-.jpg 919w\" sizes=\"auto, (max-width: 536px) 100vw, 536px\" \/><\/figure>\n\n\n\n<h2 class=\"wp-block-heading\">El nivel Superior de Comercio N\u00b0 51 y el Terciario de la Escuela N\u00b0 33 se unieron en una jornada hist\u00f3rica para mostrar que el futuro profesional de los j\u00f3venes puede construirse en la ciudad. Tambi\u00e9n participaron la Fundaci\u00f3n Nazareno Crucianelli y la UTN.<\/h2>\n\n\n\n<figure class=\"wp-block-image size-large\"><img loading=\"lazy\" decoding=\"async\" width=\"413\" height=\"480\" src=\"https:\/\/armstrongyregion.com.ar\/diario\/wp-content\/uploads\/2025\/10\/oferta-educativa-2--413x480.jpg\" alt=\"\" class=\"wp-image-47256\" srcset=\"https:\/\/armstrongyregion.com.ar\/diario\/wp-content\/uploads\/2025\/10\/oferta-educativa-2--413x480.jpg 413w, https:\/\/armstrongyregion.com.ar\/diario\/wp-content\/uploads\/2025\/10\/oferta-educativa-2--258x300.jpg 258w, https:\/\/armstrongyregion.com.ar\/diario\/wp-content\/uploads\/2025\/10\/oferta-educativa-2-.jpg 540w\" sizes=\"auto, (max-width: 413px) 100vw, 413px\" \/><\/figure>\n\n\n\n<p>En una ma\u00f1ana cargada de futuro y oportunidades, la ciudad de Armstrong vivi\u00f3 un evento sin precedentes. Las instalaciones de P\u00edo Chiodi 788, hogar compartido por el nivel Superior de la Escuela de Comercio N\u00b0 51 \u00abManuel Belgrano\u00bb y el Nivel Terciario de la Escuela N\u00b0 33 \u00abDr. Mariano Moreno\u00bb, se transformaron en un faro de conocimiento con la celebraci\u00f3n de la primera <strong>\u00abMuestra de Oferta Acad\u00e9mica en Armstrong\u00bb<\/strong>.<\/p>\n\n\n\n<figure class=\"wp-block-image size-large\"><img loading=\"lazy\" decoding=\"async\" width=\"399\" height=\"480\" src=\"https:\/\/armstrongyregion.com.ar\/diario\/wp-content\/uploads\/2025\/10\/oferta-educativa-3--399x480.jpg\" alt=\"\" class=\"wp-image-47257\" srcset=\"https:\/\/armstrongyregion.com.ar\/diario\/wp-content\/uploads\/2025\/10\/oferta-educativa-3--399x480.jpg 399w, https:\/\/armstrongyregion.com.ar\/diario\/wp-content\/uploads\/2025\/10\/oferta-educativa-3--250x300.jpg 250w, https:\/\/armstrongyregion.com.ar\/diario\/wp-content\/uploads\/2025\/10\/oferta-educativa-3-.jpg 421w\" sizes=\"auto, (max-width: 399px) 100vw, 399px\" \/><\/figure>\n\n\n\n<p>La iniciativa, impulsada de manera conjunta por ambas instituciones, naci\u00f3 con el objetivo de presentar a los estudiantes de cuarto y quinto a\u00f1o de toda la regi\u00f3n un abanico de posibilidades educativas de nivel superior, p\u00fablicas, gratuitas y de alta calidad, sin necesidad de emigrar a las grandes urbes.<\/p>\n\n\n\n<p>Carina Mengo, una de las organizadoras por parte de la Escuela N\u00b0 33, comparti\u00f3 con emoci\u00f3n el prop\u00f3sito del encuentro: <strong>\u201cEsta muestra tiene como objetivo convocar a todas las instituciones de nivel superior de la ciudad para proponerles a nuestros y nuestras j\u00f3venes que conozcan la oferta educativa que se realiza aqu\u00ed. Es una oferta muy rica, muy diversificada, y al mismo tiempo permite pensar caminos posibles para las juventudes armstronenses\u201d.<\/strong><\/p>\n\n\n\n<p>Este esp\u00edritu colaborativo fue el pilar del evento. <strong>\u201cFuimos las dos escuelas en conjunto, trabajando mancomunadamente, porque hemos pensado que esta es la mejor manera de mostrar a Armstrong, no solo como un polo de producci\u00f3n industrial, sino tambi\u00e9n como un polo de producci\u00f3n cultural\u201d, destac\u00f3 Mengo, mientras los stands bull\u00edan de consultas y entusiasmo.<\/strong><\/p>\n\n\n\n<p>La jornada no solo reuni\u00f3 a las dos instituciones anfitrionas, sino que tambi\u00e9n cont\u00f3 con la valiosa participaci\u00f3n de la <strong>Fundaci\u00f3n Nazareno Crucianelli<\/strong> y la <strong>Universidad Tecnol\u00f3gica Nacional (UTN)<\/strong>, enriqueciendo a\u00fan m\u00e1s el espectro de opciones para los futuros profesionales.<\/p>\n\n\n\n<p>Fernanda De Benedetti, referente de la Escuela N\u00b0 51, subray\u00f3 la relevancia de la muestra. <strong>\u201cSurgi\u00f3 una iniciativa con el superior de la escuela 33, de poder mostrar en la localidad toda la oferta acad\u00e9mica que existe en Armstrong. A veces no se conoce bien qu\u00e9 es lo que podemos ofrecer, y son propuestas muy enriquecedoras, con salida laboral\u201d<\/strong>, afirm\u00f3. <strong>\u201cMuchos de nuestros estudiantes, ya sea en escuelas, industrias o en diferentes actividades, han conseguido trabajo gracias a haber estudiado aqu\u00ed\u201d<\/strong>.<\/p>\n\n\n\n<h4 class=\"wp-block-heading\"><strong>Una Oferta Diversa y con Proyecci\u00f3n<\/strong><\/h4>\n\n\n\n<p>La Muestra sirvi\u00f3 de vidriera para carreras con gran demanda y pertinencia local y regional.<\/p>\n\n\n\n<ul class=\"wp-block-list\">\n<li>El <strong>Nivel Superior de la Escuela N\u00b0 51<\/strong> ofrece tecnicaturas de tres a\u00f1os de duraci\u00f3n, con un fuerte anclaje en el mundo laboral:\n<ul class=\"wp-block-list\">\n<li><strong>Tecnicatura en Higiene y Seguridad en el Trabajo.<\/strong><\/li>\n\n\n\n<li><strong>Tecnicatura en Gesti\u00f3n Industrial.<\/strong><\/li>\n\n\n\n<li><strong>Tecnicatura en Recursos Humanos<\/strong>, cuya primera promoci\u00f3n egresa este a\u00f1o. Adem\u00e1s, De Benedetti resalt\u00f3 que carreras como Higiene y Seguridad y Recursos Humanos ofrecen la posibilidad de continuar con una licenciatura, ampliando el horizonte profesional de los egresados.<\/li>\n<\/ul>\n<\/li>\n\n\n\n<li>Por su parte, el <strong>Terciario de la Escuela N\u00b0 33<\/strong> se enfoca en la formaci\u00f3n docente con profesorados de cuatro a\u00f1os:\n<ul class=\"wp-block-list\">\n<li><strong>Profesorado de Educaci\u00f3n Primaria.<\/strong><\/li>\n\n\n\n<li><strong>Profesorado de Educaci\u00f3n Secundaria en Historia.<\/strong><\/li>\n\n\n\n<li><strong>Profesorado de Matem\u00e1tica.<\/strong> Carina Mengo explic\u00f3 la importancia de esta vocaci\u00f3n: <strong>\u201cLa UNESCO declar\u00f3 al 2025 como el a\u00f1o internacional de la docencia. A futuro, si pensamos un desarrollo sostenible, vamos a tener que educarnos en la conciencia cr\u00edtica para el trabajo con las inteligencias artificiales. Y eso lo hacen las y los docentes: darnos autonom\u00eda. Siempre van a ser necesarios\u201d.<\/strong><\/li>\n<\/ul>\n<\/li>\n<\/ul>\n\n\n\n<h4 class=\"wp-block-heading\"><strong>Un Polo Educativo que Atrae a la Regi\u00f3n<\/strong><\/h4>\n\n\n\n<p>Uno de los datos m\u00e1s reveladores es el alcance regional de estas instituciones. J\u00f3venes de Tortugas, Correa, Carcara\u00f1\u00e1, Ca\u00f1ada de G\u00f3mez, Las Parejas, Las Rosas, Villa Elo\u00edsa y hasta de General Roca viajan diariamente para formarse en Armstrong.<strong> \u00abSi pudi\u00e9ramos ofrecer otra forma de llegar a la localidad, tendr\u00edamos el doble de personas transitando nuestra ciudad, lo que es muy positivo para el movimiento local\u00bb, <\/strong>reflexion\u00f3 Mengo sobre el desaf\u00edo del transporte.<\/p>\n\n\n\n<p>Para todos aquellos que no pudieron asistir, las puertas no est\u00e1n cerradas. Ambas instituciones invitan a los interesados a seguirlas en sus redes sociales, donde se publicar\u00e1 toda la informaci\u00f3n sobre las carreras y los per\u00edodos de inscripci\u00f3n. <strong>\u00abGeneralmente, tenemos una preinscripci\u00f3n en noviembre y otra en febrero\u00bb<\/strong>, adelant\u00f3 De Benedetti, animando tambi\u00e9n a los j\u00f3venes a acercarse personalmente a las escuelas para resolver cualquier duda.<\/p>\n\n\n\n<p><strong>La primera Muestra de Oferta Acad\u00e9mica no fue solo un evento, fue una declaraci\u00f3n: Armstrong apuesta por su juventud, consolid\u00e1ndose como un vibrante polo de conocimiento y una tierra f\u00e9rtil para sembrar el futuro.<\/strong><\/p>\n\n\n\n<p><\/p>\n","protected":false},"excerpt":{"rendered":"<p>El nivel Superior de Comercio N\u00b0 51 y el Terciario de la Escuela N\u00b0 33 se unieron en una jornada hist\u00f3rica para mostrar que el futuro profesional de los j\u00f3venes puede construirse en la ciudad. Tambi\u00e9n participaron la Fundaci\u00f3n Nazareno Crucianelli y la UTN. En una ma\u00f1ana cargada de futuro y oportunidades, la ciudad de <a href=\"https:\/\/armstrongyregion.com.ar\/diario\/uniendo-fuerzas-por-el-futuro-armstrong-presento-su-primera-gran-muestra-de-oferta-academica\/\" title=\"Read more\" >&#8230;<\/a><\/p>\n","protected":false},"author":1,"featured_media":47255,"comment_status":"open","ping_status":"open","sticky":false,"template":"","format":"image","meta":{"_jetpack_memberships_contains_paid_content":false,"footnotes":"","jetpack_publicize_message":"","jetpack_publicize_feature_enabled":true,"jetpack_social_post_already_shared":true,"jetpack_social_options":{"image_generator_settings":{"template":"highway","default_image_id":0,"enabled":false},"version":2}},"categories":[8,1,2,7,3],"tags":[20,12076,5030,11824,2254,12075,12074],"class_list":["post-47254","post","type-post","status-publish","format-image","has-post-thumbnail","hentry","category-deliberando","category-diario-armstrong","category-locales","category-politica","category-region","tag-armstrong","tag-carina-mengo","tag-diario-armstrong","tag-fernanda-de-benedetti","tag-futuro","tag-gran-muestra-educativa","tag-uniendo-fuerzas","post_format-post-format-image"],"jetpack_publicize_connections":[],"jetpack_featured_media_url":"https:\/\/armstrongyregion.com.ar\/diario\/wp-content\/uploads\/2025\/10\/oferta-academica-1-.jpg","jetpack_shortlink":"https:\/\/wp.me\/p62QDO-cia","jetpack_sharing_enabled":true,"amp_enabled":true,"_links":{"self":[{"href":"https:\/\/armstrongyregion.com.ar\/diario\/wp-json\/wp\/v2\/posts\/47254","targetHints":{"allow":["GET"]}}],"collection":[{"href":"https:\/\/armstrongyregion.com.ar\/diario\/wp-json\/wp\/v2\/posts"}],"about":[{"href":"https:\/\/armstrongyregion.com.ar\/diario\/wp-json\/wp\/v2\/types\/post"}],"author":[{"embeddable":true,"href":"https:\/\/armstrongyregion.com.ar\/diario\/wp-json\/wp\/v2\/users\/1"}],"replies":[{"embeddable":true,"href":"https:\/\/armstrongyregion.com.ar\/diario\/wp-json\/wp\/v2\/comments?post=47254"}],"version-history":[{"count":3,"href":"https:\/\/armstrongyregion.com.ar\/diario\/wp-json\/wp\/v2\/posts\/47254\/revisions"}],"predecessor-version":[{"id":47261,"href":"https:\/\/armstrongyregion.com.ar\/diario\/wp-json\/wp\/v2\/posts\/47254\/revisions\/47261"}],"wp:featuredmedia":[{"embeddable":true,"href":"https:\/\/armstrongyregion.com.ar\/diario\/wp-json\/wp\/v2\/media\/47255"}],"wp:attachment":[{"href":"https:\/\/armstrongyregion.com.ar\/diario\/wp-json\/wp\/v2\/media?parent=47254"}],"wp:term":[{"taxonomy":"category","embeddable":true,"href":"https:\/\/armstrongyregion.com.ar\/diario\/wp-json\/wp\/v2\/categories?post=47254"},{"taxonomy":"post_tag","embeddable":true,"href":"https:\/\/armstrongyregion.com.ar\/diario\/wp-json\/wp\/v2\/tags?post=47254"}],"curies":[{"name":"wp","href":"https:\/\/api.w.org\/{rel}","templated":true}]}}