{"id":47249,"date":"2025-09-30T15:12:02","date_gmt":"2025-09-30T15:12:02","guid":{"rendered":"https:\/\/armstrongyregion.com.ar\/diario\/?p=47249"},"modified":"2025-09-30T15:12:04","modified_gmt":"2025-09-30T15:12:04","slug":"este-martes-se-estrena-deliberando-un-nuevo-programa-de-analisis-politico-en-cable-imagen-armstrong","status":"publish","type":"post","link":"https:\/\/armstrongyregion.com.ar\/diario\/este-martes-se-estrena-deliberando-un-nuevo-programa-de-analisis-politico-en-cable-imagen-armstrong\/","title":{"rendered":"Este martes se estrena \u00abDeliberando\u00bb, un nuevo programa de an\u00e1lisis pol\u00edtico en Cable Imagen Armstrong."},"content":{"rendered":"\n<figure class=\"wp-block-image size-full\"><img loading=\"lazy\" decoding=\"async\" width=\"490\" height=\"350\" src=\"https:\/\/armstrongyregion.com.ar\/diario\/wp-content\/uploads\/2025\/09\/Emanuel-Sagripanti-30-9-25.jpg\" alt=\"\" class=\"wp-image-47250\" srcset=\"https:\/\/armstrongyregion.com.ar\/diario\/wp-content\/uploads\/2025\/09\/Emanuel-Sagripanti-30-9-25.jpg 490w, https:\/\/armstrongyregion.com.ar\/diario\/wp-content\/uploads\/2025\/09\/Emanuel-Sagripanti-30-9-25-300x214.jpg 300w\" sizes=\"auto, (max-width: 490px) 100vw, 490px\" \/><\/figure>\n\n\n\n<h2 class=\"wp-block-heading\">En su primera emisi\u00f3n, una entrevista a fondo con el Presidente Comunal de Montes de Oca, Emanuel Sagripanti, quien habl\u00f3 de obras clave para la localidad y lanz\u00f3 duras cr\u00edticas a representantes departamentales.<\/h2>\n\n\n\n<p>Este <strong>martes 30 de septiembre a las 21:00 hs.<\/strong> llega a la pantalla de Cable Imagen Armstrong <strong>\u00abDeliberando\u00bb<\/strong>, una nueva emisi\u00f3n del programa televisivo dedicado al an\u00e1lisis y la actualidad pol\u00edtica de la regi\u00f3n. El ciclo debuta con una entrevista exclusiva y sin concesiones al Presidente Comunal de Montes de Oca.<\/p>\n\n\n\n<p>Durante la charla, el mandatario abord\u00f3 temas de vital importancia para el futuro de su localidad, respondiendo a preguntas clave sobre la gesti\u00f3n ante el gobierno provincial. Entre los puntos m\u00e1s destacados, se profundiz\u00f3 sobre el estado de las negociaciones por el anhelado <strong>proyecto de la red de gas natural<\/strong>, un anhelo hist\u00f3rico para los vecinos, detallando los pasos concretos que se han dado recientemente.<\/p>\n\n\n\n<p>Adem\u00e1s, se convers\u00f3 sobre otras obras de infraestructura de gran escala que se est\u00e1n gestionando, como mejoras en <strong>rutas, accesos, y proyectos h\u00eddricos<\/strong>. En el complejo contexto econ\u00f3mico actual, el presidente comunal tambi\u00e9n se refiri\u00f3 a c\u00f3mo es el di\u00e1logo con los ministerios provinciales y si encuentra predisposici\u00f3n para atender las necesidades de Montes de Oca, mencionando espec\u00edficamente los avances y proyectos presentados en el marco del <strong>Plan Incluir<\/strong>.<\/p>\n\n\n\n<p>El momento m\u00e1s contundente de la entrevista lleg\u00f3 cuando el jefe comunal expres\u00f3 su profundo descontento con la representaci\u00f3n pol\u00edtica del departamento Belgrano en la reciente Convenci\u00f3n Constituyente. Sin rodeos, manifest\u00f3 <strong>no haberse sentido representado<\/strong> y critic\u00f3 duramente a los convencionales <strong>Meyer y Maryoraz<\/strong>, acus\u00e1ndolos de <strong>\u00abir a hacer TikTok y no a representar a sus departamentos\u00bb<\/strong>.<\/p>\n\n\n\n<p>Una entrevista imperdible para conocer el presente y futuro de Montes de Oca y para entender las tensiones pol\u00edticas que atraviesan la regi\u00f3n.<\/p>\n\n\n\n<p><strong>No se pierda el estreno de \u00abDeliberando\u00bb:<\/strong><\/p>\n\n\n\n<ul class=\"wp-block-list\">\n<li><strong>ESTRENO:<\/strong> Martes, 21:00 hs.<\/li>\n\n\n\n<li><strong>REITERACIONES:<\/strong> Mi\u00e9rcoles, 13:30 hs. y Domingos, 12:30 hs.<\/li>\n\n\n\n<li><strong>CANAL:<\/strong> Por Cable Imagen Armstrong.<\/li>\n<\/ul>\n","protected":false},"excerpt":{"rendered":"<p>En su primera emisi\u00f3n, una entrevista a fondo con el Presidente Comunal de Montes de Oca, Emanuel Sagripanti, quien habl\u00f3 de obras clave para la localidad y lanz\u00f3 duras cr\u00edticas a representantes departamentales. Este martes 30 de septiembre a las 21:00 hs. llega a la pantalla de Cable Imagen Armstrong \u00abDeliberando\u00bb, una nueva emisi\u00f3n del <a href=\"https:\/\/armstrongyregion.com.ar\/diario\/este-martes-se-estrena-deliberando-un-nuevo-programa-de-analisis-politico-en-cable-imagen-armstrong\/\" title=\"Read more\" >&#8230;<\/a><\/p>\n","protected":false},"author":1,"featured_media":47250,"comment_status":"open","ping_status":"open","sticky":false,"template":"","format":"image","meta":{"_jetpack_memberships_contains_paid_content":false,"footnotes":"","jetpack_publicize_message":"","jetpack_publicize_feature_enabled":true,"jetpack_social_post_already_shared":true,"jetpack_social_options":{"image_generator_settings":{"template":"highway","default_image_id":0,"enabled":false},"version":2}},"categories":[8,1,2,7,3],"tags":[12073,10725,44,5030,9345,9216],"class_list":["post-47249","post","type-post","status-publish","format-image","has-post-thumbnail","hentry","category-deliberando","category-diario-armstrong","category-locales","category-politica","category-region","tag-analisis-politico","tag-cable-imagen-armstrong","tag-deliberando-2","tag-diario-armstrong","tag-emanuel-sagripanti","tag-montes-de-oca","post_format-post-format-image"],"jetpack_publicize_connections":[],"jetpack_featured_media_url":"https:\/\/armstrongyregion.com.ar\/diario\/wp-content\/uploads\/2025\/09\/Emanuel-Sagripanti-30-9-25.jpg","jetpack_shortlink":"https:\/\/wp.me\/p62QDO-ci5","jetpack_sharing_enabled":true,"amp_enabled":true,"_links":{"self":[{"href":"https:\/\/armstrongyregion.com.ar\/diario\/wp-json\/wp\/v2\/posts\/47249","targetHints":{"allow":["GET"]}}],"collection":[{"href":"https:\/\/armstrongyregion.com.ar\/diario\/wp-json\/wp\/v2\/posts"}],"about":[{"href":"https:\/\/armstrongyregion.com.ar\/diario\/wp-json\/wp\/v2\/types\/post"}],"author":[{"embeddable":true,"href":"https:\/\/armstrongyregion.com.ar\/diario\/wp-json\/wp\/v2\/users\/1"}],"replies":[{"embeddable":true,"href":"https:\/\/armstrongyregion.com.ar\/diario\/wp-json\/wp\/v2\/comments?post=47249"}],"version-history":[{"count":1,"href":"https:\/\/armstrongyregion.com.ar\/diario\/wp-json\/wp\/v2\/posts\/47249\/revisions"}],"predecessor-version":[{"id":47251,"href":"https:\/\/armstrongyregion.com.ar\/diario\/wp-json\/wp\/v2\/posts\/47249\/revisions\/47251"}],"wp:featuredmedia":[{"embeddable":true,"href":"https:\/\/armstrongyregion.com.ar\/diario\/wp-json\/wp\/v2\/media\/47250"}],"wp:attachment":[{"href":"https:\/\/armstrongyregion.com.ar\/diario\/wp-json\/wp\/v2\/media?parent=47249"}],"wp:term":[{"taxonomy":"category","embeddable":true,"href":"https:\/\/armstrongyregion.com.ar\/diario\/wp-json\/wp\/v2\/categories?post=47249"},{"taxonomy":"post_tag","embeddable":true,"href":"https:\/\/armstrongyregion.com.ar\/diario\/wp-json\/wp\/v2\/tags?post=47249"}],"curies":[{"name":"wp","href":"https:\/\/api.w.org\/{rel}","templated":true}]}}