{"id":47246,"date":"2025-09-29T01:43:04","date_gmt":"2025-09-29T01:43:04","guid":{"rendered":"https:\/\/armstrongyregion.com.ar\/diario\/?p=47246"},"modified":"2025-09-29T01:43:07","modified_gmt":"2025-09-29T01:43:07","slug":"estudio-de-diputados-muestra-impacto-de-la-crisis-en-santa-fe","status":"publish","type":"post","link":"https:\/\/armstrongyregion.com.ar\/diario\/estudio-de-diputados-muestra-impacto-de-la-crisis-en-santa-fe\/","title":{"rendered":"Estudio de diputados muestra impacto de la crisis en Santa Fe."},"content":{"rendered":"\n<figure class=\"wp-block-image size-large\"><img loading=\"lazy\" decoding=\"async\" width=\"640\" height=\"426\" src=\"https:\/\/armstrongyregion.com.ar\/diario\/wp-content\/uploads\/2025\/09\/joaquin-blanco-640x426.jpg\" alt=\"\" class=\"wp-image-47247\" srcset=\"https:\/\/armstrongyregion.com.ar\/diario\/wp-content\/uploads\/2025\/09\/joaquin-blanco-640x426.jpg 640w, https:\/\/armstrongyregion.com.ar\/diario\/wp-content\/uploads\/2025\/09\/joaquin-blanco-300x200.jpg 300w, https:\/\/armstrongyregion.com.ar\/diario\/wp-content\/uploads\/2025\/09\/joaquin-blanco-768x512.jpg 768w, https:\/\/armstrongyregion.com.ar\/diario\/wp-content\/uploads\/2025\/09\/joaquin-blanco.jpg 800w\" sizes=\"auto, (max-width: 640px) 100vw, 640px\" \/><\/figure>\n\n\n\n<h2 class=\"wp-block-heading\"><em>El informe de la Comisi\u00f3n de Asuntos Laborales de la C\u00e1mara de Diputados detalla que, aunque hubo un repunte en relaci\u00f3n a 2024, en mayo y junio se registraron dos meses consecutivos de ca\u00edda de la actividad y, en julio, la retracci\u00f3n fue del -2,3% mensual y -1,1% interanual. \u201cEl plan econ\u00f3mico de Milei y Caputo est\u00e1 mostrando sus l\u00edmites: piensa m\u00e1s en el mercado financiero que en la gente\u201d, critic\u00f3 el diputado provincial, Joaqu\u00edn Blanco.<\/em><\/h2>\n\n\n\n<figure class=\"wp-block-table\"><table class=\"has-fixed-layout\"><tbody><tr><td>Un informe del nivel de actividad y empleo presentado por el diputado provincial del socialismo y presidente de la Comisi\u00f3n de Asuntos Laborales de la C\u00e1mara de Diputados, Joaqu\u00edn Blanco, en conjunto a la consultora PxQ, demuestra que la recesi\u00f3n econ\u00f3mica a nivel nacional impacta en la provincia de Santa Fe. \u201cEstamos frente a una situaci\u00f3n alarmante: el modelo econ\u00f3mico que impulsa el gobierno de Milei castiga a la producci\u00f3n, destruye empleos y genera cada vez m\u00e1s incertidumbre en las familias trabajadoras\u201d, sostuvo.&nbsp;El documento presentado muestra que en Santa Fe, aunque hubo un repunte en relaci\u00f3n a 2024, en mayo y junio se registraron dos meses consecutivos de ca\u00edda de la actividad y en julio la retracci\u00f3n fue del -2,3% mensual y -1,1% interanual. \u201cEsto desmiente la idea de que \u00b4ya pas\u00f3 lo peor\u00b4, como dijo el presidente. La recesi\u00f3n a nivel nacional sigue afectando a la producci\u00f3n industrial, la cadena agroexportadora y al empleo santafesino\u201d, asever\u00f3 Blanco.&nbsp;El informe se basa en datos analizados del Instituto Provincial de Estad\u00edstica y Censos (IPEC), Instituto Nacional de Estad\u00edstica y Censos (INDEC) y el Indicador Mensual de la Actividad Econ\u00f3mica (Imae).&nbsp;Tambi\u00e9n se destaca que hay 8 mil puestos de trabajo privado menos que en 2023 en toda la provincia (comparando mayo 2025 con noviembre 2023), los j\u00f3venes y las mujeres son los m\u00e1s afectados por la precarizaci\u00f3n laboral y el consumo en los supermercados acumula una ca\u00edda del 15% durante 2025.<img decoding=\"async\" src=\"https:\/\/ci3.googleusercontent.com\/meips\/ADKq_NZx1zyugqwF8o-egvMD1i6eIvAYGtKyiTqViRiUT54NvGp8Hn_bR7Frpdm8hwaHgRdlxr8CAs4D9t2S-FgQ92IoqRlWu4RyRTCaSkN5-vrQkDazXKmvx1eTGzax7sXsjQ605oIqRB9i3nlumytCopsc=s0-d-e1-ft#https:\/\/bmhu9.img.ag.d.sendibm3.com\/im\/sh\/fAXZrkv_U0WK.png?u=1vcqsYC5HMzcSOTnlFmu2ocPRZSrDC\" width=\"564\"><\/td><\/tr><\/tbody><\/table><\/figure>\n\n\n\n<figure class=\"wp-block-table\"><table class=\"has-fixed-layout\"><tbody><tr><td>\u201cLos n\u00fameros muestran con crudeza lo que ya se siente en la calle: la crisis econ\u00f3mica golpea fuerte en Rosario. El plan econ\u00f3mico de Milei y Caputo est\u00e1 mostrando sus l\u00edmites: piensa m\u00e1s en el<br><br>mercado financiero que en la gente y no ofrece respuestas para los trabajadores y las familias. La p\u00e9rdida de empleos en Rosario es la cara m\u00e1s dura de ese fracaso\u201d, se\u00f1al\u00f3 el legislador.\u00a0Pese al panorama adverso, Blanco remarc\u00f3 que el Gobierno de Santa Fe est\u00e1 desplegando herramientas para sostener la producci\u00f3n y el empleo: \u201cSe est\u00e1n otorgando cr\u00e9ditos para pymes, impulsando programas de apoyo a la producci\u00f3n y sosteniendo la obra p\u00fablica como motor de la econom\u00eda. En un contexto donde la Naci\u00f3n se retira, la provincia se hace presente. Hay una inversi\u00f3n de 400 mil millones de pesos en obras a lo largo y ancho de toda la provincia y se lanzaron 58 l\u00edneas de cr\u00e9ditos para distintos rubros del privado con un total de 215 mil millones\u201d.<br>\u00a0El diputado llam\u00f3 a reforzar las pol\u00edticas activas y a sostener el entramado productivo regional: \u201cNo podemos permitir que Santa Fe siga perdiendo empleo. Es clave que el Estado provincial contin\u00fae acompa\u00f1ando a los que producen y generan trabajo como lo viene haciendo\u201d.\u00a0El relevamiento destaca que en el Gran Rosario la tasa de desocupaci\u00f3n se increment\u00f3 interanualmente en 1,5% -entre el primer trimestre de 2025 contra el mismo per\u00edodo de 2024- lo que significa 11 mil desocupados m\u00e1s. Esta situaci\u00f3n se explica, principalmente, \u201cpor un aumento de la tasa de actividad, es decir personas que se volcaron a la b\u00fasqueda de empleo y no lo consiguieron\u201d, detalla el documento. <br>En el Gran Santa Fe se registr\u00f3 una merma de alrededor de 9 mil desocupados, producto de una ca\u00edda en la participaci\u00f3n laboral. En la comparaci\u00f3n territorial, queda en evidencia la heterogeneidad dentro de la provincia y la gravedad de la situaci\u00f3n rosarina.\u00a0\u201cEl programa de Milei y Caputo genera recesi\u00f3n y desempleo. La obsesi\u00f3n por cumplir con los organismos internacionales y garantizar rentabilidad financiera no se traduce en soluciones para quienes producen y trabajan\u201d, concluy\u00f3 Blanco.<br>\u00a0<strong>SUBOCUPACI\u00d3N Y PRECARIZACI\u00d3N<\/strong>\u00a0<br>El informe tambi\u00e9n muestra que los j\u00f3venes y las mujeres son los m\u00e1s afectados por la situaci\u00f3n de informalidad. \u201cSeg\u00fan pudimos observar, para el cuarto trimestre de 2024, una de cada tres mujeres no ten\u00eda aportes jubilatorios ni obra social, y con los j\u00f3venes esa situaci\u00f3n se profundiza porque la mitad se encuentra bajo una situaci\u00f3n de precarizaci\u00f3n laboral\u201d, explic\u00f3 el diputado.<img decoding=\"async\" width=\"570\" src=\"https:\/\/ci3.googleusercontent.com\/meips\/ADKq_NaGgLZ8vKEkMIEZeVZemnpXiNJ0jaV_62fGES1665488yXv-nJZHtSlu-ig4VA1-xU3cbgaseMsgzf05RVKqoXuw3QhGdB9Hy9lsRnHIhDyZtmb73Cv-hjXDI_VPqMaIHzRYT4E9qg7WMAPCFfBjAH5=s0-d-e1-ft#https:\/\/bmhu9.img.ag.d.sendibm3.com\/im\/sh\/AuJS2bcHmqB6.png?u=1vcqsYC5HMzcSQ8qDXwOMEAL2hOUWE\">\u201cPero otro dato alarmante es que cada vez hay m\u00e1s personas que buscan un segundo o tercer empleo. Entre los dos aglomerados m\u00e1s grandes de la provincia, que son Rosario y Santa Fe, hay cerca de 120 mil personas en b\u00fasqueda de otro trabajo porque con uno no alcanza\u201d, detall\u00f3.<br><br>Acorde a la Encuesta permanente de Hogares (EPH), en el segundo trimestre de 2025, en el Gran Santa Fe hay 17 mil ocupados demandantes de empleo y 24 mil subocupados; mientras que en el Gran Rosario son 101 mil personas demandantes y 71 mil subocupados.\u00a0<br>\u201cEste es el modelo econ\u00f3mico que propone Milei\u201d, reiter\u00f3 el socialista.<br>\u00a0<strong>VIVIR EN ROSARIO Y C\u00d3RDOBA ES M\u00c1S CARO QUE EN BUENOS AIRES<\/strong><br>\u00a0El informe elaborado por el diputado Blanco y la consultora PxQ demuestra una asimetr\u00eda en lo que gasta una familia tipo en ciudades como Rosario y C\u00f3rdoba si se lo compara con Buenos Aires. \u201cLa quita de subsidios al interior por parte del Gobierno Nacional afecta directamente el costo de vida, haciendo que a una familia tipo tenga que utilizar mayor porcentaje de su sueldo para cubrir los gastos del hogar\u201d, destac\u00f3 el socialista.\u00a0<br>En relaci\u00f3n con CABA, tanto Rosario como C\u00f3rdoba exhiben diferencias significativas en tres rubros clave: pasaje de colectivo, energ\u00eda el\u00e9ctrica y canasta b\u00e1sica. En dichos segmentos, el gasto mensual en CABA resulta -55,5%, -47,5% y -5,2% inferior, respectivamente, en comparaci\u00f3n con las otras dos ciudades.<img decoding=\"async\" width=\"570\" src=\"https:\/\/ci3.googleusercontent.com\/meips\/ADKq_NaoNU3gTP2eo0Du2YHgiWYfgbwU_SkufDNty9cCCfN-Uwg7Sn1s1w-uw2NYJ2o6F_oP_6H1aVAEE74AhNVPNM9zGe324K3YUhXVSnD8FwDa7Pu_SrP3Se6chh2hoD2VKKyDKfV4bna9Z2KSbniGc0V0=s0-d-e1-ft#https:\/\/bmhu9.img.ag.d.sendibm3.com\/im\/sh\/he2b5P-JdvrZ.png?u=1vcqsYC5HMzcSRnsfq5sfdiGdpK7pG\">Al relacionar el salario promedio privado registrado con los gastos del hogar en cada ciudad, se observa que C\u00f3rdoba presenta un coeficiente del 106,4%, lo que indica que, en promedio, para cubrir los gastos del hogar es necesario un poco m\u00e1s de un salario para afrontar los gastos del hogar (+6,4%). En contraste, Santa Fe registra un coeficiente del 89,5%, lo que implica que un salario promedio alcanzar\u00eda para cubrir los gastos del hogar, aunque con un margen ajustado. <br>Finalmente en CABA, a pesar de tener el mayor costo de vida al incluir el rubro alquileres, es la ciudad que exhibe el coeficiente m\u00e1s bajo, con un 74,2%. Esto indica que, en promedio, un salario es suficiente para cubrir los gastos del hogar y que, de los tres distritos analizados, CABA es la que presenta el mayor ingreso disponible.<img decoding=\"async\" width=\"570\" src=\"https:\/\/ci3.googleusercontent.com\/meips\/ADKq_NYcbSqnBXuhkp7B_m0sxgoKpMtrwxOZvVThhUtEQBCfnnHpBgucU2wPbVJ9gJLFndIdkZfe98-q1xp7oopaBuCbYmk_9W6fNz1ImoE4Kxltoch9lr3JJUTmX7sF9_4Hn96jQiblLdiYUGKP4ONTMX8y=s0-d-e1-ft#https:\/\/bmhu9.img.ag.d.sendibm3.com\/im\/sh\/hjtzWQ8OFC6j.png?u=1vcqsYC5HMzcSTSv88FMz3GCExFl8I\">\u00a0 \u00a0 \u00a0 \u00a0 \u00a0 \u00a0 \u00a0 \u00a0 \u00a0 \u00a0 \u00a0 \u00a0\u00a0<\/td><\/tr><\/tbody><\/table><\/figure>\n","protected":false},"excerpt":{"rendered":"<p>El informe de la Comisi\u00f3n de Asuntos Laborales de la C\u00e1mara de Diputados detalla que, aunque hubo un repunte en relaci\u00f3n a 2024, en mayo y junio se registraron dos meses consecutivos de ca\u00edda de la actividad y, en julio, la retracci\u00f3n fue del -2,3% mensual y -1,1% interanual. \u201cEl plan econ\u00f3mico de Milei y <a href=\"https:\/\/armstrongyregion.com.ar\/diario\/estudio-de-diputados-muestra-impacto-de-la-crisis-en-santa-fe\/\" title=\"Read more\" >&#8230;<\/a><\/p>\n","protected":false},"author":1,"featured_media":47247,"comment_status":"open","ping_status":"open","sticky":false,"template":"","format":"image","meta":{"_jetpack_memberships_contains_paid_content":false,"footnotes":"","jetpack_publicize_message":"","jetpack_publicize_feature_enabled":true,"jetpack_social_post_already_shared":true,"jetpack_social_options":{"image_generator_settings":{"template":"highway","default_image_id":0,"enabled":false},"version":2}},"categories":[8,1,2,7,3],"tags":[5030,9626,3900,3381],"class_list":["post-47246","post","type-post","status-publish","format-image","has-post-thumbnail","hentry","category-deliberando","category-diario-armstrong","category-locales","category-politica","category-region","tag-diario-armstrong","tag-diputados-2","tag-impacto","tag-santa-fe","post_format-post-format-image"],"jetpack_publicize_connections":[],"jetpack_featured_media_url":"https:\/\/armstrongyregion.com.ar\/diario\/wp-content\/uploads\/2025\/09\/joaquin-blanco.jpg","jetpack_shortlink":"https:\/\/wp.me\/p62QDO-ci2","jetpack_sharing_enabled":true,"amp_enabled":true,"_links":{"self":[{"href":"https:\/\/armstrongyregion.com.ar\/diario\/wp-json\/wp\/v2\/posts\/47246","targetHints":{"allow":["GET"]}}],"collection":[{"href":"https:\/\/armstrongyregion.com.ar\/diario\/wp-json\/wp\/v2\/posts"}],"about":[{"href":"https:\/\/armstrongyregion.com.ar\/diario\/wp-json\/wp\/v2\/types\/post"}],"author":[{"embeddable":true,"href":"https:\/\/armstrongyregion.com.ar\/diario\/wp-json\/wp\/v2\/users\/1"}],"replies":[{"embeddable":true,"href":"https:\/\/armstrongyregion.com.ar\/diario\/wp-json\/wp\/v2\/comments?post=47246"}],"version-history":[{"count":1,"href":"https:\/\/armstrongyregion.com.ar\/diario\/wp-json\/wp\/v2\/posts\/47246\/revisions"}],"predecessor-version":[{"id":47248,"href":"https:\/\/armstrongyregion.com.ar\/diario\/wp-json\/wp\/v2\/posts\/47246\/revisions\/47248"}],"wp:featuredmedia":[{"embeddable":true,"href":"https:\/\/armstrongyregion.com.ar\/diario\/wp-json\/wp\/v2\/media\/47247"}],"wp:attachment":[{"href":"https:\/\/armstrongyregion.com.ar\/diario\/wp-json\/wp\/v2\/media?parent=47246"}],"wp:term":[{"taxonomy":"category","embeddable":true,"href":"https:\/\/armstrongyregion.com.ar\/diario\/wp-json\/wp\/v2\/categories?post=47246"},{"taxonomy":"post_tag","embeddable":true,"href":"https:\/\/armstrongyregion.com.ar\/diario\/wp-json\/wp\/v2\/tags?post=47246"}],"curies":[{"name":"wp","href":"https:\/\/api.w.org\/{rel}","templated":true}]}}