{"id":47243,"date":"2025-09-28T22:39:08","date_gmt":"2025-09-28T22:39:08","guid":{"rendered":"https:\/\/armstrongyregion.com.ar\/diario\/?p=47243"},"modified":"2025-09-28T22:39:11","modified_gmt":"2025-09-28T22:39:11","slug":"garcia-y-farias-cuestionaron-al-gobierno-por-manejo-de-retenciones","status":"publish","type":"post","link":"https:\/\/armstrongyregion.com.ar\/diario\/garcia-y-farias-cuestionaron-al-gobierno-por-manejo-de-retenciones\/","title":{"rendered":"Garc\u00eda y Far\u00edas cuestionaron al gobierno por manejo de retenciones."},"content":{"rendered":"\n<figure class=\"wp-block-image size-full\"><img loading=\"lazy\" decoding=\"async\" width=\"462\" height=\"309\" src=\"https:\/\/armstrongyregion.com.ar\/diario\/wp-content\/uploads\/2025\/09\/garcia-clarita-.jpg\" alt=\"\" class=\"wp-image-47244\" srcset=\"https:\/\/armstrongyregion.com.ar\/diario\/wp-content\/uploads\/2025\/09\/garcia-clarita-.jpg 462w, https:\/\/armstrongyregion.com.ar\/diario\/wp-content\/uploads\/2025\/09\/garcia-clarita--300x201.jpg 300w\" sizes=\"auto, (max-width: 462px) 100vw, 462px\" \/><\/figure>\n\n\n\n<h2 class=\"wp-block-heading\"><em>Los legisladores socialistas denunciaron \u201cuna timba impositiva electoralista que termin\u00f3 beneficiando a un pu\u00f1ado de empresas exportadoras\u201d. Pidieron \u201cuna reforma tributaria profunda, que contemple una rebaja escalonada de los derechos de exportaci\u00f3n, para darle previsibilidad a toda la econom\u00eda\u201d.<\/em><\/h2>\n\n\n\n<p>La presidenta de la C\u00e1mara de Diputadas y Diputados, Clara Garc\u00eda, y el diputado provincial Pablo Far\u00edas criticaron duramente la decisi\u00f3n del gobierno nacional de eliminar temporalmente las retenciones al agro y consideraron que, \u201cadem\u00e1s de ser una muestra absoluta de falta de previsibilidad, solo benefici\u00f3 a un pu\u00f1ado de empresas exportadoras, es decir, el eslab\u00f3n m\u00e1s concentrado de la cadena que es el que compra granos a los productores; y en muchas ocasiones ni siquiera tienen la mercader\u00eda porque apenas presentaron una declaraci\u00f3n jurada relativa a mercados futuros\u201d.<\/p>\n\n\n\n<p>Con el objetivo de aplacar las turbulencias financieras desatadas hace dos semanas, la gesti\u00f3n del presidente Javier Milei anunci\u00f3 el lunes 22 de septiembre la suspensi\u00f3n de las retenciones a la exportaci\u00f3n de granos hasta el 31 de octubre, estableciendo un cupo de u$s7.000 millones para la registraci\u00f3n de Declaraciones Juradas de Ventas al Exterior (DJVE) bajo un r\u00e9gimen diferencial. En menos 72 horas culmin\u00f3 la medida, que fue aprovechada solo por grandes exportadores.<\/p>\n\n\n\n<p>\u201cVenimos reclamando desde hace tiempo la eliminaci\u00f3n de las retenciones agropecuarias en el marco de una pol\u00edtica planificada, gradual y escalonada. Pero lo que hizo el gobierno nacional esta semana fue una medida intempestiva, no planificada, sin previsibilidad que perjudic\u00f3 claramente a los peque\u00f1os y medianos productores, que ya hab\u00edan vendido su cosecha y pagaron las retenciones, compraron maquinaria e insumos para la nueva campa\u00f1a\u201d.<\/p>\n\n\n\n<p>\u201cSe trat\u00f3 de una timba impositiva netamente electoralista porque estaba prevista hasta el 31 de octubre \u2013apunt\u00f3 Garc\u00eda-, sin embargo solo tuvo una vigencia tres d\u00edas, tras los cuales esos grandes acopiadores se quedaron con cerca de u$s1.500 millones a cambio de liquidar u$s7.000 millones y rescatar al gobierno de una crisis de reservas\u201d.<\/p>\n\n\n\n<p>Por su parte, Far\u00edas, candidato a diputado nacional por Provincias Unidas junto a la vicegobernadora Gisela Scaglia, puso el foco en la necesidad de \u201cuna reforma tributaria profunda, que contemple una quita progresiva de retenciones como parte de un proyecto m\u00e1s grande que apunte a darle previsibilidad a toda la econom\u00eda\u201d.<\/p>\n\n\n\n<p>\u201cEs muy grave y muy malo lo que sucedi\u00f3\u201d, asever\u00f3 Far\u00edas y dijo: \u201cM\u00e1s del 75% de los productores ha vendido su producci\u00f3n con las retenciones vigentes porque se les dijo que ese era el esquema que se iba a mantener, que no iba a haber devaluaci\u00f3n, y que no reservaran los granos porque las reglas no iban a cambiar. Fueron defraudados\u201d, sostuvo el diputado y advirti\u00f3 sobre \u201clas sospechas que surgen acerca de c\u00f3mo circul\u00f3 esta informaci\u00f3n que benefici\u00f3 a unos pocos actores en millones y millones de d\u00f3lares. Es otra sospecha que recae sobre el presidente de la Naci\u00f3n y su entorno\u201d.<\/p>\n","protected":false},"excerpt":{"rendered":"<p>Los legisladores socialistas denunciaron \u201cuna timba impositiva electoralista que termin\u00f3 beneficiando a un pu\u00f1ado de empresas exportadoras\u201d. Pidieron \u201cuna reforma tributaria profunda, que contemple una rebaja escalonada de los derechos de exportaci\u00f3n, para darle previsibilidad a toda la econom\u00eda\u201d. La presidenta de la C\u00e1mara de Diputadas y Diputados, Clara Garc\u00eda, y el diputado provincial Pablo <a href=\"https:\/\/armstrongyregion.com.ar\/diario\/garcia-y-farias-cuestionaron-al-gobierno-por-manejo-de-retenciones\/\" title=\"Read more\" >&#8230;<\/a><\/p>\n","protected":false},"author":1,"featured_media":47244,"comment_status":"open","ping_status":"open","sticky":false,"template":"","format":"image","meta":{"_jetpack_memberships_contains_paid_content":false,"footnotes":"","jetpack_publicize_message":"","jetpack_publicize_feature_enabled":true,"jetpack_social_post_already_shared":true,"jetpack_social_options":{"image_generator_settings":{"template":"highway","default_image_id":0,"enabled":false},"version":2}},"categories":[8,1,2,7,3],"tags":[],"class_list":["post-47243","post","type-post","status-publish","format-image","has-post-thumbnail","hentry","category-deliberando","category-diario-armstrong","category-locales","category-politica","category-region","post_format-post-format-image"],"jetpack_publicize_connections":[],"jetpack_featured_media_url":"https:\/\/armstrongyregion.com.ar\/diario\/wp-content\/uploads\/2025\/09\/garcia-clarita-.jpg","jetpack_shortlink":"https:\/\/wp.me\/p62QDO-chZ","jetpack_sharing_enabled":true,"amp_enabled":true,"_links":{"self":[{"href":"https:\/\/armstrongyregion.com.ar\/diario\/wp-json\/wp\/v2\/posts\/47243","targetHints":{"allow":["GET"]}}],"collection":[{"href":"https:\/\/armstrongyregion.com.ar\/diario\/wp-json\/wp\/v2\/posts"}],"about":[{"href":"https:\/\/armstrongyregion.com.ar\/diario\/wp-json\/wp\/v2\/types\/post"}],"author":[{"embeddable":true,"href":"https:\/\/armstrongyregion.com.ar\/diario\/wp-json\/wp\/v2\/users\/1"}],"replies":[{"embeddable":true,"href":"https:\/\/armstrongyregion.com.ar\/diario\/wp-json\/wp\/v2\/comments?post=47243"}],"version-history":[{"count":1,"href":"https:\/\/armstrongyregion.com.ar\/diario\/wp-json\/wp\/v2\/posts\/47243\/revisions"}],"predecessor-version":[{"id":47245,"href":"https:\/\/armstrongyregion.com.ar\/diario\/wp-json\/wp\/v2\/posts\/47243\/revisions\/47245"}],"wp:featuredmedia":[{"embeddable":true,"href":"https:\/\/armstrongyregion.com.ar\/diario\/wp-json\/wp\/v2\/media\/47244"}],"wp:attachment":[{"href":"https:\/\/armstrongyregion.com.ar\/diario\/wp-json\/wp\/v2\/media?parent=47243"}],"wp:term":[{"taxonomy":"category","embeddable":true,"href":"https:\/\/armstrongyregion.com.ar\/diario\/wp-json\/wp\/v2\/categories?post=47243"},{"taxonomy":"post_tag","embeddable":true,"href":"https:\/\/armstrongyregion.com.ar\/diario\/wp-json\/wp\/v2\/tags?post=47243"}],"curies":[{"name":"wp","href":"https:\/\/api.w.org\/{rel}","templated":true}]}}