{"id":47240,"date":"2025-09-28T22:25:13","date_gmt":"2025-09-28T22:25:13","guid":{"rendered":"https:\/\/armstrongyregion.com.ar\/diario\/?p=47240"},"modified":"2025-09-28T22:25:15","modified_gmt":"2025-09-28T22:25:15","slug":"ley-de-microtrafico-derribaron-un-bunker-de-venta-de-drogas-en-canada-de-gomez","status":"publish","type":"post","link":"https:\/\/armstrongyregion.com.ar\/diario\/ley-de-microtrafico-derribaron-un-bunker-de-venta-de-drogas-en-canada-de-gomez\/","title":{"rendered":"Ley de Microtr\u00e1fico: derribaron un b\u00fanker de venta de drogas en Ca\u00f1ada de G\u00f3mez."},"content":{"rendered":"\n<figure class=\"wp-block-image size-full\"><img loading=\"lazy\" decoding=\"async\" width=\"480\" height=\"270\" src=\"https:\/\/armstrongyregion.com.ar\/diario\/wp-content\/uploads\/2025\/09\/bunker-.jpg\" alt=\"\" class=\"wp-image-47241\" srcset=\"https:\/\/armstrongyregion.com.ar\/diario\/wp-content\/uploads\/2025\/09\/bunker-.jpg 480w, https:\/\/armstrongyregion.com.ar\/diario\/wp-content\/uploads\/2025\/09\/bunker--300x169.jpg 300w\" sizes=\"auto, (max-width: 480px) 100vw, 480px\" \/><\/figure>\n\n\n\n<h2 class=\"wp-block-heading\">El operativo se llev\u00f3 a cabo en forma coordinada entre el Ministerio de Justicia y Seguridad y la Municipalidad de Ca\u00f1ada de G\u00f3mez. La investigaci\u00f3n estuvo a cargo del Ministerio P\u00fablico de la Acusaci\u00f3n (MPA) y de la Polic\u00eda de Investigaciones (PDI).<\/h2>\n\n\n\n<p>El ministro de Justicia y Seguridad, Pablo Cococcioni, supervis\u00f3 este viernes el derribo de un b\u00fanker de venta de estupefacientes en S\u00e1enz Pe\u00f1a al 600, en Ca\u00f1ada de G\u00f3mez. La acci\u00f3n se enmarca en la Ley de Microtr\u00e1fico, promulgada al inicio de la gesti\u00f3n del gobernador Maximiliano Pullaro, que habilita a la Justicia provincial a intervenir en causas de narcomenudeo.<\/p>\n\n\n\n<p>Durante la actividad, Cococcioni explic\u00f3: \u201cEl microtr\u00e1fico es un problema considerado un factor crimin\u00f3geno. No se trata solo del tr\u00e1fico o del consumo de drogas: donde existen estos lugares barriales de venta de estupefacientes suele haber personas armadas y con antecedentes penales. En este caso, hab\u00eda individuos con condenas de la Justicia Federal que operaban el punto de venta. Esto deriva en disparos, peleas y en un deterioro de la calidad de vida de los vecinos\u201d. El ministro a\u00f1adi\u00f3 que el derribo de b\u00fankeres \u201ces una forma m\u00e1s de luchar contra el delito y de abordar las cuestiones que preocupan a la gente e impiden que desarrolle su vida en paz\u201d.<\/p>\n\n\n\n<p>Por su parte, el intendente de Ca\u00f1ada de G\u00f3mez, Mat\u00edas Chale, destac\u00f3 que este fue \u201cel tercer b\u00fanker que derribamos en la ciudad en estos veinte meses de gesti\u00f3n. Quiero agradecer especialmente al Gobierno de Santa Fe, que colabora de manera permanente para pacificar Ca\u00f1ada de G\u00f3mez. Durante mucho tiempo no se hizo nada y se dej\u00f3 avanzar al narcotr\u00e1fico. Desde que asumimos, la decisi\u00f3n es darle batalla y recuperar la tranquilidad de los vecinos. Y eso no lo podemos hacer solos\u201d.<\/p>\n\n\n\n<p>Chale subray\u00f3 adem\u00e1s la inversi\u00f3n municipal en seguridad. \u201cEstamos reforzando la Secretar\u00eda de Control Urbano y el Centro de Monitoreo, acercando informaci\u00f3n e im\u00e1genes que sirven para esclarecer hechos e impulsar investigaciones. En este caso, tambi\u00e9n aportamos maquinaria y personal municipal para concretar el derribo\u201d, indic\u00f3.&nbsp;<\/p>\n\n\n\n<p>El fiscal del Equipo de Microtr\u00e1fico de la Fiscal\u00eda General, C\u00e9sar Cabrera, aport\u00f3 detalles de la investigaci\u00f3n. \u201cEsto es la culminaci\u00f3n de una tarea iniciada a trav\u00e9s del equipo de microtr\u00e1fico de la Fiscal\u00eda General. Cont\u00e1bamos con informaci\u00f3n sobre hechos delictivos que ya estaban bajo investigaci\u00f3n en la fiscal\u00eda local, y se realiz\u00f3 un seguimiento de la venta de drogas en el lugar. Se desarrollaron m\u00faltiples procedimientos que permitieron detener a tres personas y secuestrar estupefacientes y armas de fuego. Una de las detenidas cumpl\u00eda una condena de la Justicia Federal por delitos vinculados al narcotr\u00e1fico\u201d.<\/p>\n\n\n\n<p>En la actividad estuvieron presentes el senador del departamento Iriondo, Hugo Rasetto y el Secretario de An\u00e1lisis y Gesti\u00f3n de la Informaci\u00f3n del Ministerio de Justicia y Seguridad, Esteban Santantino.&nbsp;<\/p>\n\n\n\n<p><strong>Derribos en toda la provincia<\/strong><\/p>\n\n\n\n<p>La inactivaci\u00f3n de puestos de venta de drogas es una de las medidas contempladas en la Ley de Microtr\u00e1fico, aprobada a fines de 2023 por la Legislatura provincial. La norma establece que los fiscales del MPA investiguen los delitos de narcomenudeo, que antes eran competencia exclusiva de la Justicia Federal.<\/p>\n","protected":false},"excerpt":{"rendered":"<p>El operativo se llev\u00f3 a cabo en forma coordinada entre el Ministerio de Justicia y Seguridad y la Municipalidad de Ca\u00f1ada de G\u00f3mez. La investigaci\u00f3n estuvo a cargo del Ministerio P\u00fablico de la Acusaci\u00f3n (MPA) y de la Polic\u00eda de Investigaciones (PDI). El ministro de Justicia y Seguridad, Pablo Cococcioni, supervis\u00f3 este viernes el derribo <a href=\"https:\/\/armstrongyregion.com.ar\/diario\/ley-de-microtrafico-derribaron-un-bunker-de-venta-de-drogas-en-canada-de-gomez\/\" title=\"Read more\" >&#8230;<\/a><\/p>\n","protected":false},"author":1,"featured_media":47241,"comment_status":"open","ping_status":"open","sticky":false,"template":"","format":"image","meta":{"_jetpack_memberships_contains_paid_content":false,"footnotes":"","jetpack_publicize_message":"","jetpack_publicize_feature_enabled":true,"jetpack_social_post_already_shared":true,"jetpack_social_options":{"image_generator_settings":{"template":"highway","default_image_id":0,"enabled":false},"version":2}},"categories":[8,1,2,7,3],"tags":[12071,420,10167,5030,1988,12070,2699],"class_list":["post-47240","post","type-post","status-publish","format-image","has-post-thumbnail","hentry","category-deliberando","category-diario-armstrong","category-locales","category-politica","category-region","tag-bunquer","tag-canada-de-gomez","tag-derribaron","tag-diario-armstrong","tag-drogas","tag-ley-de-microtrafico","tag-venta","post_format-post-format-image"],"jetpack_publicize_connections":[],"jetpack_featured_media_url":"https:\/\/armstrongyregion.com.ar\/diario\/wp-content\/uploads\/2025\/09\/bunker-.jpg","jetpack_shortlink":"https:\/\/wp.me\/p62QDO-chW","jetpack_sharing_enabled":true,"amp_enabled":true,"_links":{"self":[{"href":"https:\/\/armstrongyregion.com.ar\/diario\/wp-json\/wp\/v2\/posts\/47240","targetHints":{"allow":["GET"]}}],"collection":[{"href":"https:\/\/armstrongyregion.com.ar\/diario\/wp-json\/wp\/v2\/posts"}],"about":[{"href":"https:\/\/armstrongyregion.com.ar\/diario\/wp-json\/wp\/v2\/types\/post"}],"author":[{"embeddable":true,"href":"https:\/\/armstrongyregion.com.ar\/diario\/wp-json\/wp\/v2\/users\/1"}],"replies":[{"embeddable":true,"href":"https:\/\/armstrongyregion.com.ar\/diario\/wp-json\/wp\/v2\/comments?post=47240"}],"version-history":[{"count":1,"href":"https:\/\/armstrongyregion.com.ar\/diario\/wp-json\/wp\/v2\/posts\/47240\/revisions"}],"predecessor-version":[{"id":47242,"href":"https:\/\/armstrongyregion.com.ar\/diario\/wp-json\/wp\/v2\/posts\/47240\/revisions\/47242"}],"wp:featuredmedia":[{"embeddable":true,"href":"https:\/\/armstrongyregion.com.ar\/diario\/wp-json\/wp\/v2\/media\/47241"}],"wp:attachment":[{"href":"https:\/\/armstrongyregion.com.ar\/diario\/wp-json\/wp\/v2\/media?parent=47240"}],"wp:term":[{"taxonomy":"category","embeddable":true,"href":"https:\/\/armstrongyregion.com.ar\/diario\/wp-json\/wp\/v2\/categories?post=47240"},{"taxonomy":"post_tag","embeddable":true,"href":"https:\/\/armstrongyregion.com.ar\/diario\/wp-json\/wp\/v2\/tags?post=47240"}],"curies":[{"name":"wp","href":"https:\/\/api.w.org\/{rel}","templated":true}]}}