{"id":47220,"date":"2025-09-23T20:53:05","date_gmt":"2025-09-23T20:53:05","guid":{"rendered":"https:\/\/armstrongyregion.com.ar\/diario\/?p=47220"},"modified":"2025-09-23T20:53:08","modified_gmt":"2025-09-23T20:53:08","slug":"deliberando-presenta-un-dialogo-clave-para-el-futuro-de-santa-fe-caren-tepp-y-pablo-corsalini-debaten-sobre-su-alianza-y-propuestas","status":"publish","type":"post","link":"https:\/\/armstrongyregion.com.ar\/diario\/deliberando-presenta-un-dialogo-clave-para-el-futuro-de-santa-fe-caren-tepp-y-pablo-corsalini-debaten-sobre-su-alianza-y-propuestas\/","title":{"rendered":"\u00abDeliberando\u00bb presenta un di\u00e1logo clave para el futuro de Santa Fe: Caren Tepp y Pablo Corsalini debaten sobre su alianza y propuestas."},"content":{"rendered":"\n<figure class=\"wp-block-image size-large\"><img loading=\"lazy\" decoding=\"async\" width=\"467\" height=\"480\" src=\"https:\/\/armstrongyregion.com.ar\/diario\/wp-content\/uploads\/2025\/09\/Caren-Teep-467x480.jpg\" alt=\"\" class=\"wp-image-47221\" srcset=\"https:\/\/armstrongyregion.com.ar\/diario\/wp-content\/uploads\/2025\/09\/Caren-Teep-467x480.jpg 467w, https:\/\/armstrongyregion.com.ar\/diario\/wp-content\/uploads\/2025\/09\/Caren-Teep-292x300.jpg 292w, https:\/\/armstrongyregion.com.ar\/diario\/wp-content\/uploads\/2025\/09\/Caren-Teep.jpg 536w\" sizes=\"auto, (max-width: 467px) 100vw, 467px\" \/><\/figure>\n\n\n\n<p>En una edici\u00f3n imperdible de \u00abDeliberando\u00bb, nos adentramos en el coraz\u00f3n de la nueva alianza \u00abFuerza Patria\u00bb con dos de sus protagonistas centrales: <strong>Caren Tepp<\/strong>, candidata a diputada nacional por Santa Fe, y el Intendente de la localidad de P\u00e9rez, <strong>Pablo Corsalini<\/strong>, quien, tras su rol como convencional constituyente, ahora integra la lista liderada por Tepp.<\/p>\n\n\n\n<p>Este encuentro exclusivo en \u00abDeliberando\u00bb ofrecer\u00e1 a los ciudadanos una oportunidad para comprender la g\u00e9nesis y las proyecciones de una de las propuestas pol\u00edticas m\u00e1s novedosas de cara a las pr\u00f3ximas elecciones legislativas. Se abordar\u00e1n con franqueza los interrogantes que definen este nuevo espacio pol\u00edtico, en un di\u00e1logo que promete ser tan esclarecedor como din\u00e1mico.<\/p>\n\n\n\n<p><strong>Los ejes del debate en \u00abDeliberando\u00bb:<\/strong><\/p>\n\n\n\n<p>La conversaci\u00f3n girar\u00e1 en torno a las preguntas clave que resuenan en el electorado santafesino:<\/p>\n\n\n\n<ul class=\"wp-block-list\">\n<li><strong>De la crisis de representaci\u00f3n a la construcci\u00f3n de una nueva mayor\u00eda:<\/strong> Caren Tepp proviene de Ciudad Futura, un movimiento que naci\u00f3 como una alternativa a la pol\u00edtica tradicional. En \u00abDeliberando\u00bb, explorar\u00e1 el significado de encabezar la lista de \u00abFuerza Patria\u00bb, una alianza que integra a diversos sectores pol\u00edticos. \u00bfC\u00f3mo se gesta esta uni\u00f3n y qu\u00e9 representa para el futuro de la pol\u00edtica en Santa Fe?<\/li>\n\n\n\n<li><strong>El desaf\u00edo de la unidad:<\/strong> Pablo Corsalini, con su vasta experiencia en la gesti\u00f3n municipal y su participaci\u00f3n en la reforma de la Constituci\u00f3n provincial, aportar\u00e1 su perspectiva sobre el proceso de negociaci\u00f3n que culmin\u00f3 en esta lista de unidad. Se analizar\u00e1n los desaf\u00edos superados y los puntos en com\u00fan que solidifican esta alianza.<\/li>\n\n\n\n<li><strong>Identidad y diversidad en un proyecto com\u00fan:<\/strong> \u00bfC\u00f3mo puede un movimiento con una identidad tan definida como Ciudad Futura mantener sus principios dentro de un espectro pol\u00edtico m\u00e1s amplio? Tepp y Corsalini debatir\u00e1n sobre la estrategia para amalgamar diferentes trayectorias en un proyecto coherente y transformador.<\/li>\n\n\n\n<li><strong>Una nueva generaci\u00f3n al frente:<\/strong> Se pondr\u00e1 sobre la mesa el valor agregado de una candidatura joven y feminista como la de Caren Tepp en este nuevo espacio.<\/li>\n<\/ul>\n\n\n\n<p><strong>Agenda legislativa para Santa Fe y el pa\u00eds:<\/strong><\/p>\n\n\n\n<p>M\u00e1s all\u00e1 de la estrategia electoral, los candidatos presentar\u00e1n sus propuestas concretas para el Congreso de la Naci\u00f3n.<\/p>\n\n\n\n<p>Martes 21hs por Cable Imagen Armstrong. <\/p>\n","protected":false},"excerpt":{"rendered":"<p>En una edici\u00f3n imperdible de \u00abDeliberando\u00bb, nos adentramos en el coraz\u00f3n de la nueva alianza \u00abFuerza Patria\u00bb con dos de sus protagonistas centrales: Caren Tepp, candidata a diputada nacional por Santa Fe, y el Intendente de la localidad de P\u00e9rez, Pablo Corsalini, quien, tras su rol como convencional constituyente, ahora integra la lista liderada por <a href=\"https:\/\/armstrongyregion.com.ar\/diario\/deliberando-presenta-un-dialogo-clave-para-el-futuro-de-santa-fe-caren-tepp-y-pablo-corsalini-debaten-sobre-su-alianza-y-propuestas\/\" title=\"Read more\" >&#8230;<\/a><\/p>\n","protected":false},"author":1,"featured_media":47221,"comment_status":"open","ping_status":"open","sticky":false,"template":"","format":"image","meta":{"_jetpack_memberships_contains_paid_content":false,"footnotes":"","jetpack_publicize_message":"","jetpack_publicize_feature_enabled":true,"jetpack_social_post_already_shared":true,"jetpack_social_options":{"image_generator_settings":{"template":"highway","default_image_id":0,"enabled":false},"version":2}},"categories":[8,1,2,7,3],"tags":[12054,12037,44,5030,11457,12053,362],"class_list":["post-47220","post","type-post","status-publish","format-image","has-post-thumbnail","hentry","category-deliberando","category-diario-armstrong","category-locales","category-politica","category-region","tag-alianzas","tag-caren-tepp","tag-deliberando-2","tag-diario-armstrong","tag-elecciones-2025","tag-pablo-corsalini","tag-propuestas","post_format-post-format-image"],"jetpack_publicize_connections":[],"jetpack_featured_media_url":"https:\/\/armstrongyregion.com.ar\/diario\/wp-content\/uploads\/2025\/09\/Caren-Teep.jpg","jetpack_shortlink":"https:\/\/wp.me\/p62QDO-chC","jetpack_sharing_enabled":true,"amp_enabled":true,"_links":{"self":[{"href":"https:\/\/armstrongyregion.com.ar\/diario\/wp-json\/wp\/v2\/posts\/47220","targetHints":{"allow":["GET"]}}],"collection":[{"href":"https:\/\/armstrongyregion.com.ar\/diario\/wp-json\/wp\/v2\/posts"}],"about":[{"href":"https:\/\/armstrongyregion.com.ar\/diario\/wp-json\/wp\/v2\/types\/post"}],"author":[{"embeddable":true,"href":"https:\/\/armstrongyregion.com.ar\/diario\/wp-json\/wp\/v2\/users\/1"}],"replies":[{"embeddable":true,"href":"https:\/\/armstrongyregion.com.ar\/diario\/wp-json\/wp\/v2\/comments?post=47220"}],"version-history":[{"count":1,"href":"https:\/\/armstrongyregion.com.ar\/diario\/wp-json\/wp\/v2\/posts\/47220\/revisions"}],"predecessor-version":[{"id":47222,"href":"https:\/\/armstrongyregion.com.ar\/diario\/wp-json\/wp\/v2\/posts\/47220\/revisions\/47222"}],"wp:featuredmedia":[{"embeddable":true,"href":"https:\/\/armstrongyregion.com.ar\/diario\/wp-json\/wp\/v2\/media\/47221"}],"wp:attachment":[{"href":"https:\/\/armstrongyregion.com.ar\/diario\/wp-json\/wp\/v2\/media?parent=47220"}],"wp:term":[{"taxonomy":"category","embeddable":true,"href":"https:\/\/armstrongyregion.com.ar\/diario\/wp-json\/wp\/v2\/categories?post=47220"},{"taxonomy":"post_tag","embeddable":true,"href":"https:\/\/armstrongyregion.com.ar\/diario\/wp-json\/wp\/v2\/tags?post=47220"}],"curies":[{"name":"wp","href":"https:\/\/api.w.org\/{rel}","templated":true}]}}