{"id":4720,"date":"2015-10-26T21:09:37","date_gmt":"2015-10-26T21:09:37","guid":{"rendered":"https:\/\/armstrongyregion.com.ar\/diario\/?p=4720"},"modified":"2015-10-26T21:09:37","modified_gmt":"2015-10-26T21:09:37","slug":"ya-tiene-fecha-el-debate-presidencial-entre-macri-y-scioli-para-la-segunda-vuelta","status":"publish","type":"post","link":"https:\/\/armstrongyregion.com.ar\/diario\/ya-tiene-fecha-el-debate-presidencial-entre-macri-y-scioli-para-la-segunda-vuelta\/","title":{"rendered":"Ya tiene fecha el debate presidencial entre Macri y Scioli para la segunda vuelta."},"content":{"rendered":"<p><a href=\"http:\/\/armstrongyregion.com.ar\/diario\/wp-content\/uploads\/2015\/10\/debate.jpg\"><img loading=\"lazy\" decoding=\"async\" class=\"alignnone size-medium wp-image-4721\" src=\"http:\/\/armstrongyregion.com.ar\/diario\/wp-content\/uploads\/2015\/10\/debate-300x225.jpg\" alt=\"debate\" width=\"300\" height=\"225\" srcset=\"https:\/\/armstrongyregion.com.ar\/diario\/wp-content\/uploads\/2015\/10\/debate-300x225.jpg 300w, https:\/\/armstrongyregion.com.ar\/diario\/wp-content\/uploads\/2015\/10\/debate.jpg 621w\" sizes=\"auto, (max-width: 300px) 100vw, 300px\" \/><\/a>La organizaci\u00f3n Argentina Debate cit\u00f3 a los equipos de campa\u00f1a para acordar los t\u00e9rminos del encuentro, que ser\u00eda el domingo 15 de noviembre.<\/p>\n<p>Los candidatos presidenciales Daniel Scioli, por el Frente para la Victoria, y Mauricio Macri, por Cambiemos, fueron convocados a un debate p\u00fablico el domingo 15 de noviembre con vistas al ballottage, por la organizaci\u00f3n que ya tuvo a su cargo este evento antes de la primera vuelta electoral.<\/p>\n<p>La organizaci\u00f3n Argentina Debate dijo que de confirmarse la voluntad de ambos candidatos de debatir en la Facultad de Derecho de la Universidad de Buenos Aires (UBA), a partir de las 21, pondr\u00e1 a disposici\u00f3n la se\u00f1al abierta para TV, radio, e Internet de todo el pa\u00eds y de la regi\u00f3n.<\/p>\n<p>Tanto Scioli como Macri manifestaron p\u00fablicamente su voluntad a sentarse a debatir p\u00fablicamente de cara al ballottage del 22 de noviembre.<\/p>\n<p>\u201cConvocamos a los dos candidatos y a sus equipos a reunirnos para definir la fecha y las reglas del debate, previo al primer balotaje de nuestra historia\u201d, indic\u00f3 Hern\u00e1n Charosky, coordinador general de Argentina Debate, seg\u00fan public\u00f3 en su p\u00e1gina web oficial.<\/p>\n<p>Esta organizaci\u00f3n ya llev\u00f3 a cabo el primer debate con candidatos presidenciales previo a las elecciones generales, pero al que no asisti\u00f3 el postulante del kirchnerismo, Daniel Scioli.<\/p>\n<p>La Capital.com<\/p>\n","protected":false},"excerpt":{"rendered":"<p>La organizaci\u00f3n Argentina Debate cit\u00f3 a los equipos de campa\u00f1a para acordar los t\u00e9rminos del encuentro, que ser\u00eda el domingo 15 de noviembre. Los candidatos presidenciales Daniel Scioli, por el Frente para la Victoria, y Mauricio Macri, por Cambiemos, fueron convocados a un debate p\u00fablico el domingo 15 de noviembre con vistas al ballottage, por <a href=\"https:\/\/armstrongyregion.com.ar\/diario\/ya-tiene-fecha-el-debate-presidencial-entre-macri-y-scioli-para-la-segunda-vuelta\/\" title=\"Read more\" >&#8230;<\/a><\/p>\n","protected":false},"author":2,"featured_media":4721,"comment_status":"open","ping_status":"open","sticky":false,"template":"","format":"standard","meta":{"_jetpack_memberships_contains_paid_content":false,"footnotes":"","jetpack_publicize_message":"","jetpack_publicize_feature_enabled":true,"jetpack_social_post_already_shared":false,"jetpack_social_options":{"image_generator_settings":{"template":"highway","default_image_id":0,"enabled":false},"version":2}},"categories":[1,2,7,3],"tags":[554,1356,16,356,1787,31,2494,81,3018,2331,1527,3017,13,173],"class_list":["post-4720","post","type-post","status-publish","format-standard","has-post-thumbnail","hentry","category-diario-armstrong","category-locales","category-politica","category-region","tag-vuelta","tag-debate","tag-el","tag-entre","tag-fecha","tag-la","tag-macri","tag-para","tag-presidencial","tag-scioli","tag-segunda","tag-tiene","tag-y","tag-ya"],"jetpack_publicize_connections":[],"jetpack_featured_media_url":"https:\/\/armstrongyregion.com.ar\/diario\/wp-content\/uploads\/2015\/10\/debate.jpg","jetpack_shortlink":"https:\/\/wp.me\/p62QDO-1e8","jetpack_sharing_enabled":true,"amp_enabled":true,"_links":{"self":[{"href":"https:\/\/armstrongyregion.com.ar\/diario\/wp-json\/wp\/v2\/posts\/4720","targetHints":{"allow":["GET"]}}],"collection":[{"href":"https:\/\/armstrongyregion.com.ar\/diario\/wp-json\/wp\/v2\/posts"}],"about":[{"href":"https:\/\/armstrongyregion.com.ar\/diario\/wp-json\/wp\/v2\/types\/post"}],"author":[{"embeddable":true,"href":"https:\/\/armstrongyregion.com.ar\/diario\/wp-json\/wp\/v2\/users\/2"}],"replies":[{"embeddable":true,"href":"https:\/\/armstrongyregion.com.ar\/diario\/wp-json\/wp\/v2\/comments?post=4720"}],"version-history":[{"count":0,"href":"https:\/\/armstrongyregion.com.ar\/diario\/wp-json\/wp\/v2\/posts\/4720\/revisions"}],"wp:featuredmedia":[{"embeddable":true,"href":"https:\/\/armstrongyregion.com.ar\/diario\/wp-json\/wp\/v2\/media\/4721"}],"wp:attachment":[{"href":"https:\/\/armstrongyregion.com.ar\/diario\/wp-json\/wp\/v2\/media?parent=4720"}],"wp:term":[{"taxonomy":"category","embeddable":true,"href":"https:\/\/armstrongyregion.com.ar\/diario\/wp-json\/wp\/v2\/categories?post=4720"},{"taxonomy":"post_tag","embeddable":true,"href":"https:\/\/armstrongyregion.com.ar\/diario\/wp-json\/wp\/v2\/tags?post=4720"}],"curies":[{"name":"wp","href":"https:\/\/api.w.org\/{rel}","templated":true}]}}