{"id":47197,"date":"2025-09-17T21:44:41","date_gmt":"2025-09-17T21:44:41","guid":{"rendered":"https:\/\/armstrongyregion.com.ar\/diario\/?p=47197"},"modified":"2025-09-17T21:44:43","modified_gmt":"2025-09-17T21:44:43","slug":"la-psicologa-amaranta-freites-hablo-en-prevencion-y-salud-sobre-el-bullying","status":"publish","type":"post","link":"https:\/\/armstrongyregion.com.ar\/diario\/la-psicologa-amaranta-freites-hablo-en-prevencion-y-salud-sobre-el-bullying\/","title":{"rendered":"La psic\u00f3loga Amaranta Freites habl\u00f3 en \u00abPrevenci\u00f3n y Salud\u00bb sobre el bullying."},"content":{"rendered":"\n<figure class=\"wp-block-image size-full\"><img loading=\"lazy\" decoding=\"async\" width=\"506\" height=\"401\" src=\"https:\/\/armstrongyregion.com.ar\/diario\/wp-content\/uploads\/2025\/09\/Amaranta-Freites-.jpg\" alt=\"\" class=\"wp-image-47198\" srcset=\"https:\/\/armstrongyregion.com.ar\/diario\/wp-content\/uploads\/2025\/09\/Amaranta-Freites-.jpg 506w, https:\/\/armstrongyregion.com.ar\/diario\/wp-content\/uploads\/2025\/09\/Amaranta-Freites--300x238.jpg 300w\" sizes=\"auto, (max-width: 506px) 100vw, 506px\" \/><\/figure>\n\n\n\n<h2 class=\"wp-block-heading\">La psic\u00f3loga Amaranta Freites Micheletto, particip\u00f3 el pasado lunes en un programa de televisi\u00f3n para abordar un tema de gran relevancia social: el bullying. Durante la entrevista, Freites Micheletto profundiz\u00f3 en las causas, consecuencias y posibles abordajes de esta problem\u00e1tica que afecta a miles de ni\u00f1os y adolescentes.<\/h2>\n\n\n\n<p>La nota period\u00edstica destac\u00f3 que el bullying es un problema de violencia sistem\u00e1tica con profundas ra\u00edces y consecuencias duraderas. Amaranta, quien se especializa en la salud mental de ni\u00f1os y adolescentes, respondi\u00f3 a preguntas clave sobre la diferencia entre el bullying y un simple conflicto, los factores que llevan a un ni\u00f1o a convertirse en agresor, y el papel crucial de los \u00abespectadores\u00bb en esta din\u00e1mica.<\/p>\n\n\n\n<h3 class=\"wp-block-heading\"><strong>Consecuencias y se\u00f1ales de alerta<\/strong><\/h3>\n\n\n\n<p>Durante la charla, la psic\u00f3loga tambi\u00e9n se refiri\u00f3 a las graves consecuencias del bullying en la salud mental de las v\u00edctimas a corto y largo plazo. Adem\u00e1s, brind\u00f3 valiosa informaci\u00f3n sobre las se\u00f1ales f\u00edsicas y emocionales que los padres deben tener en cuenta para identificar si sus hijos est\u00e1n siendo acosados. La especialista tambi\u00e9n abord\u00f3 el impacto del bullying en el rendimiento acad\u00e9mico y la vida social, as\u00ed como la particularidad y peligrosidad del <strong>ciberbullying<\/strong>.<\/p>\n\n\n\n<h3 class=\"wp-block-heading\"><\/h3>\n\n\n\n<h2 class=\"wp-block-heading\">Para quienes no pudieron ver la entrevista, el programa con la participaci\u00f3n de la psic\u00f3loga Amaranta Freites Micheletto se retransmitir\u00e1 el <strong>jueves a las 20:00 hs<\/strong> y el <strong>s\u00e1bado a las 12:30 hs<\/strong>. \u00a1Una excelente oportunidad para informarse sobre este importante tema y concientizar.<\/h2>\n","protected":false},"excerpt":{"rendered":"<p>La psic\u00f3loga Amaranta Freites Micheletto, particip\u00f3 el pasado lunes en un programa de televisi\u00f3n para abordar un tema de gran relevancia social: el bullying. Durante la entrevista, Freites Micheletto profundiz\u00f3 en las causas, consecuencias y posibles abordajes de esta problem\u00e1tica que afecta a miles de ni\u00f1os y adolescentes. La nota period\u00edstica destac\u00f3 que el bullying <a href=\"https:\/\/armstrongyregion.com.ar\/diario\/la-psicologa-amaranta-freites-hablo-en-prevencion-y-salud-sobre-el-bullying\/\" title=\"Read more\" >&#8230;<\/a><\/p>\n","protected":false},"author":1,"featured_media":47198,"comment_status":"open","ping_status":"open","sticky":false,"template":"","format":"image","meta":{"_jetpack_memberships_contains_paid_content":false,"footnotes":"","jetpack_publicize_message":"","jetpack_publicize_feature_enabled":true,"jetpack_social_post_already_shared":true,"jetpack_social_options":{"image_generator_settings":{"template":"highway","default_image_id":0,"enabled":false},"version":2}},"categories":[8,1,2,7,3],"tags":[12039,8527,5030,9204,12038],"class_list":["post-47197","post","type-post","status-publish","format-image","has-post-thumbnail","hentry","category-deliberando","category-diario-armstrong","category-locales","category-politica","category-region","tag-amaranta-freites","tag-bullying","tag-diario-armstrong","tag-prevencion-y-salud","tag-psicologa","post_format-post-format-image"],"jetpack_publicize_connections":[],"jetpack_featured_media_url":"https:\/\/armstrongyregion.com.ar\/diario\/wp-content\/uploads\/2025\/09\/Amaranta-Freites-.jpg","jetpack_shortlink":"https:\/\/wp.me\/p62QDO-chf","jetpack_sharing_enabled":true,"amp_enabled":true,"_links":{"self":[{"href":"https:\/\/armstrongyregion.com.ar\/diario\/wp-json\/wp\/v2\/posts\/47197","targetHints":{"allow":["GET"]}}],"collection":[{"href":"https:\/\/armstrongyregion.com.ar\/diario\/wp-json\/wp\/v2\/posts"}],"about":[{"href":"https:\/\/armstrongyregion.com.ar\/diario\/wp-json\/wp\/v2\/types\/post"}],"author":[{"embeddable":true,"href":"https:\/\/armstrongyregion.com.ar\/diario\/wp-json\/wp\/v2\/users\/1"}],"replies":[{"embeddable":true,"href":"https:\/\/armstrongyregion.com.ar\/diario\/wp-json\/wp\/v2\/comments?post=47197"}],"version-history":[{"count":1,"href":"https:\/\/armstrongyregion.com.ar\/diario\/wp-json\/wp\/v2\/posts\/47197\/revisions"}],"predecessor-version":[{"id":47199,"href":"https:\/\/armstrongyregion.com.ar\/diario\/wp-json\/wp\/v2\/posts\/47197\/revisions\/47199"}],"wp:featuredmedia":[{"embeddable":true,"href":"https:\/\/armstrongyregion.com.ar\/diario\/wp-json\/wp\/v2\/media\/47198"}],"wp:attachment":[{"href":"https:\/\/armstrongyregion.com.ar\/diario\/wp-json\/wp\/v2\/media?parent=47197"}],"wp:term":[{"taxonomy":"category","embeddable":true,"href":"https:\/\/armstrongyregion.com.ar\/diario\/wp-json\/wp\/v2\/categories?post=47197"},{"taxonomy":"post_tag","embeddable":true,"href":"https:\/\/armstrongyregion.com.ar\/diario\/wp-json\/wp\/v2\/tags?post=47197"}],"curies":[{"name":"wp","href":"https:\/\/api.w.org\/{rel}","templated":true}]}}