{"id":47190,"date":"2025-09-17T19:57:43","date_gmt":"2025-09-17T19:57:43","guid":{"rendered":"https:\/\/armstrongyregion.com.ar\/diario\/?p=47190"},"modified":"2025-09-17T19:59:00","modified_gmt":"2025-09-17T19:59:00","slug":"caren-tepp-visito-la-region-y-participara-de-una-asamblea-en-las-parejas","status":"publish","type":"post","link":"https:\/\/armstrongyregion.com.ar\/diario\/caren-tepp-visito-la-region-y-participara-de-una-asamblea-en-las-parejas\/","title":{"rendered":"Caren Tepp visito la regi\u00f3n y participar\u00e1 de una asamblea en Las Parejas."},"content":{"rendered":"\n<figure class=\"wp-block-image size-large\"><img loading=\"lazy\" decoding=\"async\" width=\"640\" height=\"472\" src=\"https:\/\/armstrongyregion.com.ar\/diario\/wp-content\/uploads\/2025\/09\/caren-tepp-640x472.jpg\" alt=\"\" class=\"wp-image-47191\" srcset=\"https:\/\/armstrongyregion.com.ar\/diario\/wp-content\/uploads\/2025\/09\/caren-tepp-640x472.jpg 640w, https:\/\/armstrongyregion.com.ar\/diario\/wp-content\/uploads\/2025\/09\/caren-tepp-300x221.jpg 300w, https:\/\/armstrongyregion.com.ar\/diario\/wp-content\/uploads\/2025\/09\/caren-tepp.jpg 645w\" sizes=\"auto, (max-width: 640px) 100vw, 640px\" \/><\/figure>\n\n\n\n<p>Esta ma\u00f1ana visit\u00f3 los estudios de Renacer Regional, Caren Tepp, candidata a diputada nacional por Santa Fe (Fuerza Patria), quien lleg\u00f3 a Las Rosas acompa\u00f1ada por el concejal Marcos Di Santo y el presidente del PJ provincial Guillermo Cornaglia.<\/p>\n\n\n\n<p>En su paso por Las Rosas, Tepp comparti\u00f3 su visi\u00f3n sobre la realidad social y pol\u00edtica del pa\u00eds, y convers\u00f3 sobre los desaf\u00edos que se vienen en el marco de las elecciones legislativas del pr\u00f3ximo 26 de octubre.<\/p>\n\n\n\n<figure class=\"wp-block-audio\"><audio controls src=\"https:\/\/armstrongyregion.com.ar\/diario\/wp-content\/uploads\/2025\/09\/multimedia.audio_.b846fc420a3f8bb3.YXVkaW8ubXAz-1.mp3\"><\/audio><\/figure>\n\n\n\n<p>CAREN TEPP &#8211; GUILLERMO CORNAGLIA &#8211; MARCOS DI SANTO Candidata a Dip. Nacional (Fuerza Patria)- Pte. PJ Provincial &#8211; Concejal<br><\/p>\n\n\n\n<p>Durante la tarde, participar\u00e1n de una asamblea popular para conocer la realidad de los vecinos y debatir propuestas junto a la comunidad. El encuentro se realizar\u00e1 en las instalaciones del SITRAM Las Parejas.<\/p>\n\n\n\n<p>Fuente: Renacer Regional.<\/p>\n","protected":false},"excerpt":{"rendered":"<p>Esta ma\u00f1ana visit\u00f3 los estudios de Renacer Regional, Caren Tepp, candidata a diputada nacional por Santa Fe (Fuerza Patria), quien lleg\u00f3 a Las Rosas acompa\u00f1ada por el concejal Marcos Di Santo y el presidente del PJ provincial Guillermo Cornaglia. En su paso por Las Rosas, Tepp comparti\u00f3 su visi\u00f3n sobre la realidad social y pol\u00edtica <a href=\"https:\/\/armstrongyregion.com.ar\/diario\/caren-tepp-visito-la-region-y-participara-de-una-asamblea-en-las-parejas\/\" title=\"Read more\" >&#8230;<\/a><\/p>\n","protected":false},"author":1,"featured_media":47191,"comment_status":"open","ping_status":"open","sticky":false,"template":"","format":"image","meta":{"_jetpack_memberships_contains_paid_content":false,"footnotes":"","jetpack_publicize_message":"","jetpack_publicize_feature_enabled":true,"jetpack_social_post_already_shared":true,"jetpack_social_options":{"image_generator_settings":{"template":"highway","default_image_id":0,"enabled":false},"version":2}},"categories":[8,1,2,7,3],"tags":[1346,12037,5030,31,509,9338,9661],"class_list":["post-47190","post","type-post","status-publish","format-image","has-post-thumbnail","hentry","category-deliberando","category-diario-armstrong","category-locales","category-politica","category-region","tag-asamblea","tag-caren-tepp","tag-diario-armstrong","tag-la","tag-las-parejas","tag-region","tag-visito-2","post_format-post-format-image"],"jetpack_publicize_connections":[],"jetpack_featured_media_url":"https:\/\/armstrongyregion.com.ar\/diario\/wp-content\/uploads\/2025\/09\/caren-tepp.jpg","jetpack_shortlink":"https:\/\/wp.me\/p62QDO-ch8","jetpack_sharing_enabled":true,"amp_enabled":true,"_links":{"self":[{"href":"https:\/\/armstrongyregion.com.ar\/diario\/wp-json\/wp\/v2\/posts\/47190","targetHints":{"allow":["GET"]}}],"collection":[{"href":"https:\/\/armstrongyregion.com.ar\/diario\/wp-json\/wp\/v2\/posts"}],"about":[{"href":"https:\/\/armstrongyregion.com.ar\/diario\/wp-json\/wp\/v2\/types\/post"}],"author":[{"embeddable":true,"href":"https:\/\/armstrongyregion.com.ar\/diario\/wp-json\/wp\/v2\/users\/1"}],"replies":[{"embeddable":true,"href":"https:\/\/armstrongyregion.com.ar\/diario\/wp-json\/wp\/v2\/comments?post=47190"}],"version-history":[{"count":3,"href":"https:\/\/armstrongyregion.com.ar\/diario\/wp-json\/wp\/v2\/posts\/47190\/revisions"}],"predecessor-version":[{"id":47196,"href":"https:\/\/armstrongyregion.com.ar\/diario\/wp-json\/wp\/v2\/posts\/47190\/revisions\/47196"}],"wp:featuredmedia":[{"embeddable":true,"href":"https:\/\/armstrongyregion.com.ar\/diario\/wp-json\/wp\/v2\/media\/47191"}],"wp:attachment":[{"href":"https:\/\/armstrongyregion.com.ar\/diario\/wp-json\/wp\/v2\/media?parent=47190"}],"wp:term":[{"taxonomy":"category","embeddable":true,"href":"https:\/\/armstrongyregion.com.ar\/diario\/wp-json\/wp\/v2\/categories?post=47190"},{"taxonomy":"post_tag","embeddable":true,"href":"https:\/\/armstrongyregion.com.ar\/diario\/wp-json\/wp\/v2\/tags?post=47190"}],"curies":[{"name":"wp","href":"https:\/\/api.w.org\/{rel}","templated":true}]}}