{"id":47183,"date":"2025-09-17T19:16:22","date_gmt":"2025-09-17T19:16:22","guid":{"rendered":"https:\/\/armstrongyregion.com.ar\/diario\/?p=47183"},"modified":"2025-09-17T19:16:24","modified_gmt":"2025-09-17T19:16:24","slug":"convocatoria-asamblea-general-ordinaria-bomberos-voluntarios-de-armstrong-2","status":"publish","type":"post","link":"https:\/\/armstrongyregion.com.ar\/diario\/convocatoria-asamblea-general-ordinaria-bomberos-voluntarios-de-armstrong-2\/","title":{"rendered":"Convocatoria. Asamblea General Ordinaria Bomberos Voluntarios de Armstrong."},"content":{"rendered":"\n<figure class=\"wp-block-image size-full\"><img loading=\"lazy\" decoding=\"async\" width=\"540\" height=\"531\" src=\"http:\/\/armstrongyregion.com.ar\/diario\/wp-content\/uploads\/2023\/02\/Bomberos-Armstrong-LOGO-.jpg\" alt=\"\" class=\"wp-image-37665\" srcset=\"https:\/\/armstrongyregion.com.ar\/diario\/wp-content\/uploads\/2023\/02\/Bomberos-Armstrong-LOGO-.jpg 540w, https:\/\/armstrongyregion.com.ar\/diario\/wp-content\/uploads\/2023\/02\/Bomberos-Armstrong-LOGO--300x295.jpg 300w\" sizes=\"auto, (max-width: 540px) 100vw, 540px\" \/><\/figure>\n\n\n\n<p>Armstrong, 01 de septiembre de 2025.<\/p>\n\n\n\n<p>Se\u00f1ores Asociados:<\/p>\n\n\n\n<p>Se convoca a los se\u00f1ores asociados a Asamblea General Ordinaria conforme al art\u00edculo 27 y<br>28, a celebrarse el d\u00eda 22 de septiembre de 2025, a las 20:00 hs en primera convocatoria y a las<br>21:00hs en segunda convocatoria, en el sal\u00f3n de reuniones de la Asociaci\u00f3n de Bomberos<br>Voluntarios en Bv. Sanguinetti no 1927 de la ciudad de Armstrong, Departamento Belgrano, Provincia<br>de Santa Fe para tratar el siguiente:<\/p>\n\n\n\n<p>ORDEN DEL DIA:<br>1) Elecci\u00f3n de un socio para que presida la Asamblea.<br>2) Designaci\u00f3n de dos asamble\u00edstas para que conjuntamente con el presidente y secretario<br>aprueben y firmen el Acta de Asamblea. \u2013<br>3) Consideraci\u00f3n de la Memoria Anual, Balance General e Informe del Sindico correspondiente al<br>ejercicio N\u00b0 51, finalizado al 4 de mayo de 2025.-<br>4) Renovaci\u00f3n parcial del Consejo Directivo: Designaci\u00f3n de un (1) presidente. (1) secretario. (1)<br>tesorero. (2) vocales titulares. Elecci\u00f3n de un (1) Vocal Suplentes. Elecci\u00f3n de un (1) Sindico<br>Titular.<\/p>\n","protected":false},"excerpt":{"rendered":"<p>Armstrong, 01 de septiembre de 2025. Se\u00f1ores Asociados: Se convoca a los se\u00f1ores asociados a Asamblea General Ordinaria conforme al art\u00edculo 27 y28, a celebrarse el d\u00eda 22 de septiembre de 2025, a las 20:00 hs en primera convocatoria y a las21:00hs en segunda convocatoria, en el sal\u00f3n de reuniones de la Asociaci\u00f3n de BomberosVoluntarios <a href=\"https:\/\/armstrongyregion.com.ar\/diario\/convocatoria-asamblea-general-ordinaria-bomberos-voluntarios-de-armstrong-2\/\" title=\"Read more\" >&#8230;<\/a><\/p>\n","protected":false},"author":1,"featured_media":37665,"comment_status":"open","ping_status":"open","sticky":false,"template":"","format":"image","meta":{"_jetpack_memberships_contains_paid_content":false,"footnotes":"","jetpack_publicize_message":"","jetpack_publicize_feature_enabled":true,"jetpack_social_post_already_shared":true,"jetpack_social_options":{"image_generator_settings":{"template":"highway","default_image_id":0,"enabled":false},"version":2}},"categories":[8,1,2,7,3],"tags":[10624,451,5030,8777],"class_list":["post-47183","post","type-post","status-publish","format-image","has-post-thumbnail","hentry","category-deliberando","category-diario-armstrong","category-locales","category-politica","category-region","tag-bomberos-voluntarios-de-armstrong","tag-convocatoria","tag-diario-armstrong","tag-lic-graciela-de-la-casa","post_format-post-format-image"],"jetpack_publicize_connections":[],"jetpack_featured_media_url":"https:\/\/armstrongyregion.com.ar\/diario\/wp-content\/uploads\/2023\/02\/Bomberos-Armstrong-LOGO-.jpg","jetpack_shortlink":"https:\/\/wp.me\/p62QDO-ch1","jetpack_sharing_enabled":true,"amp_enabled":true,"_links":{"self":[{"href":"https:\/\/armstrongyregion.com.ar\/diario\/wp-json\/wp\/v2\/posts\/47183","targetHints":{"allow":["GET"]}}],"collection":[{"href":"https:\/\/armstrongyregion.com.ar\/diario\/wp-json\/wp\/v2\/posts"}],"about":[{"href":"https:\/\/armstrongyregion.com.ar\/diario\/wp-json\/wp\/v2\/types\/post"}],"author":[{"embeddable":true,"href":"https:\/\/armstrongyregion.com.ar\/diario\/wp-json\/wp\/v2\/users\/1"}],"replies":[{"embeddable":true,"href":"https:\/\/armstrongyregion.com.ar\/diario\/wp-json\/wp\/v2\/comments?post=47183"}],"version-history":[{"count":1,"href":"https:\/\/armstrongyregion.com.ar\/diario\/wp-json\/wp\/v2\/posts\/47183\/revisions"}],"predecessor-version":[{"id":47184,"href":"https:\/\/armstrongyregion.com.ar\/diario\/wp-json\/wp\/v2\/posts\/47183\/revisions\/47184"}],"wp:featuredmedia":[{"embeddable":true,"href":"https:\/\/armstrongyregion.com.ar\/diario\/wp-json\/wp\/v2\/media\/37665"}],"wp:attachment":[{"href":"https:\/\/armstrongyregion.com.ar\/diario\/wp-json\/wp\/v2\/media?parent=47183"}],"wp:term":[{"taxonomy":"category","embeddable":true,"href":"https:\/\/armstrongyregion.com.ar\/diario\/wp-json\/wp\/v2\/categories?post=47183"},{"taxonomy":"post_tag","embeddable":true,"href":"https:\/\/armstrongyregion.com.ar\/diario\/wp-json\/wp\/v2\/tags?post=47183"}],"curies":[{"name":"wp","href":"https:\/\/api.w.org\/{rel}","templated":true}]}}