{"id":47174,"date":"2025-09-12T15:19:53","date_gmt":"2025-09-12T15:19:53","guid":{"rendered":"https:\/\/armstrongyregion.com.ar\/diario\/?p=47174"},"modified":"2025-09-12T15:19:55","modified_gmt":"2025-09-12T15:19:55","slug":"el-911-ya-esta-activo-en-todo-el-departamento-belgrano","status":"publish","type":"post","link":"https:\/\/armstrongyregion.com.ar\/diario\/el-911-ya-esta-activo-en-todo-el-departamento-belgrano\/","title":{"rendered":"El 911 ya est\u00e1 activo en todo el departamento Belgrano."},"content":{"rendered":"\n<figure class=\"wp-block-image size-full\"><img loading=\"lazy\" decoding=\"async\" width=\"588\" height=\"340\" src=\"https:\/\/armstrongyregion.com.ar\/diario\/wp-content\/uploads\/2025\/09\/PABLITO-911-.jpg\" alt=\"\" class=\"wp-image-47175\" srcset=\"https:\/\/armstrongyregion.com.ar\/diario\/wp-content\/uploads\/2025\/09\/PABLITO-911-.jpg 588w, https:\/\/armstrongyregion.com.ar\/diario\/wp-content\/uploads\/2025\/09\/PABLITO-911--300x173.jpg 300w\" sizes=\"auto, (max-width: 588px) 100vw, 588px\" \/><\/figure>\n\n\n\n<h2 class=\"wp-block-heading\">Autoridades locales y provinciales inauguraron el servicio de emergencias. Piden a los vecinos centralizar las llamadas para mejorar la seguridad en la regi\u00f3n.<\/h2>\n\n\n\n<figure class=\"wp-block-embed is-type-video is-provider-youtube wp-block-embed-youtube wp-embed-aspect-16-9 wp-has-aspect-ratio\"><div class=\"wp-block-embed__wrapper\">\n<iframe loading=\"lazy\" title=\"11-09-25 Nota Javier Meyer \u2013 Intendente \/ Pablo Verdecchia \u2013 Senador\" width=\"800\" height=\"450\" src=\"https:\/\/www.youtube.com\/embed\/_nbToktjEOE?feature=oembed\" frameborder=\"0\" allow=\"accelerometer; autoplay; clipboard-write; encrypted-media; gyroscope; picture-in-picture; web-share\" referrerpolicy=\"strict-origin-when-cross-origin\" allowfullscreen><\/iframe>\n<\/div><\/figure>\n\n\n\n<figure class=\"wp-block-image size-full\"><img loading=\"lazy\" decoding=\"async\" width=\"582\" height=\"320\" src=\"https:\/\/armstrongyregion.com.ar\/diario\/wp-content\/uploads\/2025\/09\/PABLITO-911-B.png\" alt=\"\" class=\"wp-image-47176\" srcset=\"https:\/\/armstrongyregion.com.ar\/diario\/wp-content\/uploads\/2025\/09\/PABLITO-911-B.png 582w, https:\/\/armstrongyregion.com.ar\/diario\/wp-content\/uploads\/2025\/09\/PABLITO-911-B-300x165.png 300w\" sizes=\"auto, (max-width: 582px) 100vw, 582px\" \/><\/figure>\n\n\n\n<p>Con la presencia del Ministro de Seguridad y Justicia de Santa Fe Pablo Cococcioni, qued\u00f3 oficialmente inaugurado el sistema de emergencias 911 en Las Rosas, que brindar\u00e1 cobertura a la totalidad de las seis localidades del departamento Belgrano. El intendente de Las Rosas, Javier Meyer, y el senador provincial por el departamento Belgrano, Pablo Verdecchia, destacaron el impacto de esta herramienta tecnol\u00f3gica para mejorar la seguridad y la respuesta policial ante los delitos.<\/p>\n\n\n\n<p>La puesta en marcha del 911 representa la culminaci\u00f3n de un proyecto que hab\u00eda quedado estancado.&nbsp;<em>\u00abEs una gesti\u00f3n que empez\u00f3 en el gobierno de Omar Perotti, qued\u00f3 en la nada y, apenas asume Maximiliano Pullaro, se activa ferozmente con una determinaci\u00f3n estricta de que se cumpla\u00bb,<\/em>&nbsp;explic\u00f3 el intendente Meyer, refiri\u00e9ndose a la construcci\u00f3n de la antena principal y la aceleraci\u00f3n de los procesos por parte del actual gobierno provincial.<\/p>\n\n\n\n<h3 class=\"wp-block-heading\">El llamado a centralizar las emergencias<\/h3>\n\n\n\n<p>El senador Pablo Verdecchia, quien record\u00f3 la exitosa experiencia del 911 en Armstrong desde hace seis a\u00f1os, hizo un pedido especial a la comunidad.<em>&nbsp;\u00abLo que le pido a todos los vecinos es que llamen al 911, que tomen al 911 como el centro de referencia\u00bb,<\/em>&nbsp;insisti\u00f3. Seg\u00fan el legislador, centralizar las llamadas a trav\u00e9s de este n\u00famero<em>&nbsp;\u00abda miles de oportunidades distintas, miles de mejoras en el tema de la seguridad, es important\u00edsimo c\u00f3mo mejora el policiamiento, c\u00f3mo mejora la llegada\u00bb.<\/em><\/p>\n\n\n\n<p>Verdecchia tambi\u00e9n celebr\u00f3 que, tras realizar las reformas t\u00e9cnicas necesarias,&nbsp;<strong>el sistema cubrir\u00e1 a todo el departamento, garantizando que todos los ciudadanos tengan el mismo acceso a la tecnolog\u00eda.<\/strong><\/p>\n\n\n\n<h3 class=\"wp-block-heading\">Un nuevo enfoque en justicia y seguridad<\/h3>\n\n\n\n<p>La llegada del 911 se enmarca en una serie de reformas impulsadas por la provincia para fortalecer la justicia y dar m\u00e1s herramientas a la polic\u00eda. El senador destac\u00f3 la importancia de cambiar la perspectiva y enfocarse en las v\u00edctimas.<\/p>\n\n\n\n<blockquote class=\"wp-block-quote is-layout-flow wp-block-quote-is-layout-flow\">\n<p><em>\u00abAc\u00e1 todos nos tenemos que poner la camiseta de empezar a considerar la seguridad desde el lado de la v\u00edctima y no desde el lado de los delincuentes\u00bb<\/em>, afirm\u00f3 Verdecchia.<\/p>\n<\/blockquote>\n\n\n\n<p>Finalmente, reiter\u00f3 la necesidad de que los vecinos adopten la nueva l\u00ednea de emergencias para optimizar la lucha contra la inseguridad en la regi\u00f3n.<\/p>\n\n\n\n<figure class=\"wp-block-image\"><img decoding=\"async\" src=\"https:\/\/lasrosasdigital.com.ar\/download\/multimedia.normal.967f41c7c358a080.bm9ybWFsLndlYnA%3D.webp\" alt=\"Emergencias-911-y-Videovigilancia\"\/><\/figure>\n\n\n\n<p>Fuente: Las Rosa Digital.<\/p>\n","protected":false},"excerpt":{"rendered":"<p>Autoridades locales y provinciales inauguraron el servicio de emergencias. Piden a los vecinos centralizar las llamadas para mejorar la seguridad en la regi\u00f3n. Con la presencia del Ministro de Seguridad y Justicia de Santa Fe Pablo Cococcioni, qued\u00f3 oficialmente inaugurado el sistema de emergencias 911 en Las Rosas, que brindar\u00e1 cobertura a la totalidad de <a href=\"https:\/\/armstrongyregion.com.ar\/diario\/el-911-ya-esta-activo-en-todo-el-departamento-belgrano\/\" title=\"Read more\" >&#8230;<\/a><\/p>\n","protected":false},"author":1,"featured_media":47175,"comment_status":"open","ping_status":"open","sticky":false,"template":"","format":"image","meta":{"_jetpack_memberships_contains_paid_content":false,"footnotes":"","jetpack_publicize_message":"","jetpack_publicize_feature_enabled":true,"jetpack_social_post_already_shared":true,"jetpack_social_options":{"image_generator_settings":{"template":"highway","default_image_id":0,"enabled":false},"version":2}},"categories":[8,1,2,7,3],"tags":[12028,12029,10841,11935],"class_list":["post-47174","post","type-post","status-publish","format-image","has-post-thumbnail","hentry","category-deliberando","category-diario-armstrong","category-locales","category-politica","category-region","tag-12028","tag-activo","tag-departamento-belgrano","tag-senador-dr-pablo-verdecchia-2","post_format-post-format-image"],"jetpack_publicize_connections":[],"jetpack_featured_media_url":"https:\/\/armstrongyregion.com.ar\/diario\/wp-content\/uploads\/2025\/09\/PABLITO-911-.jpg","jetpack_shortlink":"https:\/\/wp.me\/p62QDO-cgS","jetpack_sharing_enabled":true,"amp_enabled":true,"_links":{"self":[{"href":"https:\/\/armstrongyregion.com.ar\/diario\/wp-json\/wp\/v2\/posts\/47174","targetHints":{"allow":["GET"]}}],"collection":[{"href":"https:\/\/armstrongyregion.com.ar\/diario\/wp-json\/wp\/v2\/posts"}],"about":[{"href":"https:\/\/armstrongyregion.com.ar\/diario\/wp-json\/wp\/v2\/types\/post"}],"author":[{"embeddable":true,"href":"https:\/\/armstrongyregion.com.ar\/diario\/wp-json\/wp\/v2\/users\/1"}],"replies":[{"embeddable":true,"href":"https:\/\/armstrongyregion.com.ar\/diario\/wp-json\/wp\/v2\/comments?post=47174"}],"version-history":[{"count":1,"href":"https:\/\/armstrongyregion.com.ar\/diario\/wp-json\/wp\/v2\/posts\/47174\/revisions"}],"predecessor-version":[{"id":47177,"href":"https:\/\/armstrongyregion.com.ar\/diario\/wp-json\/wp\/v2\/posts\/47174\/revisions\/47177"}],"wp:featuredmedia":[{"embeddable":true,"href":"https:\/\/armstrongyregion.com.ar\/diario\/wp-json\/wp\/v2\/media\/47175"}],"wp:attachment":[{"href":"https:\/\/armstrongyregion.com.ar\/diario\/wp-json\/wp\/v2\/media?parent=47174"}],"wp:term":[{"taxonomy":"category","embeddable":true,"href":"https:\/\/armstrongyregion.com.ar\/diario\/wp-json\/wp\/v2\/categories?post=47174"},{"taxonomy":"post_tag","embeddable":true,"href":"https:\/\/armstrongyregion.com.ar\/diario\/wp-json\/wp\/v2\/tags?post=47174"}],"curies":[{"name":"wp","href":"https:\/\/api.w.org\/{rel}","templated":true}]}}