{"id":47137,"date":"2025-09-06T02:22:49","date_gmt":"2025-09-06T02:22:49","guid":{"rendered":"https:\/\/armstrongyregion.com.ar\/diario\/?p=47137"},"modified":"2025-09-06T02:22:51","modified_gmt":"2025-09-06T02:22:51","slug":"warmi-celebra-su-septimo-encuentro-de-danzas-en-armstrong","status":"publish","type":"post","link":"https:\/\/armstrongyregion.com.ar\/diario\/warmi-celebra-su-septimo-encuentro-de-danzas-en-armstrong\/","title":{"rendered":"Warmi celebra su S\u00e9ptimo Encuentro de Danzas en Armstrong."},"content":{"rendered":"\n<figure class=\"wp-block-image size-full\"><img loading=\"lazy\" decoding=\"async\" width=\"640\" height=\"480\" src=\"https:\/\/armstrongyregion.com.ar\/diario\/wp-content\/uploads\/2025\/09\/warmi-7-encuentro-.jpg\" alt=\"\" class=\"wp-image-47138\" srcset=\"https:\/\/armstrongyregion.com.ar\/diario\/wp-content\/uploads\/2025\/09\/warmi-7-encuentro-.jpg 640w, https:\/\/armstrongyregion.com.ar\/diario\/wp-content\/uploads\/2025\/09\/warmi-7-encuentro--300x225.jpg 300w\" sizes=\"auto, (max-width: 640px) 100vw, 640px\" \/><\/figure>\n\n\n\n<p>El pr\u00f3ximo <strong>domingo 7 de septiembre<\/strong>, el grupo de danzas latinoamericanas <strong>Warmi<\/strong> invita a la comunidad a disfrutar de su <strong>S\u00e9ptimo Encuentro de Danzas<\/strong>, un evento que promete una tarde llena de ritmo y color. La cita es en el gimnasio del Club Norte,<strong> Nazareno Crucianelli, <\/strong>con ingreso a partir de las <strong>15:30 horas<\/strong>.<\/p>\n\n\n\n<figure class=\"wp-block-image size-large\"><img loading=\"lazy\" decoding=\"async\" width=\"347\" height=\"480\" src=\"https:\/\/armstrongyregion.com.ar\/diario\/wp-content\/uploads\/2025\/09\/warmi-7-9-25--347x480.jpg\" alt=\"\" class=\"wp-image-47139\" srcset=\"https:\/\/armstrongyregion.com.ar\/diario\/wp-content\/uploads\/2025\/09\/warmi-7-9-25--347x480.jpg 347w, https:\/\/armstrongyregion.com.ar\/diario\/wp-content\/uploads\/2025\/09\/warmi-7-9-25--217x300.jpg 217w, https:\/\/armstrongyregion.com.ar\/diario\/wp-content\/uploads\/2025\/09\/warmi-7-9-25-.jpg 645w\" sizes=\"auto, (max-width: 347px) 100vw, 347px\" \/><\/figure>\n\n\n\n<p>Este tradicional evento, organizado por Warmi, es una oportunidad para apreciar el talento de diversos grupos y bailarines de la regi\u00f3n. En esta edici\u00f3n, el escenario vibrar\u00e1 con la energ\u00eda de:<\/p>\n\n\n\n<ul class=\"wp-block-list\">\n<li><strong>So\u00f1ar con los pies<\/strong><\/li>\n\n\n\n<li><strong>A tu ritmo<\/strong><\/li>\n\n\n\n<li><strong>Mis ra\u00edces bailan<\/strong><\/li>\n\n\n\n<li><strong>Grupo de danzas folkl\u00f3ricas Argentinas Francisco Maldonado<\/strong><\/li>\n\n\n\n<li><strong>Taller de folklore adultos de El Tropero<\/strong><\/li>\n\n\n\n<li><strong>Taller de folclore de ni\u00f1os Bemba Color\u00e1<\/strong><\/li>\n\n\n\n<li><strong>Grupo de Danzas Latinoamericanas Warmi<\/strong><\/li>\n<\/ul>\n\n\n\n<p>La <strong>entrada es libre y gratuita<\/strong>, el p\u00fablico solo deber\u00e1 abonar $2.000 por la silla para poder disfrutar c\u00f3modamente del espect\u00e1culo. Adem\u00e1s, habr\u00e1 un servicio de <strong>buffet<\/strong> a disposici\u00f3n de los asistentes.<\/p>\n\n\n\n<p><strong>El S\u00e9ptimo Encuentro de Danzas de Warmi es una celebraci\u00f3n de la cultura y la tradici\u00f3n, un evento ideal para disfrutar en familia y apoyar a los talentos locales. \u00a1No te lo pierdas!<\/strong><\/p>\n\n\n\n<p><\/p>\n","protected":false},"excerpt":{"rendered":"<p>El pr\u00f3ximo domingo 7 de septiembre, el grupo de danzas latinoamericanas Warmi invita a la comunidad a disfrutar de su S\u00e9ptimo Encuentro de Danzas, un evento que promete una tarde llena de ritmo y color. La cita es en el gimnasio del Club Norte, Nazareno Crucianelli, con ingreso a partir de las 15:30 horas. Este <a href=\"https:\/\/armstrongyregion.com.ar\/diario\/warmi-celebra-su-septimo-encuentro-de-danzas-en-armstrong\/\" title=\"Read more\" >&#8230;<\/a><\/p>\n","protected":false},"author":1,"featured_media":47139,"comment_status":"open","ping_status":"open","sticky":false,"template":"","format":"image","meta":{"_jetpack_memberships_contains_paid_content":false,"footnotes":"","jetpack_publicize_message":"","jetpack_publicize_feature_enabled":true,"jetpack_social_post_already_shared":true,"jetpack_social_options":{"image_generator_settings":{"template":"highway","default_image_id":0,"enabled":false},"version":2}},"categories":[6,8,1,2,7,3],"tags":[20,1997,946,5030,12015,35,9452],"class_list":["post-47137","post","type-post","status-publish","format-image","has-post-thumbnail","hentry","category-cultura-entretenimiento","category-deliberando","category-diario-armstrong","category-locales","category-politica","category-region","tag-armstrong","tag-celebra","tag-danzas","tag-diario-armstrong","tag-septimo-encuentro","tag-su","tag-warmi","post_format-post-format-image"],"jetpack_publicize_connections":[],"jetpack_featured_media_url":"https:\/\/armstrongyregion.com.ar\/diario\/wp-content\/uploads\/2025\/09\/warmi-7-9-25-.jpg","jetpack_shortlink":"https:\/\/wp.me\/p62QDO-cgh","jetpack_sharing_enabled":true,"amp_enabled":true,"_links":{"self":[{"href":"https:\/\/armstrongyregion.com.ar\/diario\/wp-json\/wp\/v2\/posts\/47137","targetHints":{"allow":["GET"]}}],"collection":[{"href":"https:\/\/armstrongyregion.com.ar\/diario\/wp-json\/wp\/v2\/posts"}],"about":[{"href":"https:\/\/armstrongyregion.com.ar\/diario\/wp-json\/wp\/v2\/types\/post"}],"author":[{"embeddable":true,"href":"https:\/\/armstrongyregion.com.ar\/diario\/wp-json\/wp\/v2\/users\/1"}],"replies":[{"embeddable":true,"href":"https:\/\/armstrongyregion.com.ar\/diario\/wp-json\/wp\/v2\/comments?post=47137"}],"version-history":[{"count":1,"href":"https:\/\/armstrongyregion.com.ar\/diario\/wp-json\/wp\/v2\/posts\/47137\/revisions"}],"predecessor-version":[{"id":47140,"href":"https:\/\/armstrongyregion.com.ar\/diario\/wp-json\/wp\/v2\/posts\/47137\/revisions\/47140"}],"wp:featuredmedia":[{"embeddable":true,"href":"https:\/\/armstrongyregion.com.ar\/diario\/wp-json\/wp\/v2\/media\/47139"}],"wp:attachment":[{"href":"https:\/\/armstrongyregion.com.ar\/diario\/wp-json\/wp\/v2\/media?parent=47137"}],"wp:term":[{"taxonomy":"category","embeddable":true,"href":"https:\/\/armstrongyregion.com.ar\/diario\/wp-json\/wp\/v2\/categories?post=47137"},{"taxonomy":"post_tag","embeddable":true,"href":"https:\/\/armstrongyregion.com.ar\/diario\/wp-json\/wp\/v2\/tags?post=47137"}],"curies":[{"name":"wp","href":"https:\/\/api.w.org\/{rel}","templated":true}]}}