{"id":47126,"date":"2025-09-04T23:33:59","date_gmt":"2025-09-04T23:33:59","guid":{"rendered":"https:\/\/armstrongyregion.com.ar\/diario\/?p=47126"},"modified":"2025-09-04T23:34:00","modified_gmt":"2025-09-04T23:34:00","slug":"armstrong-presente-en-el-santa-fe-business-forum-2025","status":"publish","type":"post","link":"https:\/\/armstrongyregion.com.ar\/diario\/armstrong-presente-en-el-santa-fe-business-forum-2025\/","title":{"rendered":"Armstrong presente en el Santa Fe Business Forum 2025."},"content":{"rendered":"\n<figure class=\"wp-block-image size-large\"><img loading=\"lazy\" decoding=\"async\" width=\"640\" height=\"427\" src=\"https:\/\/armstrongyregion.com.ar\/diario\/wp-content\/uploads\/2025\/09\/FORUM-1--640x427.jpg\" alt=\"\" class=\"wp-image-47127\" srcset=\"https:\/\/armstrongyregion.com.ar\/diario\/wp-content\/uploads\/2025\/09\/FORUM-1--640x427.jpg 640w, https:\/\/armstrongyregion.com.ar\/diario\/wp-content\/uploads\/2025\/09\/FORUM-1--300x200.jpg 300w, https:\/\/armstrongyregion.com.ar\/diario\/wp-content\/uploads\/2025\/09\/FORUM-1-.jpg 710w\" sizes=\"auto, (max-width: 640px) 100vw, 640px\" \/><\/figure>\n\n\n\n<p>El lunes 1 de septiembre, el Intendente Guillermo Luzzi acompa\u00f1ado por la Secretaria y el Director<br>de Desarrollo Productivo de la Municipalidad de Armstrong, Julieta Lambertucci y Carlos Cuffia,<br>respectivamente, estuvieron presentes en el acto inaugural del Santa Fe Business Forum 2025 que se<br>realiz\u00f3 en La Fluvial Rosario, donde se destac\u00f3 la participaci\u00f3n del Gobernador Maximiliano Pullaro.<\/p>\n\n\n\n<figure class=\"wp-block-image size-large\"><img loading=\"lazy\" decoding=\"async\" width=\"640\" height=\"427\" src=\"https:\/\/armstrongyregion.com.ar\/diario\/wp-content\/uploads\/2025\/09\/FORUM-2-640x427.jpg\" alt=\"\" class=\"wp-image-47128\" srcset=\"https:\/\/armstrongyregion.com.ar\/diario\/wp-content\/uploads\/2025\/09\/FORUM-2-640x427.jpg 640w, https:\/\/armstrongyregion.com.ar\/diario\/wp-content\/uploads\/2025\/09\/FORUM-2-300x200.jpg 300w, https:\/\/armstrongyregion.com.ar\/diario\/wp-content\/uploads\/2025\/09\/FORUM-2.jpg 715w\" sizes=\"auto, (max-width: 640px) 100vw, 640px\" \/><\/figure>\n\n\n\n<p><br>El evento es organizado por el Gobierno Provincial y re\u00fane a 250 compradores internacionales, m\u00e1s<br>de 1.000 empresas santafesinas y nacionales, y representantes diplom\u00e1ticos de 30 pa\u00edses.<\/p>\n\n\n\n<figure class=\"wp-block-image size-large\"><img loading=\"lazy\" decoding=\"async\" width=\"640\" height=\"427\" src=\"https:\/\/armstrongyregion.com.ar\/diario\/wp-content\/uploads\/2025\/09\/FORUM-3-640x427.jpg\" alt=\"\" class=\"wp-image-47129\" srcset=\"https:\/\/armstrongyregion.com.ar\/diario\/wp-content\/uploads\/2025\/09\/FORUM-3-640x427.jpg 640w, https:\/\/armstrongyregion.com.ar\/diario\/wp-content\/uploads\/2025\/09\/FORUM-3-300x200.jpg 300w, https:\/\/armstrongyregion.com.ar\/diario\/wp-content\/uploads\/2025\/09\/FORUM-3.jpg 733w\" sizes=\"auto, (max-width: 640px) 100vw, 640px\" \/><\/figure>\n\n\n\n<p><br>Entre las empresas de la provincia se cuentan industrias de nuestra ciudad y, por este motivo, el<br>martes 2, se recibi\u00f3 la visita de participantes extranjeros de las Rondas de Negocios.<br>Dichas delegaciones provenientes de M\u00e9xico, Chile, Panam\u00e1, Per\u00fa, Espa\u00f1a, Rep\u00fablica Checa y<br>Kazajist\u00e1n, pudieron recorrer la planta industrial de Talleres Metal\u00fargicos Crucianelli y la empresa<br>Leaf.<\/p>\n","protected":false},"excerpt":{"rendered":"<p>El lunes 1 de septiembre, el Intendente Guillermo Luzzi acompa\u00f1ado por la Secretaria y el Directorde Desarrollo Productivo de la Municipalidad de Armstrong, Julieta Lambertucci y Carlos Cuffia,respectivamente, estuvieron presentes en el acto inaugural del Santa Fe Business Forum 2025 que serealiz\u00f3 en La Fluvial Rosario, donde se destac\u00f3 la participaci\u00f3n del Gobernador Maximiliano Pullaro. <a href=\"https:\/\/armstrongyregion.com.ar\/diario\/armstrong-presente-en-el-santa-fe-business-forum-2025\/\" title=\"Read more\" >&#8230;<\/a><\/p>\n","protected":false},"author":1,"featured_media":47127,"comment_status":"open","ping_status":"open","sticky":false,"template":"","format":"image","meta":{"_jetpack_memberships_contains_paid_content":false,"footnotes":"","jetpack_publicize_message":"","jetpack_publicize_feature_enabled":true,"jetpack_social_post_already_shared":true,"jetpack_social_options":{"image_generator_settings":{"template":"highway","default_image_id":0,"enabled":false},"version":2}},"categories":[8,1,2,7,3],"tags":[20,12012,5030,12013,3381],"class_list":["post-47126","post","type-post","status-publish","format-image","has-post-thumbnail","hentry","category-deliberando","category-diario-armstrong","category-locales","category-politica","category-region","tag-armstrong","tag-busines","tag-diario-armstrong","tag-forum-2025","tag-santa-fe","post_format-post-format-image"],"jetpack_publicize_connections":[],"jetpack_featured_media_url":"https:\/\/armstrongyregion.com.ar\/diario\/wp-content\/uploads\/2025\/09\/FORUM-1-.jpg","jetpack_shortlink":"https:\/\/wp.me\/p62QDO-cg6","jetpack_sharing_enabled":true,"amp_enabled":true,"_links":{"self":[{"href":"https:\/\/armstrongyregion.com.ar\/diario\/wp-json\/wp\/v2\/posts\/47126","targetHints":{"allow":["GET"]}}],"collection":[{"href":"https:\/\/armstrongyregion.com.ar\/diario\/wp-json\/wp\/v2\/posts"}],"about":[{"href":"https:\/\/armstrongyregion.com.ar\/diario\/wp-json\/wp\/v2\/types\/post"}],"author":[{"embeddable":true,"href":"https:\/\/armstrongyregion.com.ar\/diario\/wp-json\/wp\/v2\/users\/1"}],"replies":[{"embeddable":true,"href":"https:\/\/armstrongyregion.com.ar\/diario\/wp-json\/wp\/v2\/comments?post=47126"}],"version-history":[{"count":1,"href":"https:\/\/armstrongyregion.com.ar\/diario\/wp-json\/wp\/v2\/posts\/47126\/revisions"}],"predecessor-version":[{"id":47130,"href":"https:\/\/armstrongyregion.com.ar\/diario\/wp-json\/wp\/v2\/posts\/47126\/revisions\/47130"}],"wp:featuredmedia":[{"embeddable":true,"href":"https:\/\/armstrongyregion.com.ar\/diario\/wp-json\/wp\/v2\/media\/47127"}],"wp:attachment":[{"href":"https:\/\/armstrongyregion.com.ar\/diario\/wp-json\/wp\/v2\/media?parent=47126"}],"wp:term":[{"taxonomy":"category","embeddable":true,"href":"https:\/\/armstrongyregion.com.ar\/diario\/wp-json\/wp\/v2\/categories?post=47126"},{"taxonomy":"post_tag","embeddable":true,"href":"https:\/\/armstrongyregion.com.ar\/diario\/wp-json\/wp\/v2\/tags?post=47126"}],"curies":[{"name":"wp","href":"https:\/\/api.w.org\/{rel}","templated":true}]}}