{"id":47121,"date":"2025-09-04T23:29:55","date_gmt":"2025-09-04T23:29:55","guid":{"rendered":"https:\/\/armstrongyregion.com.ar\/diario\/?p=47121"},"modified":"2025-09-04T23:29:57","modified_gmt":"2025-09-04T23:29:57","slug":"quedo-habilitada-una-nueva-muestra-en-el-mhm-titulada-arte-en-sombra","status":"publish","type":"post","link":"https:\/\/armstrongyregion.com.ar\/diario\/quedo-habilitada-una-nueva-muestra-en-el-mhm-titulada-arte-en-sombra\/","title":{"rendered":"Qued\u00f3 habilitada una nueva muestra en el MHM titulada \u201cArte en Sombra\u201d."},"content":{"rendered":"\n<figure class=\"wp-block-image size-large\"><img loading=\"lazy\" decoding=\"async\" width=\"640\" height=\"427\" src=\"https:\/\/armstrongyregion.com.ar\/diario\/wp-content\/uploads\/2025\/09\/ARTE-SOMBRA-1--640x427.jpg\" alt=\"\" class=\"wp-image-47122\" srcset=\"https:\/\/armstrongyregion.com.ar\/diario\/wp-content\/uploads\/2025\/09\/ARTE-SOMBRA-1--640x427.jpg 640w, https:\/\/armstrongyregion.com.ar\/diario\/wp-content\/uploads\/2025\/09\/ARTE-SOMBRA-1--300x200.jpg 300w, https:\/\/armstrongyregion.com.ar\/diario\/wp-content\/uploads\/2025\/09\/ARTE-SOMBRA-1-.jpg 696w\" sizes=\"auto, (max-width: 640px) 100vw, 640px\" \/><\/figure>\n\n\n\n<p>El jueves 4 de septiembre qued\u00f3 habilitada una nueva muestra en el Museo Hist\u00f3rico Municipal<br>titulada \u201cArte en Sombra\u201d, de los artistas cordobeses V\u00edctor Hugo y V\u00edctor Manuel Favaro.<\/p>\n\n\n\n<figure class=\"wp-block-image size-large\"><img loading=\"lazy\" decoding=\"async\" width=\"640\" height=\"427\" src=\"https:\/\/armstrongyregion.com.ar\/diario\/wp-content\/uploads\/2025\/09\/ARTE-SOMBRA-2--640x427.jpg\" alt=\"\" class=\"wp-image-47123\" srcset=\"https:\/\/armstrongyregion.com.ar\/diario\/wp-content\/uploads\/2025\/09\/ARTE-SOMBRA-2--640x427.jpg 640w, https:\/\/armstrongyregion.com.ar\/diario\/wp-content\/uploads\/2025\/09\/ARTE-SOMBRA-2--300x200.jpg 300w, https:\/\/armstrongyregion.com.ar\/diario\/wp-content\/uploads\/2025\/09\/ARTE-SOMBRA-2-.jpg 694w\" sizes=\"auto, (max-width: 640px) 100vw, 640px\" \/><\/figure>\n\n\n\n<p><br>Ambos han estudiado y trabajado la t\u00e9cnica y el comportamiento de los metales y, a partir de lo que<br>denominamos \u201cchatarras o desechos\u201d de metales, lo transforman en arte mediante el proceso de<br>soldadura. Uniendo fragmentos, proyectando una luz sobre ellas o encontrando la perspectiva<br>exacta, descubriremos la imagen.<\/p>\n\n\n\n<figure class=\"wp-block-image size-large\"><img loading=\"lazy\" decoding=\"async\" width=\"640\" height=\"427\" src=\"https:\/\/armstrongyregion.com.ar\/diario\/wp-content\/uploads\/2025\/09\/ARTE-SOMBRA-3--640x427.jpg\" alt=\"\" class=\"wp-image-47124\" srcset=\"https:\/\/armstrongyregion.com.ar\/diario\/wp-content\/uploads\/2025\/09\/ARTE-SOMBRA-3--640x427.jpg 640w, https:\/\/armstrongyregion.com.ar\/diario\/wp-content\/uploads\/2025\/09\/ARTE-SOMBRA-3--300x200.jpg 300w, https:\/\/armstrongyregion.com.ar\/diario\/wp-content\/uploads\/2025\/09\/ARTE-SOMBRA-3-.jpg 662w\" sizes=\"auto, (max-width: 640px) 100vw, 640px\" \/><\/figure>\n\n\n\n<p><br>Una propuesta novedosa y una experiencia visual \u00fanica. Arte en sombras o anamorfosis, esculturas<br>abstractas.<br>En el mismo espacio se puede disfrutar de obras producidas con otras t\u00e9cnicas y movimientos como<br>la cer\u00e1mica y el realismo.<br>\u201cArte en Sombra\u201d se puede visitar hasta el 28 de septiembre, de lunes a viernes de 7 a 13 hs., martes<br>de 15 a 18 hs. y domingos de 14:30 a 17:30 hs. Entrada libre y gratuita.<\/p>\n","protected":false},"excerpt":{"rendered":"<p>El jueves 4 de septiembre qued\u00f3 habilitada una nueva muestra en el Museo Hist\u00f3rico Municipaltitulada \u201cArte en Sombra\u201d, de los artistas cordobeses V\u00edctor Hugo y V\u00edctor Manuel Favaro. Ambos han estudiado y trabajado la t\u00e9cnica y el comportamiento de los metales y, a partir de lo quedenominamos \u201cchatarras o desechos\u201d de metales, lo transforman en <a href=\"https:\/\/armstrongyregion.com.ar\/diario\/quedo-habilitada-una-nueva-muestra-en-el-mhm-titulada-arte-en-sombra\/\" title=\"Read more\" >&#8230;<\/a><\/p>\n","protected":false},"author":1,"featured_media":47122,"comment_status":"open","ping_status":"open","sticky":false,"template":"","format":"image","meta":{"_jetpack_memberships_contains_paid_content":false,"footnotes":"","jetpack_publicize_message":"","jetpack_publicize_feature_enabled":true,"jetpack_social_post_already_shared":true,"jetpack_social_options":{"image_generator_settings":{"template":"highway","default_image_id":0,"enabled":false},"version":2}},"categories":[6,8,1,2,7,3],"tags":[20,12011,1358,11904],"class_list":["post-47121","post","type-post","status-publish","format-image","has-post-thumbnail","hentry","category-cultura-entretenimiento","category-deliberando","category-diario-armstrong","category-locales","category-politica","category-region","tag-armstrong","tag-arte-sombra","tag-muestra","tag-museo-historico-municipal","post_format-post-format-image"],"jetpack_publicize_connections":[],"jetpack_featured_media_url":"https:\/\/armstrongyregion.com.ar\/diario\/wp-content\/uploads\/2025\/09\/ARTE-SOMBRA-1-.jpg","jetpack_shortlink":"https:\/\/wp.me\/p62QDO-cg1","jetpack_sharing_enabled":true,"amp_enabled":true,"_links":{"self":[{"href":"https:\/\/armstrongyregion.com.ar\/diario\/wp-json\/wp\/v2\/posts\/47121","targetHints":{"allow":["GET"]}}],"collection":[{"href":"https:\/\/armstrongyregion.com.ar\/diario\/wp-json\/wp\/v2\/posts"}],"about":[{"href":"https:\/\/armstrongyregion.com.ar\/diario\/wp-json\/wp\/v2\/types\/post"}],"author":[{"embeddable":true,"href":"https:\/\/armstrongyregion.com.ar\/diario\/wp-json\/wp\/v2\/users\/1"}],"replies":[{"embeddable":true,"href":"https:\/\/armstrongyregion.com.ar\/diario\/wp-json\/wp\/v2\/comments?post=47121"}],"version-history":[{"count":1,"href":"https:\/\/armstrongyregion.com.ar\/diario\/wp-json\/wp\/v2\/posts\/47121\/revisions"}],"predecessor-version":[{"id":47125,"href":"https:\/\/armstrongyregion.com.ar\/diario\/wp-json\/wp\/v2\/posts\/47121\/revisions\/47125"}],"wp:featuredmedia":[{"embeddable":true,"href":"https:\/\/armstrongyregion.com.ar\/diario\/wp-json\/wp\/v2\/media\/47122"}],"wp:attachment":[{"href":"https:\/\/armstrongyregion.com.ar\/diario\/wp-json\/wp\/v2\/media?parent=47121"}],"wp:term":[{"taxonomy":"category","embeddable":true,"href":"https:\/\/armstrongyregion.com.ar\/diario\/wp-json\/wp\/v2\/categories?post=47121"},{"taxonomy":"post_tag","embeddable":true,"href":"https:\/\/armstrongyregion.com.ar\/diario\/wp-json\/wp\/v2\/tags?post=47121"}],"curies":[{"name":"wp","href":"https:\/\/api.w.org\/{rel}","templated":true}]}}