{"id":47114,"date":"2025-09-04T23:25:39","date_gmt":"2025-09-04T23:25:39","guid":{"rendered":"https:\/\/armstrongyregion.com.ar\/diario\/?p=47114"},"modified":"2025-09-04T23:25:41","modified_gmt":"2025-09-04T23:25:41","slug":"armstrong-se-inicio-el-curso-de-promotores-gerontologicos","status":"publish","type":"post","link":"https:\/\/armstrongyregion.com.ar\/diario\/armstrong-se-inicio-el-curso-de-promotores-gerontologicos\/","title":{"rendered":"Armstrong. Se inici\u00f3 el curso de Promotores Gerontol\u00f3gicos."},"content":{"rendered":"\n<figure class=\"wp-block-image size-large\"><img loading=\"lazy\" decoding=\"async\" width=\"640\" height=\"427\" src=\"https:\/\/armstrongyregion.com.ar\/diario\/wp-content\/uploads\/2025\/09\/PROMOT-GERONTOLOG-1--640x427.jpg\" alt=\"\" class=\"wp-image-47115\" srcset=\"https:\/\/armstrongyregion.com.ar\/diario\/wp-content\/uploads\/2025\/09\/PROMOT-GERONTOLOG-1--640x427.jpg 640w, https:\/\/armstrongyregion.com.ar\/diario\/wp-content\/uploads\/2025\/09\/PROMOT-GERONTOLOG-1--300x200.jpg 300w, https:\/\/armstrongyregion.com.ar\/diario\/wp-content\/uploads\/2025\/09\/PROMOT-GERONTOLOG-1-.jpg 672w\" sizes=\"auto, (max-width: 640px) 100vw, 640px\" \/><\/figure>\n\n\n\n<p>Con 50 inscriptos, cupos completos, el martes 2 de septiembre, en el flamante sum del Espacio<br>Minimundo se dio inicio a la capacitaci\u00f3n para Promotores Gerontol\u00f3gicos.<\/p>\n\n\n\n<figure class=\"wp-block-image size-large\"><img loading=\"lazy\" decoding=\"async\" width=\"640\" height=\"427\" src=\"https:\/\/armstrongyregion.com.ar\/diario\/wp-content\/uploads\/2025\/09\/PROMOT-GERONTOLOGICOS-2--640x427.jpg\" alt=\"\" class=\"wp-image-47116\" srcset=\"https:\/\/armstrongyregion.com.ar\/diario\/wp-content\/uploads\/2025\/09\/PROMOT-GERONTOLOGICOS-2--640x427.jpg 640w, https:\/\/armstrongyregion.com.ar\/diario\/wp-content\/uploads\/2025\/09\/PROMOT-GERONTOLOGICOS-2--300x200.jpg 300w, https:\/\/armstrongyregion.com.ar\/diario\/wp-content\/uploads\/2025\/09\/PROMOT-GERONTOLOGICOS-2-.jpg 729w\" sizes=\"auto, (max-width: 640px) 100vw, 640px\" \/><\/figure>\n\n\n\n<p><br>La propuesta proviene del gobierno provincial, a trav\u00e9s de la Subsecretar\u00eda de Adultos<br>Mayores del Ministerio de Igualdad y Desarrollo Humano y la Municipalidad de Armstrong.<\/p>\n\n\n\n<figure class=\"wp-block-image size-large\"><img loading=\"lazy\" decoding=\"async\" width=\"640\" height=\"427\" src=\"https:\/\/armstrongyregion.com.ar\/diario\/wp-content\/uploads\/2025\/09\/PROMOT-GERONTOLOGICOS-3--640x427.jpg\" alt=\"\" class=\"wp-image-47117\" srcset=\"https:\/\/armstrongyregion.com.ar\/diario\/wp-content\/uploads\/2025\/09\/PROMOT-GERONTOLOGICOS-3--640x427.jpg 640w, https:\/\/armstrongyregion.com.ar\/diario\/wp-content\/uploads\/2025\/09\/PROMOT-GERONTOLOGICOS-3--300x200.jpg 300w, https:\/\/armstrongyregion.com.ar\/diario\/wp-content\/uploads\/2025\/09\/PROMOT-GERONTOLOGICOS-3-.jpg 730w\" sizes=\"auto, (max-width: 640px) 100vw, 640px\" \/><\/figure>\n\n\n\n<p><br>Estuvieron presentes el Subsecretario de Adultos Mayores Fabi\u00e1n Peralta, Senador Provincial Pablo<br>Verdecchia, el Presidente del Concejo Municipal Alejandro Pertusati, la Secretaria de Gobierno<br>Daniela P\u00e9rez, y la Directora de Promoci\u00f3n Comunitaria Graciela Pereyra.<\/p>\n\n\n\n<figure class=\"wp-block-image size-large\"><img loading=\"lazy\" decoding=\"async\" width=\"640\" height=\"426\" src=\"https:\/\/armstrongyregion.com.ar\/diario\/wp-content\/uploads\/2025\/09\/PROMOT-GERONTOLOG-4--640x426.jpg\" alt=\"\" class=\"wp-image-47118\" srcset=\"https:\/\/armstrongyregion.com.ar\/diario\/wp-content\/uploads\/2025\/09\/PROMOT-GERONTOLOG-4--640x426.jpg 640w, https:\/\/armstrongyregion.com.ar\/diario\/wp-content\/uploads\/2025\/09\/PROMOT-GERONTOLOG-4--300x200.jpg 300w, https:\/\/armstrongyregion.com.ar\/diario\/wp-content\/uploads\/2025\/09\/PROMOT-GERONTOLOG-4-.jpg 737w\" sizes=\"auto, (max-width: 640px) 100vw, 640px\" \/><\/figure>\n\n\n\n<p><br>Esta capacitaci\u00f3n tendr\u00e1 una duraci\u00f3n total de 150 horas, entre instancias te\u00f3ricas y<br>pr\u00e1cticas, y est\u00e1 orientada a personas mayores de 18 a\u00f1os que desempe\u00f1en o deseen<br>desempe\u00f1ar tareas de cuidado en el \u00e1mbito domiciliario y\/o institucional, y las clases<br>estar\u00e1n a cargo de profesionales de nuestra ciudad, con trayectoria en las tem\u00e1ticas<br>correspondientes.<\/p>\n\n\n\n<figure class=\"wp-block-image size-large\"><img loading=\"lazy\" decoding=\"async\" width=\"640\" height=\"426\" src=\"https:\/\/armstrongyregion.com.ar\/diario\/wp-content\/uploads\/2025\/09\/PROMOT-GERONTOLOG-5--640x426.jpg\" alt=\"\" class=\"wp-image-47119\" srcset=\"https:\/\/armstrongyregion.com.ar\/diario\/wp-content\/uploads\/2025\/09\/PROMOT-GERONTOLOG-5--640x426.jpg 640w, https:\/\/armstrongyregion.com.ar\/diario\/wp-content\/uploads\/2025\/09\/PROMOT-GERONTOLOG-5--300x200.jpg 300w, https:\/\/armstrongyregion.com.ar\/diario\/wp-content\/uploads\/2025\/09\/PROMOT-GERONTOLOG-5-.jpg 740w\" sizes=\"auto, (max-width: 640px) 100vw, 640px\" \/><\/figure>\n\n\n\n<p><br>Invertir en formaci\u00f3n de promotores gerontol\u00f3gicos es una pol\u00edtica p\u00fablica inteligente y<br>humana que aborda los desaf\u00edos del envejecimiento poblacional, mejora la calidad de vida<br>de las personas mayores, optimiza el uso de los recursos p\u00fablicos y fortalece el tejido social.<\/p>\n","protected":false},"excerpt":{"rendered":"<p>Con 50 inscriptos, cupos completos, el martes 2 de septiembre, en el flamante sum del EspacioMinimundo se dio inicio a la capacitaci\u00f3n para Promotores Gerontol\u00f3gicos. La propuesta proviene del gobierno provincial, a trav\u00e9s de la Subsecretar\u00eda de AdultosMayores del Ministerio de Igualdad y Desarrollo Humano y la Municipalidad de Armstrong. Estuvieron presentes el Subsecretario de <a href=\"https:\/\/armstrongyregion.com.ar\/diario\/armstrong-se-inicio-el-curso-de-promotores-gerontologicos\/\" title=\"Read more\" >&#8230;<\/a><\/p>\n","protected":false},"author":1,"featured_media":47115,"comment_status":"open","ping_status":"open","sticky":false,"template":"","format":"image","meta":{"_jetpack_memberships_contains_paid_content":false,"footnotes":"","jetpack_publicize_message":"","jetpack_publicize_feature_enabled":true,"jetpack_social_post_already_shared":true,"jetpack_social_options":{"image_generator_settings":{"template":"highway","default_image_id":0,"enabled":false},"version":2}},"categories":[6,1,2,7,3],"tags":[20,412,5030,9794,12009,12010],"class_list":["post-47114","post","type-post","status-publish","format-image","has-post-thumbnail","hentry","category-cultura-entretenimiento","category-diario-armstrong","category-locales","category-politica","category-region","tag-armstrong","tag-curso","tag-diario-armstrong","tag-dr-pablo-verdecchia","tag-promotores-gerontologicos","tag-secret-daniela-pere","post_format-post-format-image"],"jetpack_publicize_connections":[],"jetpack_featured_media_url":"https:\/\/armstrongyregion.com.ar\/diario\/wp-content\/uploads\/2025\/09\/PROMOT-GERONTOLOG-1-.jpg","jetpack_shortlink":"https:\/\/wp.me\/p62QDO-cfU","jetpack_sharing_enabled":true,"amp_enabled":true,"_links":{"self":[{"href":"https:\/\/armstrongyregion.com.ar\/diario\/wp-json\/wp\/v2\/posts\/47114","targetHints":{"allow":["GET"]}}],"collection":[{"href":"https:\/\/armstrongyregion.com.ar\/diario\/wp-json\/wp\/v2\/posts"}],"about":[{"href":"https:\/\/armstrongyregion.com.ar\/diario\/wp-json\/wp\/v2\/types\/post"}],"author":[{"embeddable":true,"href":"https:\/\/armstrongyregion.com.ar\/diario\/wp-json\/wp\/v2\/users\/1"}],"replies":[{"embeddable":true,"href":"https:\/\/armstrongyregion.com.ar\/diario\/wp-json\/wp\/v2\/comments?post=47114"}],"version-history":[{"count":1,"href":"https:\/\/armstrongyregion.com.ar\/diario\/wp-json\/wp\/v2\/posts\/47114\/revisions"}],"predecessor-version":[{"id":47120,"href":"https:\/\/armstrongyregion.com.ar\/diario\/wp-json\/wp\/v2\/posts\/47114\/revisions\/47120"}],"wp:featuredmedia":[{"embeddable":true,"href":"https:\/\/armstrongyregion.com.ar\/diario\/wp-json\/wp\/v2\/media\/47115"}],"wp:attachment":[{"href":"https:\/\/armstrongyregion.com.ar\/diario\/wp-json\/wp\/v2\/media?parent=47114"}],"wp:term":[{"taxonomy":"category","embeddable":true,"href":"https:\/\/armstrongyregion.com.ar\/diario\/wp-json\/wp\/v2\/categories?post=47114"},{"taxonomy":"post_tag","embeddable":true,"href":"https:\/\/armstrongyregion.com.ar\/diario\/wp-json\/wp\/v2\/tags?post=47114"}],"curies":[{"name":"wp","href":"https:\/\/api.w.org\/{rel}","templated":true}]}}