{"id":47106,"date":"2025-09-04T13:04:09","date_gmt":"2025-09-04T13:04:09","guid":{"rendered":"https:\/\/armstrongyregion.com.ar\/diario\/?p=47106"},"modified":"2025-09-04T13:04:13","modified_gmt":"2025-09-04T13:04:13","slug":"asuncion-del-nuevo-prosecretario-del-concejo-municipal-de-armstrong","status":"publish","type":"post","link":"https:\/\/armstrongyregion.com.ar\/diario\/asuncion-del-nuevo-prosecretario-del-concejo-municipal-de-armstrong\/","title":{"rendered":"Asunci\u00f3n del nuevo prosecretario del Concejo Municipal de Armstrong."},"content":{"rendered":"\n<figure class=\"wp-block-image size-full\"><img loading=\"lazy\" decoding=\"async\" width=\"600\" height=\"458\" src=\"https:\/\/armstrongyregion.com.ar\/diario\/wp-content\/uploads\/2025\/09\/pro-secretario-1-.jpg\" alt=\"\" class=\"wp-image-47108\" srcset=\"https:\/\/armstrongyregion.com.ar\/diario\/wp-content\/uploads\/2025\/09\/pro-secretario-1-.jpg 600w, https:\/\/armstrongyregion.com.ar\/diario\/wp-content\/uploads\/2025\/09\/pro-secretario-1--300x229.jpg 300w\" sizes=\"auto, (max-width: 600px) 100vw, 600px\" \/><\/figure>\n\n\n\n<p>En la sesi\u00f3n del martes 2 de septiembre se llev\u00f3 a cabo la asunci\u00f3n del nuevo Prosecretario del Concejo Municipal de Armstrong.\u00a0<\/p>\n\n\n\n<figure class=\"wp-block-image size-full\"><img loading=\"lazy\" decoding=\"async\" width=\"599\" height=\"436\" src=\"https:\/\/armstrongyregion.com.ar\/diario\/wp-content\/uploads\/2025\/09\/prosecretario2-.jpg\" alt=\"\" class=\"wp-image-47109\" srcset=\"https:\/\/armstrongyregion.com.ar\/diario\/wp-content\/uploads\/2025\/09\/prosecretario2-.jpg 599w, https:\/\/armstrongyregion.com.ar\/diario\/wp-content\/uploads\/2025\/09\/prosecretario2--300x218.jpg 300w\" sizes=\"auto, (max-width: 599px) 100vw, 599px\" \/><\/figure>\n\n\n\n<p><br>Pasado el Concurso que inici\u00f3 el 21 de julio y que tuvo 25 interesados y 4 etapas de evaluaci\u00f3n; PRESENTACI\u00d3N DE ACTECEDENTES \u2013 EXAMEN ESCRITO \u2013 EXAMEN DE COMPUTACI\u00d3N \u2013 ENTREVISTA.<br>El concurso dio como ganador al Lic. Adri\u00e1n Compagnucci que obtuvo 78,5 pts, seguido por Silvia Di Benedetto (71,15 pts), Virginia M\u00e9dici (65,20 pts) y Aldina Isoardi (59,75 pts).<\/p>\n\n\n\n<p><br>El Presidente del Concejo Municipal, Lic. Alejandro Pertusati, luego de tomarle juramento se refiri\u00f3 al tema: \u201cHemos llevado adelante un concurso ejemplar, Adri\u00e1n se destac\u00f3 en todas las instancias y es merecedor del lugar que gan\u00f3. Cecilia Noriega (la Prosecretaria saliente) deja una vara muy alta porque es un ejemplo de respeto, responsabilidad, compromiso y trabajo. Valores indispensables para el Concejo que queremos\u201d<\/p>\n","protected":false},"excerpt":{"rendered":"<p>En la sesi\u00f3n del martes 2 de septiembre se llev\u00f3 a cabo la asunci\u00f3n del nuevo Prosecretario del Concejo Municipal de Armstrong.\u00a0 Pasado el Concurso que inici\u00f3 el 21 de julio y que tuvo 25 interesados y 4 etapas de evaluaci\u00f3n; PRESENTACI\u00d3N DE ACTECEDENTES \u2013 EXAMEN ESCRITO \u2013 EXAMEN DE COMPUTACI\u00d3N \u2013 ENTREVISTA.El concurso dio <a href=\"https:\/\/armstrongyregion.com.ar\/diario\/asuncion-del-nuevo-prosecretario-del-concejo-municipal-de-armstrong\/\" title=\"Read more\" >&#8230;<\/a><\/p>\n","protected":false},"author":1,"featured_media":47108,"comment_status":"open","ping_status":"open","sticky":false,"template":"","format":"image","meta":{"_jetpack_memberships_contains_paid_content":false,"footnotes":"","jetpack_publicize_message":"","jetpack_publicize_feature_enabled":true,"jetpack_social_post_already_shared":true,"jetpack_social_options":{"image_generator_settings":{"template":"highway","default_image_id":0,"enabled":false},"version":2}},"categories":[6,8,1,2,7,3],"tags":[20,50,661,10971,12008],"class_list":["post-47106","post","type-post","status-publish","format-image","has-post-thumbnail","hentry","category-cultura-entretenimiento","category-deliberando","category-diario-armstrong","category-locales","category-politica","category-region","tag-armstrong","tag-asumio","tag-concurso","tag-prof-alejandro-pertusati","tag-prosecretario-concejo-deliberante","post_format-post-format-image"],"jetpack_publicize_connections":[],"jetpack_featured_media_url":"https:\/\/armstrongyregion.com.ar\/diario\/wp-content\/uploads\/2025\/09\/pro-secretario-1-.jpg","jetpack_shortlink":"https:\/\/wp.me\/p62QDO-cfM","jetpack_sharing_enabled":true,"amp_enabled":true,"_links":{"self":[{"href":"https:\/\/armstrongyregion.com.ar\/diario\/wp-json\/wp\/v2\/posts\/47106","targetHints":{"allow":["GET"]}}],"collection":[{"href":"https:\/\/armstrongyregion.com.ar\/diario\/wp-json\/wp\/v2\/posts"}],"about":[{"href":"https:\/\/armstrongyregion.com.ar\/diario\/wp-json\/wp\/v2\/types\/post"}],"author":[{"embeddable":true,"href":"https:\/\/armstrongyregion.com.ar\/diario\/wp-json\/wp\/v2\/users\/1"}],"replies":[{"embeddable":true,"href":"https:\/\/armstrongyregion.com.ar\/diario\/wp-json\/wp\/v2\/comments?post=47106"}],"version-history":[{"count":2,"href":"https:\/\/armstrongyregion.com.ar\/diario\/wp-json\/wp\/v2\/posts\/47106\/revisions"}],"predecessor-version":[{"id":47110,"href":"https:\/\/armstrongyregion.com.ar\/diario\/wp-json\/wp\/v2\/posts\/47106\/revisions\/47110"}],"wp:featuredmedia":[{"embeddable":true,"href":"https:\/\/armstrongyregion.com.ar\/diario\/wp-json\/wp\/v2\/media\/47108"}],"wp:attachment":[{"href":"https:\/\/armstrongyregion.com.ar\/diario\/wp-json\/wp\/v2\/media?parent=47106"}],"wp:term":[{"taxonomy":"category","embeddable":true,"href":"https:\/\/armstrongyregion.com.ar\/diario\/wp-json\/wp\/v2\/categories?post=47106"},{"taxonomy":"post_tag","embeddable":true,"href":"https:\/\/armstrongyregion.com.ar\/diario\/wp-json\/wp\/v2\/tags?post=47106"}],"curies":[{"name":"wp","href":"https:\/\/api.w.org\/{rel}","templated":true}]}}