{"id":47103,"date":"2025-09-04T12:46:28","date_gmt":"2025-09-04T12:46:28","guid":{"rendered":"https:\/\/armstrongyregion.com.ar\/diario\/?p=47103"},"modified":"2025-09-04T13:45:08","modified_gmt":"2025-09-04T13:45:08","slug":"prevencion-y-salud-un-programa-para-tu-bienestar","status":"publish","type":"post","link":"https:\/\/armstrongyregion.com.ar\/diario\/prevencion-y-salud-un-programa-para-tu-bienestar\/","title":{"rendered":"Prevenci\u00f3n y Salud: Un programa para tu bienestar. Por Dra. D\u00e9bora Vel\u00e1zquez."},"content":{"rendered":"\n<figure class=\"wp-block-image size-full\"><img loading=\"lazy\" decoding=\"async\" width=\"536\" height=\"429\" src=\"https:\/\/armstrongyregion.com.ar\/diario\/wp-content\/uploads\/2025\/09\/Debora-Velazquez-4-9-25.jpg\" alt=\"\" class=\"wp-image-47104\" srcset=\"https:\/\/armstrongyregion.com.ar\/diario\/wp-content\/uploads\/2025\/09\/Debora-Velazquez-4-9-25.jpg 536w, https:\/\/armstrongyregion.com.ar\/diario\/wp-content\/uploads\/2025\/09\/Debora-Velazquez-4-9-25-300x240.jpg 300w\" sizes=\"auto, (max-width: 536px) 100vw, 536px\" \/><\/figure>\n\n\n\n<p>Si te perdiste el estreno de <strong>\u00abPrevenci\u00f3n y Salud\u00bb<\/strong>, no te preocupes, \u00a1a\u00fan est\u00e1s a tiempo de ponerte al d\u00eda! Este nuevo ciclo, que se estren\u00f3 el pasado lunes 1 de septiembre, est\u00e1 dedicado a explorar temas clave para tu bienestar f\u00edsico y mental, siempre de la mano de expertos.<\/p>\n\n\n\n<p>En este primer episodio, bajo el t\u00edtulo <strong>\u201cLa filosof\u00eda detr\u00e1s del tratamiento est\u00e9tico\u201d<\/strong>, abordamos c\u00f3mo preparar la piel para la primavera. Tuvimos como invitada especial a la <strong>Dra. D\u00e9bora Vel\u00e1zquez<\/strong>, quien comparti\u00f3 valiosos consejos y desmitific\u00f3 los tratamientos est\u00e9ticos.<\/p>\n\n\n\n<p>Hablamos sobre la aplicaci\u00f3n de <strong>b\u00f3tox<\/strong> y <strong>\u00e1cido hialur\u00f3nico<\/strong>, dos de los procedimientos m\u00e1s solicitados para el rejuvenecimiento facial, y tambi\u00e9n sobre diversos <strong>tratamientos corporales<\/strong> que te ayudar\u00e1n a sentirte mejor con tu cuerpo.<\/p>\n\n\n\n<p>No te pierdas las repeticiones del programa:<\/p>\n\n\n\n<ul class=\"wp-block-list\">\n<li><strong>Jueves a las 20:00 h<\/strong><\/li>\n\n\n\n<li><strong>S\u00e1bados a las 12:30 h<\/strong><\/li>\n<\/ul>\n","protected":false},"excerpt":{"rendered":"<p>Si te perdiste el estreno de \u00abPrevenci\u00f3n y Salud\u00bb, no te preocupes, \u00a1a\u00fan est\u00e1s a tiempo de ponerte al d\u00eda! Este nuevo ciclo, que se estren\u00f3 el pasado lunes 1 de septiembre, est\u00e1 dedicado a explorar temas clave para tu bienestar f\u00edsico y mental, siempre de la mano de expertos. En este primer episodio, bajo <a href=\"https:\/\/armstrongyregion.com.ar\/diario\/prevencion-y-salud-un-programa-para-tu-bienestar\/\" title=\"Read more\" >&#8230;<\/a><\/p>\n","protected":false},"author":1,"featured_media":47104,"comment_status":"open","ping_status":"open","sticky":false,"template":"","format":"image","meta":{"_jetpack_memberships_contains_paid_content":false,"footnotes":"","jetpack_publicize_message":"","jetpack_publicize_feature_enabled":true,"jetpack_social_post_already_shared":true,"jetpack_social_options":{"image_generator_settings":{"template":"highway","default_image_id":0,"enabled":false},"version":2}},"categories":[8,1,2,7,3],"tags":[2420,5030,12007,11953,582],"class_list":["post-47103","post","type-post","status-publish","format-image","has-post-thumbnail","hentry","category-deliberando","category-diario-armstrong","category-locales","category-politica","category-region","tag-bienestar","tag-diario-armstrong","tag-dra-debora-velazquez","tag-prevencion-y-salud-3","tag-programa","post_format-post-format-image"],"jetpack_publicize_connections":[],"jetpack_featured_media_url":"https:\/\/armstrongyregion.com.ar\/diario\/wp-content\/uploads\/2025\/09\/Debora-Velazquez-4-9-25.jpg","jetpack_shortlink":"https:\/\/wp.me\/p62QDO-cfJ","jetpack_sharing_enabled":true,"amp_enabled":true,"_links":{"self":[{"href":"https:\/\/armstrongyregion.com.ar\/diario\/wp-json\/wp\/v2\/posts\/47103","targetHints":{"allow":["GET"]}}],"collection":[{"href":"https:\/\/armstrongyregion.com.ar\/diario\/wp-json\/wp\/v2\/posts"}],"about":[{"href":"https:\/\/armstrongyregion.com.ar\/diario\/wp-json\/wp\/v2\/types\/post"}],"author":[{"embeddable":true,"href":"https:\/\/armstrongyregion.com.ar\/diario\/wp-json\/wp\/v2\/users\/1"}],"replies":[{"embeddable":true,"href":"https:\/\/armstrongyregion.com.ar\/diario\/wp-json\/wp\/v2\/comments?post=47103"}],"version-history":[{"count":2,"href":"https:\/\/armstrongyregion.com.ar\/diario\/wp-json\/wp\/v2\/posts\/47103\/revisions"}],"predecessor-version":[{"id":47111,"href":"https:\/\/armstrongyregion.com.ar\/diario\/wp-json\/wp\/v2\/posts\/47103\/revisions\/47111"}],"wp:featuredmedia":[{"embeddable":true,"href":"https:\/\/armstrongyregion.com.ar\/diario\/wp-json\/wp\/v2\/media\/47104"}],"wp:attachment":[{"href":"https:\/\/armstrongyregion.com.ar\/diario\/wp-json\/wp\/v2\/media?parent=47103"}],"wp:term":[{"taxonomy":"category","embeddable":true,"href":"https:\/\/armstrongyregion.com.ar\/diario\/wp-json\/wp\/v2\/categories?post=47103"},{"taxonomy":"post_tag","embeddable":true,"href":"https:\/\/armstrongyregion.com.ar\/diario\/wp-json\/wp\/v2\/tags?post=47103"}],"curies":[{"name":"wp","href":"https:\/\/api.w.org\/{rel}","templated":true}]}}