{"id":47100,"date":"2025-09-03T18:19:42","date_gmt":"2025-09-03T18:19:42","guid":{"rendered":"https:\/\/armstrongyregion.com.ar\/diario\/?p=47100"},"modified":"2025-09-03T18:19:44","modified_gmt":"2025-09-03T18:19:44","slug":"deliberando-el-pte-comunal-de-villa-eloisa-mauricio-tartaglini-realizara-un-balance-de-gestion-logros-ruta-178-y-su-futuro-politico","status":"publish","type":"post","link":"https:\/\/armstrongyregion.com.ar\/diario\/deliberando-el-pte-comunal-de-villa-eloisa-mauricio-tartaglini-realizara-un-balance-de-gestion-logros-ruta-178-y-su-futuro-politico\/","title":{"rendered":"Deliberando: El Pte. Comunal de Villa Elo\u00edsa Mauricio Tartaglini realizar\u00e1 un balance de gesti\u00f3n, logros, Ruta 178 y su futuro pol\u00edtico."},"content":{"rendered":"\n<figure class=\"wp-block-image size-full\"><img loading=\"lazy\" decoding=\"async\" width=\"495\" height=\"381\" src=\"https:\/\/armstrongyregion.com.ar\/diario\/wp-content\/uploads\/2025\/09\/MAURICIO-TARTAGLINI.jpg\" alt=\"\" class=\"wp-image-47101\" srcset=\"https:\/\/armstrongyregion.com.ar\/diario\/wp-content\/uploads\/2025\/09\/MAURICIO-TARTAGLINI.jpg 495w, https:\/\/armstrongyregion.com.ar\/diario\/wp-content\/uploads\/2025\/09\/MAURICIO-TARTAGLINI-300x231.jpg 300w\" sizes=\"auto, (max-width: 495px) 100vw, 495px\" \/><\/figure>\n\n\n\n<p>La edici\u00f3n de esta semana de <strong>\u00abDeliberando\u00bb<\/strong> tuvo un invitado de lujo, el a\u00fan presidente comunal de Villa Elo\u00edsa, <strong>Mauricio Tartaglini<\/strong>. En una entrevista profunda y reveladora, Mauricio hizo un balance de su gesti\u00f3n, a d\u00edas de dejar el cargo despu\u00e9s de varios a\u00f1os. El programa, que se emiti\u00f3 el pasado <strong>martes 2 de septiembre a las 21 hs<\/strong>, abord\u00f3 temas cruciales para la localidad y el futuro pol\u00edtico de su l\u00edder.<\/p>\n\n\n\n<h3 class=\"wp-block-heading\">Un balance con sabor a despedida.<\/h3>\n\n\n\n<p>Tartaglini, quien perdi\u00f3 por un margen muy estrecho en las \u00faltimas elecciones, comparti\u00f3 sus sensaciones a punto de finalizar su mandato: \u00bfsatisfacci\u00f3n, nostalgia o alivio? Analiz\u00f3 los posibles factores que influyeron en el resultado electoral, m\u00e1s all\u00e1 de la coyuntura pol\u00edtica general, y se pregunt\u00f3 si los vecinos reconocieron los logros de su gesti\u00f3n, a pesar de no haberle dado un nuevo mandato.<\/p>\n\n\n\n<p>Durante la entrevista, el presidente comunal saliente detall\u00f3 la situaci\u00f3n actual de Villa Elo\u00edsa. \u00bfC\u00f3mo se encuentra la comuna en t\u00e9rminos financieros? \u00bfHay proyectos en marcha o deudas pendientes? Tambi\u00e9n comparti\u00f3 detalles sobre el proceso de petici\u00f3n y lucha por mejoras de la Ruta 178.<\/p>\n\n\n\n<h3 class=\"wp-block-heading\">Logros y futuro de la localidad.<\/h3>\n\n\n\n<p>Uno de los puntos destacados de la conversaci\u00f3n fue el repaso por los logros m\u00e1s significativos de su gesti\u00f3n, en especial las obras p\u00fablicas que impactaron positivamente en la vida de los vecinos. En este sentido, Tartaglini tambi\u00e9n se refiri\u00f3 a la <strong>Primera Fiesta Provincial del Vermut<\/strong>, un evento que no solo fue un \u00e9xito, sino que tambi\u00e9n posicion\u00f3 a Villa Elo\u00edsa a nivel provincial, y coment\u00f3 el valor del apoyo de figuras como la vicegobernadora Gisela Scaglia.<\/p>\n\n\n\n<p>Finalmente, la entrevista abord\u00f3 los desaf\u00edos que quedaron por delante para la localidad y los que deber\u00e1 afrontar la nueva gesti\u00f3n. Mauricio tambi\u00e9n comparti\u00f3 reflexiones personales sobre su paso por la pol\u00edtica local y dej\u00f3 un mensaje a los vecinos de Villa Elo\u00edsa.<\/p>\n\n\n\n<p>Si te perdiste este  programa, te invitamos a revivirlo en sus pr\u00f3ximas repeticiones: <strong>mi\u00e9rcoles a las 13:30 hs<\/strong> y <strong>domingos a las 12 hs<\/strong>. \u00a1No te lo pierdas!<\/p>\n","protected":false},"excerpt":{"rendered":"<p>La edici\u00f3n de esta semana de \u00abDeliberando\u00bb tuvo un invitado de lujo, el a\u00fan presidente comunal de Villa Elo\u00edsa, Mauricio Tartaglini. En una entrevista profunda y reveladora, Mauricio hizo un balance de su gesti\u00f3n, a d\u00edas de dejar el cargo despu\u00e9s de varios a\u00f1os. El programa, que se emiti\u00f3 el pasado martes 2 de septiembre <a href=\"https:\/\/armstrongyregion.com.ar\/diario\/deliberando-el-pte-comunal-de-villa-eloisa-mauricio-tartaglini-realizara-un-balance-de-gestion-logros-ruta-178-y-su-futuro-politico\/\" title=\"Read more\" >&#8230;<\/a><\/p>\n","protected":false},"author":1,"featured_media":47101,"comment_status":"open","ping_status":"open","sticky":false,"template":"","format":"image","meta":{"_jetpack_memberships_contains_paid_content":false,"footnotes":"","jetpack_publicize_message":"","jetpack_publicize_feature_enabled":true,"jetpack_social_post_already_shared":true,"jetpack_social_options":{"image_generator_settings":{"template":"highway","default_image_id":0,"enabled":false},"version":2}},"categories":[6,8,1,2,7,3],"tags":[5030,8594,12006,12005,9182,9371],"class_list":["post-47100","post","type-post","status-publish","format-image","has-post-thumbnail","hentry","category-cultura-entretenimiento","category-deliberando","category-diario-armstrong","category-locales","category-politica","category-region","tag-diario-armstrong","tag-gestion-2","tag-logros","tag-mauricio-tartaglini","tag-ruta-178","tag-villa-eloisa","post_format-post-format-image"],"jetpack_publicize_connections":[],"jetpack_featured_media_url":"https:\/\/armstrongyregion.com.ar\/diario\/wp-content\/uploads\/2025\/09\/MAURICIO-TARTAGLINI.jpg","jetpack_shortlink":"https:\/\/wp.me\/p62QDO-cfG","jetpack_sharing_enabled":true,"amp_enabled":true,"_links":{"self":[{"href":"https:\/\/armstrongyregion.com.ar\/diario\/wp-json\/wp\/v2\/posts\/47100","targetHints":{"allow":["GET"]}}],"collection":[{"href":"https:\/\/armstrongyregion.com.ar\/diario\/wp-json\/wp\/v2\/posts"}],"about":[{"href":"https:\/\/armstrongyregion.com.ar\/diario\/wp-json\/wp\/v2\/types\/post"}],"author":[{"embeddable":true,"href":"https:\/\/armstrongyregion.com.ar\/diario\/wp-json\/wp\/v2\/users\/1"}],"replies":[{"embeddable":true,"href":"https:\/\/armstrongyregion.com.ar\/diario\/wp-json\/wp\/v2\/comments?post=47100"}],"version-history":[{"count":1,"href":"https:\/\/armstrongyregion.com.ar\/diario\/wp-json\/wp\/v2\/posts\/47100\/revisions"}],"predecessor-version":[{"id":47102,"href":"https:\/\/armstrongyregion.com.ar\/diario\/wp-json\/wp\/v2\/posts\/47100\/revisions\/47102"}],"wp:featuredmedia":[{"embeddable":true,"href":"https:\/\/armstrongyregion.com.ar\/diario\/wp-json\/wp\/v2\/media\/47101"}],"wp:attachment":[{"href":"https:\/\/armstrongyregion.com.ar\/diario\/wp-json\/wp\/v2\/media?parent=47100"}],"wp:term":[{"taxonomy":"category","embeddable":true,"href":"https:\/\/armstrongyregion.com.ar\/diario\/wp-json\/wp\/v2\/categories?post=47100"},{"taxonomy":"post_tag","embeddable":true,"href":"https:\/\/armstrongyregion.com.ar\/diario\/wp-json\/wp\/v2\/tags?post=47100"}],"curies":[{"name":"wp","href":"https:\/\/api.w.org\/{rel}","templated":true}]}}