{"id":47087,"date":"2025-09-02T21:35:47","date_gmt":"2025-09-02T21:35:47","guid":{"rendered":"https:\/\/armstrongyregion.com.ar\/diario\/?p=47087"},"modified":"2025-09-02T21:35:49","modified_gmt":"2025-09-02T21:35:49","slug":"3-asamblea-del-comite-asesor-provincial-de-discapacidad","status":"publish","type":"post","link":"https:\/\/armstrongyregion.com.ar\/diario\/3-asamblea-del-comite-asesor-provincial-de-discapacidad\/","title":{"rendered":"3\u00b0 Asamblea del Comit\u00e9 Asesor Provincial de Discapacidad."},"content":{"rendered":"\n<figure class=\"wp-block-image size-large\"><img loading=\"lazy\" decoding=\"async\" width=\"640\" height=\"480\" src=\"https:\/\/armstrongyregion.com.ar\/diario\/wp-content\/uploads\/2025\/09\/3-Asamblea-del-Comite-Asesor-Provincial-de-Discapacidad-1-640x480.jpeg\" alt=\"\" class=\"wp-image-47088\" srcset=\"https:\/\/armstrongyregion.com.ar\/diario\/wp-content\/uploads\/2025\/09\/3-Asamblea-del-Comite-Asesor-Provincial-de-Discapacidad-1-640x480.jpeg 640w, https:\/\/armstrongyregion.com.ar\/diario\/wp-content\/uploads\/2025\/09\/3-Asamblea-del-Comite-Asesor-Provincial-de-Discapacidad-1-300x225.jpeg 300w, https:\/\/armstrongyregion.com.ar\/diario\/wp-content\/uploads\/2025\/09\/3-Asamblea-del-Comite-Asesor-Provincial-de-Discapacidad-1-768x576.jpeg 768w, https:\/\/armstrongyregion.com.ar\/diario\/wp-content\/uploads\/2025\/09\/3-Asamblea-del-Comite-Asesor-Provincial-de-Discapacidad-1-1536x1152.jpeg 1536w, https:\/\/armstrongyregion.com.ar\/diario\/wp-content\/uploads\/2025\/09\/3-Asamblea-del-Comite-Asesor-Provincial-de-Discapacidad-1.jpeg 1600w\" sizes=\"auto, (max-width: 640px) 100vw, 640px\" \/><\/figure>\n\n\n\n<h2 class=\"wp-block-heading\"><strong>Armstrong estuvo presente en la 3\u00b0 Asamblea Ordinaria del Comit\u00e9 Asesor Provincial de Discapacidad que se realiz\u00f3 en la ciudad de G\u00e1lvez, el pasado mi\u00e9rcoles 27 de agosto.<\/strong><\/h2>\n\n\n\n<p>All\u00ed estuvo la Dra. Romina Rinaldi, integrante de Promoci\u00f3n Comunitaria y representante titular por og nodo Rosario del Comit\u00e9 mencionado.<br>La actividad tuvo como eje central la educaci\u00f3n inclusiva y reuni\u00f3 a referentes provinciales y locales del \u00e1rea de discapacidad, entre ellas la Subsecretaria de Personas con Discapacidad Florencia Ottolini, la Secretaria de Educaci\u00f3n Carolina Piedrabuena, la Subsecretaria de Educaci\u00f3n Inclusiva Betina Florito, y la Secretaria de Pol\u00edticas Sociales e Integraci\u00f3n Viviana Foresi.<\/p>\n\n\n\n<p>Durante la asamblea, las funcionarias destacaron la importancia de estos espacios como instancias de escucha, intercambio y planificaci\u00f3n conjunta, tanto para transmitir el trabajo que realiza el Estado como para conocer las necesidades y propuestas de las organizaciones y comunidades.<br>Uno de los temas centrales abordados fue el dise\u00f1o curricular de la educaci\u00f3n primaria, que no se actualiza desde hace 30 a\u00f1os. Las autoridades resaltaron la necesidad de incorporar las nuevas concepciones pedag\u00f3gicas y principios de la Ley Nacional de Educaci\u00f3n, adaptando la ense\u00f1anza a aulas heterog\u00e9neas, donde conviven alumnos con y sin discapacidad.<\/p>\n\n\n\n<p>Asimismo, se destac\u00f3 el rol de la diversificaci\u00f3n curricular, que permite planificar los tiempos y contenidos del aula para atender las necesidades de cada estudiante. En este marco, el Ministerio de Educaci\u00f3n trabaja tambi\u00e9n en la formaci\u00f3n docente continua: el a\u00f1o pasado m\u00e1s de 18.000 docentes participaron de capacitaciones dise\u00f1adas por la Subsecretar\u00eda de Inclusi\u00f3n Educativa bajo el programa \u201cHerramientas para el aula\u201d, orientadas a mejorar la pr\u00e1ctica educativa inclusiva.<\/p>\n\n\n\n<p>Las autoridades coincidieron en que, aunque a\u00fan queda mucho por hacer, estos encuentros fortalecen la inclusi\u00f3n educativa y la participaci\u00f3n de todos los actores, constituyendo un espacio de di\u00e1logo que permite avanzar en pol\u00edticas integrales y adaptadas a las realidades locales.<\/p>\n","protected":false},"excerpt":{"rendered":"<p>Armstrong estuvo presente en la 3\u00b0 Asamblea Ordinaria del Comit\u00e9 Asesor Provincial de Discapacidad que se realiz\u00f3 en la ciudad de G\u00e1lvez, el pasado mi\u00e9rcoles 27 de agosto. All\u00ed estuvo la Dra. Romina Rinaldi, integrante de Promoci\u00f3n Comunitaria y representante titular por og nodo Rosario del Comit\u00e9 mencionado.La actividad tuvo como eje central la educaci\u00f3n <a href=\"https:\/\/armstrongyregion.com.ar\/diario\/3-asamblea-del-comite-asesor-provincial-de-discapacidad\/\" title=\"Read more\" >&#8230;<\/a><\/p>\n","protected":false},"author":1,"featured_media":47088,"comment_status":"open","ping_status":"open","sticky":false,"template":"","format":"image","meta":{"_jetpack_memberships_contains_paid_content":false,"footnotes":"","jetpack_publicize_message":"","jetpack_publicize_feature_enabled":true,"jetpack_social_post_already_shared":true,"jetpack_social_options":{"image_generator_settings":{"template":"highway","default_image_id":0,"enabled":false},"version":2}},"categories":[8,1,2,7,3],"tags":[],"class_list":["post-47087","post","type-post","status-publish","format-image","has-post-thumbnail","hentry","category-deliberando","category-diario-armstrong","category-locales","category-politica","category-region","post_format-post-format-image"],"jetpack_publicize_connections":[],"jetpack_featured_media_url":"https:\/\/armstrongyregion.com.ar\/diario\/wp-content\/uploads\/2025\/09\/3-Asamblea-del-Comite-Asesor-Provincial-de-Discapacidad-1.jpeg","jetpack_shortlink":"https:\/\/wp.me\/p62QDO-cft","jetpack_sharing_enabled":true,"amp_enabled":true,"_links":{"self":[{"href":"https:\/\/armstrongyregion.com.ar\/diario\/wp-json\/wp\/v2\/posts\/47087","targetHints":{"allow":["GET"]}}],"collection":[{"href":"https:\/\/armstrongyregion.com.ar\/diario\/wp-json\/wp\/v2\/posts"}],"about":[{"href":"https:\/\/armstrongyregion.com.ar\/diario\/wp-json\/wp\/v2\/types\/post"}],"author":[{"embeddable":true,"href":"https:\/\/armstrongyregion.com.ar\/diario\/wp-json\/wp\/v2\/users\/1"}],"replies":[{"embeddable":true,"href":"https:\/\/armstrongyregion.com.ar\/diario\/wp-json\/wp\/v2\/comments?post=47087"}],"version-history":[{"count":1,"href":"https:\/\/armstrongyregion.com.ar\/diario\/wp-json\/wp\/v2\/posts\/47087\/revisions"}],"predecessor-version":[{"id":47089,"href":"https:\/\/armstrongyregion.com.ar\/diario\/wp-json\/wp\/v2\/posts\/47087\/revisions\/47089"}],"wp:featuredmedia":[{"embeddable":true,"href":"https:\/\/armstrongyregion.com.ar\/diario\/wp-json\/wp\/v2\/media\/47088"}],"wp:attachment":[{"href":"https:\/\/armstrongyregion.com.ar\/diario\/wp-json\/wp\/v2\/media?parent=47087"}],"wp:term":[{"taxonomy":"category","embeddable":true,"href":"https:\/\/armstrongyregion.com.ar\/diario\/wp-json\/wp\/v2\/categories?post=47087"},{"taxonomy":"post_tag","embeddable":true,"href":"https:\/\/armstrongyregion.com.ar\/diario\/wp-json\/wp\/v2\/tags?post=47087"}],"curies":[{"name":"wp","href":"https:\/\/api.w.org\/{rel}","templated":true}]}}