{"id":47081,"date":"2025-09-02T21:07:04","date_gmt":"2025-09-02T21:07:04","guid":{"rendered":"https:\/\/armstrongyregion.com.ar\/diario\/?p=47081"},"modified":"2025-09-02T21:07:06","modified_gmt":"2025-09-02T21:07:06","slug":"municipalidad-junto-al-inta-y-el-senador-verdecchia-invitan-a-participar-de-una-nueva-capacitacion-gratuita-sobre-cultivo-primavera-verano","status":"publish","type":"post","link":"https:\/\/armstrongyregion.com.ar\/diario\/municipalidad-junto-al-inta-y-el-senador-verdecchia-invitan-a-participar-de-una-nueva-capacitacion-gratuita-sobre-cultivo-primavera-verano\/","title":{"rendered":"Municipalidad junto al INTA y el Senador Verdecchia invitan a participar de una nueva capacitaci\u00f3n gratuita sobre cultivo primavera-verano."},"content":{"rendered":"\n<figure class=\"wp-block-image size-large\"><img loading=\"lazy\" decoding=\"async\" width=\"486\" height=\"480\" src=\"https:\/\/armstrongyregion.com.ar\/diario\/wp-content\/uploads\/2025\/09\/cultivos-de-prohuerta-2025-486x480.jpg\" alt=\"\" class=\"wp-image-47082\" srcset=\"https:\/\/armstrongyregion.com.ar\/diario\/wp-content\/uploads\/2025\/09\/cultivos-de-prohuerta-2025-486x480.jpg 486w, https:\/\/armstrongyregion.com.ar\/diario\/wp-content\/uploads\/2025\/09\/cultivos-de-prohuerta-2025-300x296.jpg 300w, https:\/\/armstrongyregion.com.ar\/diario\/wp-content\/uploads\/2025\/09\/cultivos-de-prohuerta-2025.jpg 563w\" sizes=\"auto, (max-width: 486px) 100vw, 486px\" \/><figcaption class=\"wp-element-caption\">Print<\/figcaption><\/figure>\n\n\n\n<p><strong>La Municipalidad de Armstrong junto al INTA y el Senador Pablo Verdecchia invitan a participar de una nueva capacitaci\u00f3n gratuita sobre cultivo primavera-verano que se realizar\u00e1 el d\u00eda jueves 4 de septiembre a las 10 hs. en el sal\u00f3n auditorio Delmo Dar\u00f3.<\/strong><\/p>\n\n\n\n<p>La propuesta forma parte del Programa Pro Huerta y estar\u00e1 a cargo de la Ing. Agr\u00f3noma Cristina Millet, jefa de a Agencia de Extensi\u00f3n Rural del INTA Las Rosas, y del Ing. Agr\u00f3nomo Ricardo Pagani, jefe de la Agencia de Extensi\u00f3n Rural de INTA Ca\u00f1ada de G\u00f3mez.<\/p>\n\n\n\n<p>Diferentes cultivos y reciclaje de nutrientes, cuidados en la huerta familiar, la profundidad y distancia de siembra, cantidad de semillas, barreras insecticidas, entre otros conceptos.<br><strong>Se entregar\u00e1n semillas de temporada.<\/strong>&nbsp;No es necesario tener conocimientos previos ni inscribirse previamente para asistir a esta capacitaci\u00f3n.<\/p>\n","protected":false},"excerpt":{"rendered":"<p>La Municipalidad de Armstrong junto al INTA y el Senador Pablo Verdecchia invitan a participar de una nueva capacitaci\u00f3n gratuita sobre cultivo primavera-verano que se realizar\u00e1 el d\u00eda jueves 4 de septiembre a las 10 hs. en el sal\u00f3n auditorio Delmo Dar\u00f3. La propuesta forma parte del Programa Pro Huerta y estar\u00e1 a cargo de <a href=\"https:\/\/armstrongyregion.com.ar\/diario\/municipalidad-junto-al-inta-y-el-senador-verdecchia-invitan-a-participar-de-una-nueva-capacitacion-gratuita-sobre-cultivo-primavera-verano\/\" title=\"Read more\" >&#8230;<\/a><\/p>\n","protected":false},"author":1,"featured_media":47082,"comment_status":"open","ping_status":"open","sticky":false,"template":"","format":"image","meta":{"_jetpack_memberships_contains_paid_content":false,"footnotes":"","jetpack_publicize_message":"","jetpack_publicize_feature_enabled":true,"jetpack_social_post_already_shared":true,"jetpack_social_options":{"image_generator_settings":{"template":"highway","default_image_id":0,"enabled":false},"version":2}},"categories":[6,8,1,2,7,3],"tags":[5030,12003,1103,9844,10438],"class_list":["post-47081","post","type-post","status-publish","format-image","has-post-thumbnail","hentry","category-cultura-entretenimiento","category-deliberando","category-diario-armstrong","category-locales","category-politica","category-region","tag-diario-armstrong","tag-inta","tag-municipalidad","tag-primavera-verano","tag-senador-verdecchia","post_format-post-format-image"],"jetpack_publicize_connections":[],"jetpack_featured_media_url":"https:\/\/armstrongyregion.com.ar\/diario\/wp-content\/uploads\/2025\/09\/cultivos-de-prohuerta-2025.jpg","jetpack_shortlink":"https:\/\/wp.me\/p62QDO-cfn","jetpack_sharing_enabled":true,"amp_enabled":true,"_links":{"self":[{"href":"https:\/\/armstrongyregion.com.ar\/diario\/wp-json\/wp\/v2\/posts\/47081","targetHints":{"allow":["GET"]}}],"collection":[{"href":"https:\/\/armstrongyregion.com.ar\/diario\/wp-json\/wp\/v2\/posts"}],"about":[{"href":"https:\/\/armstrongyregion.com.ar\/diario\/wp-json\/wp\/v2\/types\/post"}],"author":[{"embeddable":true,"href":"https:\/\/armstrongyregion.com.ar\/diario\/wp-json\/wp\/v2\/users\/1"}],"replies":[{"embeddable":true,"href":"https:\/\/armstrongyregion.com.ar\/diario\/wp-json\/wp\/v2\/comments?post=47081"}],"version-history":[{"count":1,"href":"https:\/\/armstrongyregion.com.ar\/diario\/wp-json\/wp\/v2\/posts\/47081\/revisions"}],"predecessor-version":[{"id":47083,"href":"https:\/\/armstrongyregion.com.ar\/diario\/wp-json\/wp\/v2\/posts\/47081\/revisions\/47083"}],"wp:featuredmedia":[{"embeddable":true,"href":"https:\/\/armstrongyregion.com.ar\/diario\/wp-json\/wp\/v2\/media\/47082"}],"wp:attachment":[{"href":"https:\/\/armstrongyregion.com.ar\/diario\/wp-json\/wp\/v2\/media?parent=47081"}],"wp:term":[{"taxonomy":"category","embeddable":true,"href":"https:\/\/armstrongyregion.com.ar\/diario\/wp-json\/wp\/v2\/categories?post=47081"},{"taxonomy":"post_tag","embeddable":true,"href":"https:\/\/armstrongyregion.com.ar\/diario\/wp-json\/wp\/v2\/tags?post=47081"}],"curies":[{"name":"wp","href":"https:\/\/api.w.org\/{rel}","templated":true}]}}