{"id":47070,"date":"2025-08-26T16:38:43","date_gmt":"2025-08-26T16:38:43","guid":{"rendered":"https:\/\/armstrongyregion.com.ar\/diario\/?p=47070"},"modified":"2025-08-26T16:38:44","modified_gmt":"2025-08-26T16:38:44","slug":"deliberando-es-una-ventana-al-corazon-de-la-politica-local","status":"publish","type":"post","link":"https:\/\/armstrongyregion.com.ar\/diario\/deliberando-es-una-ventana-al-corazon-de-la-politica-local\/","title":{"rendered":"Deliberando es una ventana al coraz\u00f3n de la pol\u00edtica local."},"content":{"rendered":"\n<figure class=\"wp-block-image size-full\"><img loading=\"lazy\" decoding=\"async\" width=\"400\" height=\"300\" src=\"https:\/\/armstrongyregion.com.ar\/diario\/wp-content\/uploads\/2025\/08\/DELIBERANDO-26-8-25.jpg\" alt=\"\" class=\"wp-image-47071\" srcset=\"https:\/\/armstrongyregion.com.ar\/diario\/wp-content\/uploads\/2025\/08\/DELIBERANDO-26-8-25.jpg 400w, https:\/\/armstrongyregion.com.ar\/diario\/wp-content\/uploads\/2025\/08\/DELIBERANDO-26-8-25-300x225.jpg 300w\" sizes=\"auto, (max-width: 400px) 100vw, 400px\" \/><\/figure>\n\n\n\n<h2 class=\"wp-block-heading\">En esta primera entrega, el programa se adentra en la gesti\u00f3n legislativa con la participaci\u00f3n de dos figuras clave del Concejo Deliberante: el presidente <strong>Prof. Alejandro Pertusati<\/strong> (Unidos) y el concejal <strong>Emiliano Gramigna<\/strong>, del bloque (Renovaci\u00f3n por Armstrong). Los invitados se someter\u00e1n a un exhaustivo cuestionario sobre el pasado, presente y futuro de la ciudad.<\/h2>\n\n\n\n<p>El profesor Pertusati har\u00e1 un <strong>balance de su gesti\u00f3n, destacando los proyectos aprobados de mayor impacto y aquellos que a\u00fan est\u00e1n pendientes. <\/strong>Tambi\u00e9n, revelar\u00e1 detalles sobre la relaci\u00f3n del Concejo con el Departamento Ejecutivo,<strong> la designaci\u00f3n del nuevo Prosecretario, y c\u00f3mo se mantienen el di\u00e1logo y el respeto entre los ediles.<\/strong> Adem\u00e1s, compartir\u00e1 su visi\u00f3n de cara al 10 de diciembre, cuando asuma el nuevo gobierno municipal, y ofrecer\u00e1 consejos a los concejales electos.<\/p>\n\n\n\n<p>Por su parte, el concejal Gramigna ofrecer\u00e1 su an\u00e1lisis sobre el resultado electoral que dej\u00f3 a su bloque con un solo miembro.<strong> Hablar\u00e1 sobre su nuevo rol como \u00fanica voz de la oposici\u00f3n y c\u00f3mo planea abordar el debate legislativo en este nuevo escenario. Tambi\u00e9n, expondr\u00e1 sus prioridades de trabajo y su visi\u00f3n sobre la coyuntura pol\u00edtica provincial <\/strong>y nacional, evaluando el impacto de las pol\u00edticas de los gobiernos de <strong>Maximiliano Pullaro<\/strong> y <strong>Javier Milei<\/strong> en la vida de los vecinos de Armstrong.<\/p>\n\n\n\n<p><strong>Deliberando<\/strong> <strong>es una ventana al coraz\u00f3n de la pol\u00edtica local, un espacio donde las preguntas que te haces tienen respuesta. <\/strong>Pertusati y Gramigna en un debate esencial que te ayudar\u00e1 a comprender los desaf\u00edos que se vienen para Armstrong. No lo olvides, la cita es este <strong>martes a las 21:00<\/strong>.<\/p>\n\n\n\n<p>Si te lo perdiste, podr\u00e1s ver las repeticiones los <strong>mi\u00e9rcoles a las 13:30 hs.<\/strong> y los <strong>domingos a las 12:00 hs<\/strong>. <\/p>\n","protected":false},"excerpt":{"rendered":"<p>En esta primera entrega, el programa se adentra en la gesti\u00f3n legislativa con la participaci\u00f3n de dos figuras clave del Concejo Deliberante: el presidente Prof. Alejandro Pertusati (Unidos) y el concejal Emiliano Gramigna, del bloque (Renovaci\u00f3n por Armstrong). Los invitados se someter\u00e1n a un exhaustivo cuestionario sobre el pasado, presente y futuro de la ciudad. <a href=\"https:\/\/armstrongyregion.com.ar\/diario\/deliberando-es-una-ventana-al-corazon-de-la-politica-local\/\" title=\"Read more\" >&#8230;<\/a><\/p>\n","protected":false},"author":1,"featured_media":47071,"comment_status":"open","ping_status":"open","sticky":false,"template":"","format":"image","meta":{"_jetpack_memberships_contains_paid_content":false,"footnotes":"","jetpack_publicize_message":"","jetpack_publicize_feature_enabled":true,"jetpack_social_post_already_shared":true,"jetpack_social_options":{"image_generator_settings":{"template":"highway","default_image_id":0,"enabled":false},"version":2}},"categories":[6,8,1,2,7,3],"tags":[179,11999,44,5030,11996,10971,2249],"class_list":["post-47070","post","type-post","status-publish","format-image","has-post-thumbnail","hentry","category-cultura-entretenimiento","category-deliberando","category-diario-armstrong","category-locales","category-politica","category-region","tag-al","tag-conceja-emiliano-gramigna","tag-deliberando-2","tag-diario-armstrong","tag-politica-local","tag-prof-alejandro-pertusati","tag-ventana","post_format-post-format-image"],"jetpack_publicize_connections":[],"jetpack_featured_media_url":"https:\/\/armstrongyregion.com.ar\/diario\/wp-content\/uploads\/2025\/08\/DELIBERANDO-26-8-25.jpg","jetpack_shortlink":"https:\/\/wp.me\/p62QDO-cfc","jetpack_sharing_enabled":true,"amp_enabled":true,"_links":{"self":[{"href":"https:\/\/armstrongyregion.com.ar\/diario\/wp-json\/wp\/v2\/posts\/47070","targetHints":{"allow":["GET"]}}],"collection":[{"href":"https:\/\/armstrongyregion.com.ar\/diario\/wp-json\/wp\/v2\/posts"}],"about":[{"href":"https:\/\/armstrongyregion.com.ar\/diario\/wp-json\/wp\/v2\/types\/post"}],"author":[{"embeddable":true,"href":"https:\/\/armstrongyregion.com.ar\/diario\/wp-json\/wp\/v2\/users\/1"}],"replies":[{"embeddable":true,"href":"https:\/\/armstrongyregion.com.ar\/diario\/wp-json\/wp\/v2\/comments?post=47070"}],"version-history":[{"count":1,"href":"https:\/\/armstrongyregion.com.ar\/diario\/wp-json\/wp\/v2\/posts\/47070\/revisions"}],"predecessor-version":[{"id":47072,"href":"https:\/\/armstrongyregion.com.ar\/diario\/wp-json\/wp\/v2\/posts\/47070\/revisions\/47072"}],"wp:featuredmedia":[{"embeddable":true,"href":"https:\/\/armstrongyregion.com.ar\/diario\/wp-json\/wp\/v2\/media\/47071"}],"wp:attachment":[{"href":"https:\/\/armstrongyregion.com.ar\/diario\/wp-json\/wp\/v2\/media?parent=47070"}],"wp:term":[{"taxonomy":"category","embeddable":true,"href":"https:\/\/armstrongyregion.com.ar\/diario\/wp-json\/wp\/v2\/categories?post=47070"},{"taxonomy":"post_tag","embeddable":true,"href":"https:\/\/armstrongyregion.com.ar\/diario\/wp-json\/wp\/v2\/tags?post=47070"}],"curies":[{"name":"wp","href":"https:\/\/api.w.org\/{rel}","templated":true}]}}