{"id":47067,"date":"2025-08-26T16:20:22","date_gmt":"2025-08-26T16:20:22","guid":{"rendered":"https:\/\/armstrongyregion.com.ar\/diario\/?p=47067"},"modified":"2025-08-26T16:20:24","modified_gmt":"2025-08-26T16:20:24","slug":"la-copa-tunel-subfluvial-femenina-arranca-con-claudia-giaccone-como-embajadora","status":"publish","type":"post","link":"https:\/\/armstrongyregion.com.ar\/diario\/la-copa-tunel-subfluvial-femenina-arranca-con-claudia-giaccone-como-embajadora\/","title":{"rendered":"La Copa T\u00fanel Subfluvial Femenina arranca con Claudia Giaccone como embajadora."},"content":{"rendered":"\n<figure class=\"wp-block-image size-full\"><img loading=\"lazy\" decoding=\"async\" width=\"585\" height=\"436\" src=\"https:\/\/armstrongyregion.com.ar\/diario\/wp-content\/uploads\/2025\/08\/GIACCONE-26-8-25.jpg\" alt=\"\" class=\"wp-image-47068\" srcset=\"https:\/\/armstrongyregion.com.ar\/diario\/wp-content\/uploads\/2025\/08\/GIACCONE-26-8-25.jpg 585w, https:\/\/armstrongyregion.com.ar\/diario\/wp-content\/uploads\/2025\/08\/GIACCONE-26-8-25-300x224.jpg 300w\" sizes=\"auto, (max-width: 585px) 100vw, 585px\" \/><\/figure>\n\n\n\n<h2 class=\"wp-block-heading\">Un torneo que une dos orillas. La primera edici\u00f3n llega con un gesto cargado de simbolismo: las Ligas Santafesina y Paranaense presentaron a la Licenciada Claudia Giaccone, Subsecretaria de la Regi\u00f3n Centro, como embajadora oficial.<\/h2>\n\n\n\n<p>La elecci\u00f3n de Giaccone no es casual. Representa el compromiso por la integraci\u00f3n, la igualdad de g\u00e9nero y el crecimiento de un deporte que en los \u00faltimos a\u00f1os viene ganando visibilidad y protagonismo.<br>La dirigente, con una extensa trayectoria en gesti\u00f3n deportiva, ha sido clave en el impulso de las disciplinas femeninas y mantiene un fuerte lazo con ambas provincias.<\/p>\n\n\n\n<h3 class=\"wp-block-heading\">Fiesta en el predio Nery Pumpido<\/h3>\n\n\n\n<p>El puntapi\u00e9 inicial del certamen tendr\u00e1 lugar este domingo en el predio Nery Alberto Pumpido, donde adem\u00e1s se inaugurar\u00e1 el nuevo sistema lum\u00ednico de la cancha n\u00famero 2, que lleva el nombre del campe\u00f3n del mundo Pedro Pablo Pasculli. Esta obra, largamente esperada, jerarquizar\u00e1 la competencia y permitir\u00e1 mayor programaci\u00f3n de encuentros en horarios nocturnos, brindando mejores condiciones a jugadoras, \u00e1rbitros y p\u00fablico.<\/p>\n\n\n\n<p>La combinaci\u00f3n entre el inicio de la Copa y la puesta en marcha de la iluminaci\u00f3n promete una verdadera fiesta para la comunidad futbolera regional.<\/p>\n\n\n\n<h3 class=\"wp-block-heading\">Giaccone, promotora del proyecto<\/h3>\n\n\n\n<p>Desde los primeros pasos de la iniciativa, Claudia Giaccone fue una de las principales impulsoras de la Copa. Su visi\u00f3n de un torneo que una a Santa Fe y Paran\u00e1 bajo la bandera del f\u00fatbol femenino encontr\u00f3 eco en dirigentes, entrenadores, jugadoras y familias.<br><em>\u201cLa Copa T\u00fanel no es solo un campeonato: es un puente de oportunidades para nuestras jugadoras, un mensaje de hermandad entre nuestras ciudades y un ejemplo de trabajo conjunto\u201d<\/em>, expres\u00f3 en m\u00e1s de una ocasi\u00f3n.<\/p>\n\n\n\n<p>Su designaci\u00f3n como embajadora reconoce no solo su tarea institucional, sino tambi\u00e9n la convicci\u00f3n con la que defendi\u00f3 siempre la igualdad de oportunidades.<\/p>\n\n\n\n<h3 class=\"wp-block-heading\">Reconocimientos de ambas ligas<\/h3>\n\n\n\n<p>Los presidentes de las dos ligas destacaron la figura de la funcionaria. Leandro Birollo, de la Liga Santafesina, asegur\u00f3:<em>&nbsp;\u201cClaudia tiene un sentido de pertenencia muy fuerte con el f\u00fatbol femenino. Siempre acompa\u00f1\u00f3 con hechos concretos, y gracias a eso hoy damos este paso hist\u00f3rico\u201d.<\/em><\/p>\n\n\n\n<p>En tanto, Alejandro Schneider, titular de la Liga Paranaense, subray\u00f3:&nbsp;<em>\u201cEs un orgullo que sea nuestra embajadora, porque simboliza exactamente lo que pretendemos que sea este torneo: uni\u00f3n, crecimiento y proyecci\u00f3n\u201d.<\/em><\/p>\n\n\n\n<h3 class=\"wp-block-heading\">M\u00e1s que un campeonato<\/h3>\n\n\n\n<p>La Copa T\u00fanel Subfluvial Femenina es mucho m\u00e1s que un torneo deportivo. Se trata de un s\u00edmbolo de integraci\u00f3n entre las comunidades de Santa Fe y Paran\u00e1. Es tambi\u00e9n una experiencia pionera de cooperaci\u00f3n interprovincial que busca continuidad en el tiempo, con la meta de sumar cada a\u00f1o m\u00e1s equipos, mayor jerarqu\u00eda y m\u00e1s representatividad.<\/p>\n\n\n\n<p>El certamen se proyecta como un puente de fraternidad, capaz de fortalecer v\u00ednculos entre clubes, dirigentes y jugadoras, y de consolidar al f\u00fatbol femenino como motor de inclusi\u00f3n y transformaci\u00f3n social.<\/p>\n\n\n\n<h3 class=\"wp-block-heading\">Un paso adelante en infraestructura<\/h3>\n\n\n\n<p>El estreno de la iluminaci\u00f3n en la cancha Pasculli es otro hito fundamental. Se trata de un avance que permitir\u00e1 ofrecer condiciones profesionales al f\u00fatbol femenino y mejorar la experiencia de quienes asisten a los partidos. Es un paso hacia la igualdad que coloca a la Liga Santafesina en sinton\u00eda con las demandas de un deporte que ya no admite relegar a las mujeres a un segundo plano.<\/p>\n\n\n\n<h3 class=\"wp-block-heading\">Giaccone y su trayectoria<\/h3>\n\n\n\n<p>La carrera de Claudia Giaccone ha estado atravesada siempre por la defensa de la igualdad de g\u00e9nero en el deporte. Como legisladora y funcionaria, impuls\u00f3 programas que fomentaron la participaci\u00f3n de mujeres y ni\u00f1as, apoy\u00f3 a clubes de barrio y promovi\u00f3 proyectos de integraci\u00f3n regional.<\/p>\n\n\n\n<p>Su designaci\u00f3n como embajadora de la Copa T\u00fanel es un reconocimiento a esas luchas y a su visi\u00f3n de futuro: consolidar el f\u00fatbol femenino como un espacio de igualdad y oportunidad.<\/p>\n\n\n\n<h3 class=\"wp-block-heading\">Proyecci\u00f3n y desaf\u00edos<\/h3>\n\n\n\n<p>El desaf\u00edo de cara al futuro ser\u00e1 garantizar la continuidad de la Copa, ampliar la convocatoria y asegurar el acompa\u00f1amiento institucional. La experiencia de integraci\u00f3n entre las dos ligas es in\u00e9dita, y su consolidaci\u00f3n depender\u00e1 del esfuerzo compartido entre dirigentes, jugadoras y comunidades.<\/p>\n\n\n\n<p>La meta es clara: que cada edici\u00f3n sea m\u00e1s representativa, con mayor nivel de competencia y con infraestructura a la altura de un deporte en crecimiento.<\/p>\n\n\n\n<p><\/p>\n","protected":false},"excerpt":{"rendered":"<p>Un torneo que une dos orillas. La primera edici\u00f3n llega con un gesto cargado de simbolismo: las Ligas Santafesina y Paranaense presentaron a la Licenciada Claudia Giaccone, Subsecretaria de la Regi\u00f3n Centro, como embajadora oficial. La elecci\u00f3n de Giaccone no es casual. Representa el compromiso por la integraci\u00f3n, la igualdad de g\u00e9nero y el crecimiento <a href=\"https:\/\/armstrongyregion.com.ar\/diario\/la-copa-tunel-subfluvial-femenina-arranca-con-claudia-giaccone-como-embajadora\/\" title=\"Read more\" >&#8230;<\/a><\/p>\n","protected":false},"author":1,"featured_media":47068,"comment_status":"open","ping_status":"open","sticky":false,"template":"","format":"image","meta":{"_jetpack_memberships_contains_paid_content":false,"footnotes":"","jetpack_publicize_message":"","jetpack_publicize_feature_enabled":true,"jetpack_social_post_already_shared":true,"jetpack_social_options":{"image_generator_settings":{"template":"highway","default_image_id":0,"enabled":false},"version":2}},"categories":[6,8,1,2,7,3],"tags":[11993,1319,572,100,2645,11994,2372,11992],"class_list":["post-47067","post","type-post","status-publish","format-image","has-post-thumbnail","hentry","category-cultura-entretenimiento","category-deliberando","category-diario-armstrong","category-locales","category-politica","category-region","tag-arranca","tag-claudia-giaccone","tag-como","tag-con","tag-copa","tag-embajadora","tag-femenina","tag-tunel-subfluvial","post_format-post-format-image"],"jetpack_publicize_connections":[],"jetpack_featured_media_url":"https:\/\/armstrongyregion.com.ar\/diario\/wp-content\/uploads\/2025\/08\/GIACCONE-26-8-25.jpg","jetpack_shortlink":"https:\/\/wp.me\/p62QDO-cf9","jetpack_sharing_enabled":true,"amp_enabled":true,"_links":{"self":[{"href":"https:\/\/armstrongyregion.com.ar\/diario\/wp-json\/wp\/v2\/posts\/47067","targetHints":{"allow":["GET"]}}],"collection":[{"href":"https:\/\/armstrongyregion.com.ar\/diario\/wp-json\/wp\/v2\/posts"}],"about":[{"href":"https:\/\/armstrongyregion.com.ar\/diario\/wp-json\/wp\/v2\/types\/post"}],"author":[{"embeddable":true,"href":"https:\/\/armstrongyregion.com.ar\/diario\/wp-json\/wp\/v2\/users\/1"}],"replies":[{"embeddable":true,"href":"https:\/\/armstrongyregion.com.ar\/diario\/wp-json\/wp\/v2\/comments?post=47067"}],"version-history":[{"count":1,"href":"https:\/\/armstrongyregion.com.ar\/diario\/wp-json\/wp\/v2\/posts\/47067\/revisions"}],"predecessor-version":[{"id":47069,"href":"https:\/\/armstrongyregion.com.ar\/diario\/wp-json\/wp\/v2\/posts\/47067\/revisions\/47069"}],"wp:featuredmedia":[{"embeddable":true,"href":"https:\/\/armstrongyregion.com.ar\/diario\/wp-json\/wp\/v2\/media\/47068"}],"wp:attachment":[{"href":"https:\/\/armstrongyregion.com.ar\/diario\/wp-json\/wp\/v2\/media?parent=47067"}],"wp:term":[{"taxonomy":"category","embeddable":true,"href":"https:\/\/armstrongyregion.com.ar\/diario\/wp-json\/wp\/v2\/categories?post=47067"},{"taxonomy":"post_tag","embeddable":true,"href":"https:\/\/armstrongyregion.com.ar\/diario\/wp-json\/wp\/v2\/tags?post=47067"}],"curies":[{"name":"wp","href":"https:\/\/api.w.org\/{rel}","templated":true}]}}