{"id":47062,"date":"2025-08-26T16:16:12","date_gmt":"2025-08-26T16:16:12","guid":{"rendered":"https:\/\/armstrongyregion.com.ar\/diario\/?p=47062"},"modified":"2025-08-26T16:16:34","modified_gmt":"2025-08-26T16:16:34","slug":"armstrong-encuentro-de-tejedoras","status":"publish","type":"post","link":"https:\/\/armstrongyregion.com.ar\/diario\/armstrong-encuentro-de-tejedoras\/","title":{"rendered":"Armstrong. Encuentro de Tejedoras."},"content":{"rendered":"\n<figure class=\"wp-block-image size-full\"><img loading=\"lazy\" decoding=\"async\" width=\"320\" height=\"400\" src=\"https:\/\/armstrongyregion.com.ar\/diario\/wp-content\/uploads\/2025\/08\/TEJEDORAS-2025-1.jpg\" alt=\"\" class=\"wp-image-47065\" srcset=\"https:\/\/armstrongyregion.com.ar\/diario\/wp-content\/uploads\/2025\/08\/TEJEDORAS-2025-1.jpg 320w, https:\/\/armstrongyregion.com.ar\/diario\/wp-content\/uploads\/2025\/08\/TEJEDORAS-2025-1-240x300.jpg 240w\" sizes=\"auto, (max-width: 320px) 100vw, 320px\" \/><\/figure>\n\n\n\n<p>Municipalidad de Armstrong invita a participar de un encuentro de tejedoras que se realizar\u00e1 el<br>martes 2 de septiembre de 14 a 18 hs. en el Espacio Arte, para toda la comunidad y compartir,<br>adem\u00e1s del tejido a dos agujas o crochet, una tarde de colores, texturas, charlas y mates.<br>La propuesta es tejer pa\u00f1os de diferentes tama\u00f1os y colores, con el objetivo de armar el techo en<br>una plazoleta de la ciudad, techo que cobije, que convoque y nos contenga. Un trabajo compartido<br>en comunidad abierto a todos quienes quieran sumarse.<br>Hay materiales disponibles como agujas e hilos, s\u00f3lo falta voluntad de quienes quieran participar<br>para dejar su \u201cpedacito de techo\u201d.<br>Es v\u00e1lido recordar que todos los d\u00edas martes, en el mismo lugar, se dicta el taller de arte textil a<br>cargo de la Prof. Mariela Rostagno con una gran cantidad de asistentes ya que los tres horarios<br>disponibles tienen cupo completo.<\/p>\n","protected":false},"excerpt":{"rendered":"<p>Municipalidad de Armstrong invita a participar de un encuentro de tejedoras que se realizar\u00e1 elmartes 2 de septiembre de 14 a 18 hs. en el Espacio Arte, para toda la comunidad y compartir,adem\u00e1s del tejido a dos agujas o crochet, una tarde de colores, texturas, charlas y mates.La propuesta es tejer pa\u00f1os de diferentes tama\u00f1os <a href=\"https:\/\/armstrongyregion.com.ar\/diario\/armstrong-encuentro-de-tejedoras\/\" title=\"Read more\" >&#8230;<\/a><\/p>\n","protected":false},"author":1,"featured_media":47063,"comment_status":"open","ping_status":"open","sticky":false,"template":"","format":"image","meta":{"_jetpack_memberships_contains_paid_content":false,"footnotes":"","jetpack_publicize_message":"","jetpack_publicize_feature_enabled":true,"jetpack_social_post_already_shared":true,"jetpack_social_options":{"image_generator_settings":{"template":"highway","default_image_id":0,"enabled":false},"version":2}},"categories":[8,1,2,7,3],"tags":[20,19,5030,63,11991],"class_list":["post-47062","post","type-post","status-publish","format-image","has-post-thumbnail","hentry","category-deliberando","category-diario-armstrong","category-locales","category-politica","category-region","tag-armstrong","tag-de","tag-diario-armstrong","tag-encuentro","tag-tejedoras","post_format-post-format-image"],"jetpack_publicize_connections":[],"jetpack_featured_media_url":"https:\/\/armstrongyregion.com.ar\/diario\/wp-content\/uploads\/2025\/08\/TEJEDORAS-2025.jpg","jetpack_shortlink":"https:\/\/wp.me\/p62QDO-cf4","jetpack_sharing_enabled":true,"amp_enabled":true,"_links":{"self":[{"href":"https:\/\/armstrongyregion.com.ar\/diario\/wp-json\/wp\/v2\/posts\/47062","targetHints":{"allow":["GET"]}}],"collection":[{"href":"https:\/\/armstrongyregion.com.ar\/diario\/wp-json\/wp\/v2\/posts"}],"about":[{"href":"https:\/\/armstrongyregion.com.ar\/diario\/wp-json\/wp\/v2\/types\/post"}],"author":[{"embeddable":true,"href":"https:\/\/armstrongyregion.com.ar\/diario\/wp-json\/wp\/v2\/users\/1"}],"replies":[{"embeddable":true,"href":"https:\/\/armstrongyregion.com.ar\/diario\/wp-json\/wp\/v2\/comments?post=47062"}],"version-history":[{"count":2,"href":"https:\/\/armstrongyregion.com.ar\/diario\/wp-json\/wp\/v2\/posts\/47062\/revisions"}],"predecessor-version":[{"id":47066,"href":"https:\/\/armstrongyregion.com.ar\/diario\/wp-json\/wp\/v2\/posts\/47062\/revisions\/47066"}],"wp:featuredmedia":[{"embeddable":true,"href":"https:\/\/armstrongyregion.com.ar\/diario\/wp-json\/wp\/v2\/media\/47063"}],"wp:attachment":[{"href":"https:\/\/armstrongyregion.com.ar\/diario\/wp-json\/wp\/v2\/media?parent=47062"}],"wp:term":[{"taxonomy":"category","embeddable":true,"href":"https:\/\/armstrongyregion.com.ar\/diario\/wp-json\/wp\/v2\/categories?post=47062"},{"taxonomy":"post_tag","embeddable":true,"href":"https:\/\/armstrongyregion.com.ar\/diario\/wp-json\/wp\/v2\/tags?post=47062"}],"curies":[{"name":"wp","href":"https:\/\/api.w.org\/{rel}","templated":true}]}}