{"id":47043,"date":"2025-08-21T13:37:25","date_gmt":"2025-08-21T13:37:25","guid":{"rendered":"https:\/\/armstrongyregion.com.ar\/diario\/?p=47043"},"modified":"2025-08-21T13:42:36","modified_gmt":"2025-08-21T13:42:36","slug":"47043-2","status":"publish","type":"post","link":"https:\/\/armstrongyregion.com.ar\/diario\/47043-2\/","title":{"rendered":"Un \u201ccable a tierra\u201d para Armstrong: Ordenan la remoci\u00f3n de tendido a\u00e9reo en desuso."},"content":{"rendered":"\n<figure class=\"wp-block-image size-large\"><img loading=\"lazy\" decoding=\"async\" width=\"496\" height=\"480\" src=\"http:\/\/armstrongyregion.com.ar\/diario\/wp-content\/uploads\/2025\/04\/Dra.-Carla-Revigliono-MARZO-25-496x480.jpg\" alt=\"\" class=\"wp-image-45855\" srcset=\"https:\/\/armstrongyregion.com.ar\/diario\/wp-content\/uploads\/2025\/04\/Dra.-Carla-Revigliono-MARZO-25-496x480.jpg 496w, https:\/\/armstrongyregion.com.ar\/diario\/wp-content\/uploads\/2025\/04\/Dra.-Carla-Revigliono-MARZO-25-300x290.jpg 300w, https:\/\/armstrongyregion.com.ar\/diario\/wp-content\/uploads\/2025\/04\/Dra.-Carla-Revigliono-MARZO-25-768x743.jpg 768w, https:\/\/armstrongyregion.com.ar\/diario\/wp-content\/uploads\/2025\/04\/Dra.-Carla-Revigliono-MARZO-25.jpg 1071w\" sizes=\"auto, (max-width: 496px) 100vw, 496px\" \/><\/figure>\n\n\n\n<p>Al t\u00e9rmino de la sesi\u00f3n del pasado martes, la concejala Revigliono se refiri\u00f3 al proyecto, destacando su \u00abnecesidad\u00bb. \u00abHay muchos cables que est\u00e1n dando vueltas por los techos, por las calles enroscados en los \u00e1rboles, tirados que est\u00e1n en desuso, inutilizados\u00bb, explic\u00f3. Tambi\u00e9n mencion\u00f3 los cables que \u00abcruzan\u00bb las terrazas o \u00abvan por el medio de la manzana\u00bb, generando incertidumbre sobre su origen y uso.<\/p>\n\n\n\n<h3 class=\"wp-block-heading\">Un plan de acci\u00f3n para un espacio m\u00e1s limpio y seguro<\/h3>\n\n\n\n<p><\/p>\n\n\n\n<p>La ordenanza establece un procedimiento claro para la remoci\u00f3n de estos cables. Una vez sancionada, las empresas prestatarias de servicios (telefon\u00eda, cable, internet, energ\u00eda el\u00e9ctrica) tendr\u00e1n <strong>noventa d\u00edas<\/strong> para presentar un <strong>plan piloto<\/strong> que detalle c\u00f3mo van a retirar los cables de manera segura y ordenada.<\/p>\n\n\n\n<p>En caso de que las empresas no cumplan con esta obligaci\u00f3n, la autoridad de aplicaci\u00f3n, designada por el Poder Ejecutivo, las <strong>intimar\u00e1<\/strong> a hacerlo en un plazo determinado. Si a\u00fan as\u00ed no se produce la remoci\u00f3n, ser\u00e1 la propia autoridad la que proceda a retirar los cables.<\/p>\n\n\n\n<h3 class=\"wp-block-heading\">Sanciones y multas para los que no cumplan<\/h3>\n\n\n\n<p><\/p>\n\n\n\n<p>Para asegurar el cumplimiento de la ordenanza, se contemplan sanciones para las empresas que no respeten la normativa. Estas sanciones pueden ir desde un <strong>apercibimiento<\/strong> hasta <strong>multas<\/strong> o la <strong>suspensi\u00f3n<\/strong> de los servicios.<\/p>\n\n\n\n<p>El juzgado de faltas intervendr\u00e1 para aplicar las multas correspondientes, bas\u00e1ndose en el dictamen de la autoridad de aplicaci\u00f3n. Revigliono se mostr\u00f3 optimista sobre el impacto de la medida: \u00abSe van a remover\u00bb, afirm\u00f3, refiri\u00e9ndose a los cables que<strong> \u00abhoy vemos en la ciudad, que est\u00e1n enroscados en los \u00e1rboles, que est\u00e1n tirados, que est\u00e1n en desuso\u00bb. <\/strong>La concejala enfatiz\u00f3 la importancia de la iniciativa no solo por la seguridad, sino tambi\u00e9n por la <strong>contaminaci\u00f3n visual<\/strong> que genera este problema.<\/p>\n\n\n\n<p><\/p>\n","protected":false},"excerpt":{"rendered":"<p>Al t\u00e9rmino de la sesi\u00f3n del pasado martes, la concejala Revigliono se refiri\u00f3 al proyecto, destacando su \u00abnecesidad\u00bb. \u00abHay muchos cables que est\u00e1n dando vueltas por los techos, por las calles enroscados en los \u00e1rboles, tirados que est\u00e1n en desuso, inutilizados\u00bb, explic\u00f3. Tambi\u00e9n mencion\u00f3 los cables que \u00abcruzan\u00bb las terrazas o \u00abvan por el medio <a href=\"https:\/\/armstrongyregion.com.ar\/diario\/47043-2\/\" title=\"Read more\" >&#8230;<\/a><\/p>\n","protected":false},"author":1,"featured_media":45855,"comment_status":"open","ping_status":"open","sticky":false,"template":"","format":"image","meta":{"_jetpack_memberships_contains_paid_content":false,"footnotes":"","jetpack_publicize_message":"","jetpack_publicize_feature_enabled":true,"jetpack_social_post_already_shared":true,"jetpack_social_options":{"image_generator_settings":{"template":"highway","default_image_id":0,"enabled":false},"version":2}},"categories":[6,8,1,2,7,3],"tags":[9425,5030,11989,11990],"class_list":["post-47043","post","type-post","status-publish","format-image","has-post-thumbnail","hentry","category-cultura-entretenimiento","category-deliberando","category-diario-armstrong","category-locales","category-politica","category-region","tag-carla-revigliono","tag-diario-armstrong","tag-remocion","tag-tendido-aereo","post_format-post-format-image"],"jetpack_publicize_connections":[],"jetpack_featured_media_url":"https:\/\/armstrongyregion.com.ar\/diario\/wp-content\/uploads\/2025\/04\/Dra.-Carla-Revigliono-MARZO-25.jpg","jetpack_shortlink":"https:\/\/wp.me\/p62QDO-ceL","jetpack_sharing_enabled":true,"amp_enabled":true,"_links":{"self":[{"href":"https:\/\/armstrongyregion.com.ar\/diario\/wp-json\/wp\/v2\/posts\/47043","targetHints":{"allow":["GET"]}}],"collection":[{"href":"https:\/\/armstrongyregion.com.ar\/diario\/wp-json\/wp\/v2\/posts"}],"about":[{"href":"https:\/\/armstrongyregion.com.ar\/diario\/wp-json\/wp\/v2\/types\/post"}],"author":[{"embeddable":true,"href":"https:\/\/armstrongyregion.com.ar\/diario\/wp-json\/wp\/v2\/users\/1"}],"replies":[{"embeddable":true,"href":"https:\/\/armstrongyregion.com.ar\/diario\/wp-json\/wp\/v2\/comments?post=47043"}],"version-history":[{"count":4,"href":"https:\/\/armstrongyregion.com.ar\/diario\/wp-json\/wp\/v2\/posts\/47043\/revisions"}],"predecessor-version":[{"id":47050,"href":"https:\/\/armstrongyregion.com.ar\/diario\/wp-json\/wp\/v2\/posts\/47043\/revisions\/47050"}],"wp:featuredmedia":[{"embeddable":true,"href":"https:\/\/armstrongyregion.com.ar\/diario\/wp-json\/wp\/v2\/media\/45855"}],"wp:attachment":[{"href":"https:\/\/armstrongyregion.com.ar\/diario\/wp-json\/wp\/v2\/media?parent=47043"}],"wp:term":[{"taxonomy":"category","embeddable":true,"href":"https:\/\/armstrongyregion.com.ar\/diario\/wp-json\/wp\/v2\/categories?post=47043"},{"taxonomy":"post_tag","embeddable":true,"href":"https:\/\/armstrongyregion.com.ar\/diario\/wp-json\/wp\/v2\/tags?post=47043"}],"curies":[{"name":"wp","href":"https:\/\/api.w.org\/{rel}","templated":true}]}}