{"id":47040,"date":"2025-08-21T12:42:01","date_gmt":"2025-08-21T12:42:01","guid":{"rendered":"https:\/\/armstrongyregion.com.ar\/diario\/?p=47040"},"modified":"2025-08-21T12:42:03","modified_gmt":"2025-08-21T12:42:03","slug":"pies-felices-vida-sana-prevencion-y-salud-cuidado-podologico-con-monica-mendoza","status":"publish","type":"post","link":"https:\/\/armstrongyregion.com.ar\/diario\/pies-felices-vida-sana-prevencion-y-salud-cuidado-podologico-con-monica-mendoza\/","title":{"rendered":"\u00a1Pies felices, vida sana! Prevenci\u00f3n y Salud: Cuidado podol\u00f3gico con M\u00f3nica Mendoza."},"content":{"rendered":"\n<figure class=\"wp-block-image size-full\"><img loading=\"lazy\" decoding=\"async\" width=\"536\" height=\"389\" src=\"https:\/\/armstrongyregion.com.ar\/diario\/wp-content\/uploads\/2025\/08\/moni.mendoza-agosto-25.jpg\" alt=\"\" class=\"wp-image-47041\" srcset=\"https:\/\/armstrongyregion.com.ar\/diario\/wp-content\/uploads\/2025\/08\/moni.mendoza-agosto-25.jpg 536w, https:\/\/armstrongyregion.com.ar\/diario\/wp-content\/uploads\/2025\/08\/moni.mendoza-agosto-25-300x218.jpg 300w\" sizes=\"auto, (max-width: 536px) 100vw, 536px\" \/><\/figure>\n\n\n\n<h2 class=\"wp-block-heading\">El programa \u00abPrevenci\u00f3n y Salud\u00bb se sumerge en el fascinante mundo del bienestar de los pies, una parte de nuestro cuerpo a menudo olvidada pero fundamental para la salud general. En un episodio imperdible, la pod\u00f3loga M\u00f3nica Mendoza comparti\u00f3 su vasta experiencia, ofreciendo consejos pr\u00e1cticos y revelando la profunda conexi\u00f3n entre nuestros pies y nuestro estado f\u00edsico general.<\/h2>\n\n\n\n<p>En una conversaci\u00f3n amena y reveladora, M\u00f3nica Mendoza desmitific\u00f3 la podolog\u00eda, demostrando que el cuidado de los pies es m\u00e1s que solo una cuesti\u00f3n de est\u00e9tica. A lo largo de la entrevista, abord\u00f3 una serie de temas cruciales que afectan a diario a miles de personas:<\/p>\n\n\n\n<ul class=\"wp-block-list\">\n<li><strong>El ABC del cuidado diario:<\/strong> Desde la higiene b\u00e1sica hasta la hidrataci\u00f3n, Mendoza brind\u00f3 pautas sencillas para incorporar en nuestra rutina y prevenir problemas futuros.<\/li>\n\n\n\n<li><strong>Problemas comunes y c\u00f3mo tratarlos:<\/strong> \u00bfDolor de talones? \u00bfCallos? \u00bfU\u00f1as encarnadas? La especialista explic\u00f3 las causas de estas dolencias y comparti\u00f3 soluciones efectivas para aliviarlas y tratarlas.<\/li>\n\n\n\n<li><strong>La conexi\u00f3n mente-cuerpo-pie:<\/strong> Mendoza enfatiz\u00f3 la importancia de los pies como un reflejo de nuestra salud general. Problemas circulatorios, diabetes o enfermedades reum\u00e1ticas pueden manifestarse a trav\u00e9s de los pies, convirti\u00e9ndolos en una alarma que no debemos ignorar.<\/li>\n\n\n\n<li><strong>El calzado, nuestro mejor amigo (o peor enemigo):<\/strong> La pod\u00f3loga ofreci\u00f3 consejos clave para elegir el calzado adecuado, resaltando la diferencia que un buen zapato puede hacer en nuestra postura y bienestar.<\/li>\n\n\n\n<li><strong>M\u00e1s all\u00e1 del cuidado b\u00e1sico:<\/strong> La entrevista tambi\u00e9n explor\u00f3 los tratamientos podol\u00f3gicos especializados y c\u00f3mo la tecnolog\u00eda ha revolucionado el sector.<\/li>\n<\/ul>\n\n\n\n<p>Si te perdiste este episodio, no te preocupes. Tendr\u00e1s una nueva oportunidad de aprender sobre la salud de tus pies. La repetici\u00f3n de este interesante programa con la pod\u00f3loga M\u00f3nica Mendoza se transmitir\u00e1 este <strong>jueves 21 de agosto a las 20hs y el s\u00e1bado 23 de agosto a las 12,30hs.<\/strong> \u00a1No te lo pierdas y dale a tus pies el cuidado que se merecen!<\/p>\n","protected":false},"excerpt":{"rendered":"<p>El programa \u00abPrevenci\u00f3n y Salud\u00bb se sumerge en el fascinante mundo del bienestar de los pies, una parte de nuestro cuerpo a menudo olvidada pero fundamental para la salud general. En un episodio imperdible, la pod\u00f3loga M\u00f3nica Mendoza comparti\u00f3 su vasta experiencia, ofreciendo consejos pr\u00e1cticos y revelando la profunda conexi\u00f3n entre nuestros pies y nuestro <a href=\"https:\/\/armstrongyregion.com.ar\/diario\/pies-felices-vida-sana-prevencion-y-salud-cuidado-podologico-con-monica-mendoza\/\" title=\"Read more\" >&#8230;<\/a><\/p>\n","protected":false},"author":1,"featured_media":47041,"comment_status":"open","ping_status":"open","sticky":false,"template":"","format":"image","meta":{"_jetpack_memberships_contains_paid_content":false,"footnotes":"","jetpack_publicize_message":"","jetpack_publicize_feature_enabled":true,"jetpack_social_post_already_shared":true,"jetpack_social_options":{"image_generator_settings":{"template":"highway","default_image_id":0,"enabled":false},"version":2}},"categories":[8,1,2,7,3],"tags":[11988,5030,10509,11986,9512,11987],"class_list":["post-47040","post","type-post","status-publish","format-image","has-post-thumbnail","hentry","category-deliberando","category-diario-armstrong","category-locales","category-politica","category-region","tag-cuidado-podologico","tag-diario-armstrong","tag-monica-mendoza","tag-pies-felices","tag-prevencion-y-salud-2","tag-vida-sana","post_format-post-format-image"],"jetpack_publicize_connections":[],"jetpack_featured_media_url":"https:\/\/armstrongyregion.com.ar\/diario\/wp-content\/uploads\/2025\/08\/moni.mendoza-agosto-25.jpg","jetpack_shortlink":"https:\/\/wp.me\/p62QDO-ceI","jetpack_sharing_enabled":true,"amp_enabled":true,"_links":{"self":[{"href":"https:\/\/armstrongyregion.com.ar\/diario\/wp-json\/wp\/v2\/posts\/47040","targetHints":{"allow":["GET"]}}],"collection":[{"href":"https:\/\/armstrongyregion.com.ar\/diario\/wp-json\/wp\/v2\/posts"}],"about":[{"href":"https:\/\/armstrongyregion.com.ar\/diario\/wp-json\/wp\/v2\/types\/post"}],"author":[{"embeddable":true,"href":"https:\/\/armstrongyregion.com.ar\/diario\/wp-json\/wp\/v2\/users\/1"}],"replies":[{"embeddable":true,"href":"https:\/\/armstrongyregion.com.ar\/diario\/wp-json\/wp\/v2\/comments?post=47040"}],"version-history":[{"count":1,"href":"https:\/\/armstrongyregion.com.ar\/diario\/wp-json\/wp\/v2\/posts\/47040\/revisions"}],"predecessor-version":[{"id":47042,"href":"https:\/\/armstrongyregion.com.ar\/diario\/wp-json\/wp\/v2\/posts\/47040\/revisions\/47042"}],"wp:featuredmedia":[{"embeddable":true,"href":"https:\/\/armstrongyregion.com.ar\/diario\/wp-json\/wp\/v2\/media\/47041"}],"wp:attachment":[{"href":"https:\/\/armstrongyregion.com.ar\/diario\/wp-json\/wp\/v2\/media?parent=47040"}],"wp:term":[{"taxonomy":"category","embeddable":true,"href":"https:\/\/armstrongyregion.com.ar\/diario\/wp-json\/wp\/v2\/categories?post=47040"},{"taxonomy":"post_tag","embeddable":true,"href":"https:\/\/armstrongyregion.com.ar\/diario\/wp-json\/wp\/v2\/tags?post=47040"}],"curies":[{"name":"wp","href":"https:\/\/api.w.org\/{rel}","templated":true}]}}