{"id":47019,"date":"2025-08-19T03:10:53","date_gmt":"2025-08-19T03:10:53","guid":{"rendered":"https:\/\/armstrongyregion.com.ar\/diario\/?p=47019"},"modified":"2025-08-19T03:10:55","modified_gmt":"2025-08-19T03:10:55","slug":"armstrong-curso-de-promotores-gerontologicos","status":"publish","type":"post","link":"https:\/\/armstrongyregion.com.ar\/diario\/armstrong-curso-de-promotores-gerontologicos\/","title":{"rendered":"Armstrong. Curso de Promotores Gerontol\u00f3gicos."},"content":{"rendered":"\n<figure class=\"wp-block-image size-large\"><img loading=\"lazy\" decoding=\"async\" width=\"384\" height=\"480\" src=\"https:\/\/armstrongyregion.com.ar\/diario\/wp-content\/uploads\/2025\/08\/promotores.1-384x480.jpg\" alt=\"\" class=\"wp-image-47020\" srcset=\"https:\/\/armstrongyregion.com.ar\/diario\/wp-content\/uploads\/2025\/08\/promotores.1-384x480.jpg 384w, https:\/\/armstrongyregion.com.ar\/diario\/wp-content\/uploads\/2025\/08\/promotores.1-240x300.jpg 240w, https:\/\/armstrongyregion.com.ar\/diario\/wp-content\/uploads\/2025\/08\/promotores.1.jpg 512w\" sizes=\"auto, (max-width: 384px) 100vw, 384px\" \/><\/figure>\n\n\n\n<p>El gobierno provincial, a trav\u00e9s de la Subsecretar\u00eda de Adultos Mayores del Ministerio de Igualdad y<br>Desarrollo Humano y la Municipalidad de Armstrong, abri\u00f3 las inscripciones para el curso de<br>formaci\u00f3n de Promotores Gerontol\u00f3gicos que se desarrollar\u00e1 en esta ciudad.<br>Esta capacitaci\u00f3n est\u00e1 orientada a personas mayores de 18 a\u00f1os que desempe\u00f1en o deseen<br>desempe\u00f1ar tareas de cuidado en el \u00e1mbito domiciliario y\/o institucional.<br>La tarea principal del promotor \u00f3 cuidador gerontol\u00f3gico es asistir en las actividades b\u00e1sicas de la<br>vida del adulto mayor, fundamentalmente en el acompa\u00f1amiento generando una relaci\u00f3n de<br>confianza y apoyo para ese adulto mayor que requiera de esa asistencia de manera continua.<br>El programa tiene como objetivo fortalecer el rol de quienes acompa\u00f1an a personas mayores,<br>brindando herramientas pr\u00e1cticas, conocimientos espec\u00edficos y una mirada integral del proceso de<br>envejecimiento.<br>El curso se compone de 13 m\u00f3dulos multidisciplinarios e integrales. Entre los contenidos se abordan<br>temas como gerontolog\u00eda social, biolog\u00eda del envejecimiento, salud mental, g\u00e9nero y diversidad,<br>ayudas t\u00e9cnicas, nutrici\u00f3n, primeros auxilios, marco legal, recreaci\u00f3n, tiempo libre, cooperativismo,<br>autonom\u00eda y bioseguridad.<br>Las clases estar\u00e1n a cargo de docentes y profesionales con trayectoria en las tem\u00e1ticas<br>correspondientes.<br>La capacitaci\u00f3n tendr\u00e1 una duraci\u00f3n total de 150 horas, entre instancias te\u00f3ricas y pr\u00e1cticas.<br>Al concluir la formaci\u00f3n, los cursantes recibir\u00e1n el certificado de \u201cAcompa\u00f1antes No Terap\u00e9uticos\u201d<br>Inscripci\u00f3n abierta hasta el 29 de agosto en la Oficina de la Direcci\u00f3n Comunitaria, Pte. Per\u00f3n 1768,<br>Armstrong, de lunes a viernes de 7 a 13 hs \u00f3 en el link<br>https:\/\/www.santafe.gov.ar\/mds\/inscripcionesmidh\/gc-load\/ampromotores<\/p>\n","protected":false},"excerpt":{"rendered":"<p>El gobierno provincial, a trav\u00e9s de la Subsecretar\u00eda de Adultos Mayores del Ministerio de Igualdad yDesarrollo Humano y la Municipalidad de Armstrong, abri\u00f3 las inscripciones para el curso deformaci\u00f3n de Promotores Gerontol\u00f3gicos que se desarrollar\u00e1 en esta ciudad.Esta capacitaci\u00f3n est\u00e1 orientada a personas mayores de 18 a\u00f1os que desempe\u00f1en o deseendesempe\u00f1ar tareas de cuidado en <a href=\"https:\/\/armstrongyregion.com.ar\/diario\/armstrong-curso-de-promotores-gerontologicos\/\" title=\"Read more\" >&#8230;<\/a><\/p>\n","protected":false},"author":1,"featured_media":47020,"comment_status":"open","ping_status":"open","sticky":false,"template":"","format":"image","meta":{"_jetpack_memberships_contains_paid_content":false,"footnotes":"","jetpack_publicize_message":"","jetpack_publicize_feature_enabled":true,"jetpack_social_post_already_shared":true,"jetpack_social_options":{"image_generator_settings":{"template":"highway","default_image_id":0,"enabled":false},"version":2}},"categories":[8,1,2,7,3],"tags":[20,412,5030,11975,6243],"class_list":["post-47019","post","type-post","status-publish","format-image","has-post-thumbnail","hentry","category-deliberando","category-diario-armstrong","category-locales","category-politica","category-region","tag-armstrong","tag-curso","tag-diario-armstrong","tag-gerontologicos-2","tag-promotores","post_format-post-format-image"],"jetpack_publicize_connections":[],"jetpack_featured_media_url":"https:\/\/armstrongyregion.com.ar\/diario\/wp-content\/uploads\/2025\/08\/promotores.1.jpg","jetpack_shortlink":"https:\/\/wp.me\/p62QDO-cen","jetpack_sharing_enabled":true,"amp_enabled":true,"_links":{"self":[{"href":"https:\/\/armstrongyregion.com.ar\/diario\/wp-json\/wp\/v2\/posts\/47019","targetHints":{"allow":["GET"]}}],"collection":[{"href":"https:\/\/armstrongyregion.com.ar\/diario\/wp-json\/wp\/v2\/posts"}],"about":[{"href":"https:\/\/armstrongyregion.com.ar\/diario\/wp-json\/wp\/v2\/types\/post"}],"author":[{"embeddable":true,"href":"https:\/\/armstrongyregion.com.ar\/diario\/wp-json\/wp\/v2\/users\/1"}],"replies":[{"embeddable":true,"href":"https:\/\/armstrongyregion.com.ar\/diario\/wp-json\/wp\/v2\/comments?post=47019"}],"version-history":[{"count":1,"href":"https:\/\/armstrongyregion.com.ar\/diario\/wp-json\/wp\/v2\/posts\/47019\/revisions"}],"predecessor-version":[{"id":47021,"href":"https:\/\/armstrongyregion.com.ar\/diario\/wp-json\/wp\/v2\/posts\/47019\/revisions\/47021"}],"wp:featuredmedia":[{"embeddable":true,"href":"https:\/\/armstrongyregion.com.ar\/diario\/wp-json\/wp\/v2\/media\/47020"}],"wp:attachment":[{"href":"https:\/\/armstrongyregion.com.ar\/diario\/wp-json\/wp\/v2\/media?parent=47019"}],"wp:term":[{"taxonomy":"category","embeddable":true,"href":"https:\/\/armstrongyregion.com.ar\/diario\/wp-json\/wp\/v2\/categories?post=47019"},{"taxonomy":"post_tag","embeddable":true,"href":"https:\/\/armstrongyregion.com.ar\/diario\/wp-json\/wp\/v2\/tags?post=47019"}],"curies":[{"name":"wp","href":"https:\/\/api.w.org\/{rel}","templated":true}]}}