{"id":47013,"date":"2025-08-19T03:08:20","date_gmt":"2025-08-19T03:08:20","guid":{"rendered":"https:\/\/armstrongyregion.com.ar\/diario\/?p=47013"},"modified":"2025-08-19T03:11:44","modified_gmt":"2025-08-19T03:11:44","slug":"armstrong-honro-la-memoria-del-padre-de-la-patria-gral-jose-de-san-martin","status":"publish","type":"post","link":"https:\/\/armstrongyregion.com.ar\/diario\/armstrong-honro-la-memoria-del-padre-de-la-patria-gral-jose-de-san-martin\/","title":{"rendered":"Armstrong honr\u00f3 la memoria del Padre de la Patria Gral. Jos\u00e9 de San Mart\u00edn."},"content":{"rendered":"\n<figure class=\"wp-block-image size-full\"><img loading=\"lazy\" decoding=\"async\" width=\"368\" height=\"246\" src=\"https:\/\/armstrongyregion.com.ar\/diario\/wp-content\/uploads\/2025\/08\/san-martin-1-.jpg\" alt=\"\" class=\"wp-image-47014\" srcset=\"https:\/\/armstrongyregion.com.ar\/diario\/wp-content\/uploads\/2025\/08\/san-martin-1-.jpg 368w, https:\/\/armstrongyregion.com.ar\/diario\/wp-content\/uploads\/2025\/08\/san-martin-1--300x201.jpg 300w\" sizes=\"auto, (max-width: 368px) 100vw, 368px\" \/><\/figure>\n\n\n\n<p>Nuestra comunidad honr\u00f3 la memoria del Padre de la Patria Gral. Jos\u00e9 de San Mart\u00edn con un acto<br>oficial realizado en la c\u00e9ntrica plaza que lleva su nombre, con la presencia de toda la ciudadan\u00eda<br>representada a trav\u00e9s de sus autoridades e instituciones.<\/p>\n\n\n\n<figure class=\"wp-block-image size-large\"><img loading=\"lazy\" decoding=\"async\" width=\"640\" height=\"427\" src=\"https:\/\/armstrongyregion.com.ar\/diario\/wp-content\/uploads\/2025\/08\/san-martin-2-640x427.jpg\" alt=\"\" class=\"wp-image-47015\" srcset=\"https:\/\/armstrongyregion.com.ar\/diario\/wp-content\/uploads\/2025\/08\/san-martin-2-640x427.jpg 640w, https:\/\/armstrongyregion.com.ar\/diario\/wp-content\/uploads\/2025\/08\/san-martin-2-300x200.jpg 300w, https:\/\/armstrongyregion.com.ar\/diario\/wp-content\/uploads\/2025\/08\/san-martin-2.jpg 729w\" sizes=\"auto, (max-width: 640px) 100vw, 640px\" \/><\/figure>\n\n\n\n<p><br>El Intendente Guillermo Luzzi, en un fragmento de su discurso dijo: \u201cEn este presente, vemos c\u00f3mo<br>palabras como libertad y patriotismo se repiten hasta vaciarlas de sentido, como si fueran slogans<br>publicitarios y no valores que nos atraviesan y comprometen. Pero San Mart\u00edn nos ense\u00f1\u00f3 que la<br>libertad se defiende con hechos, con sacrificio, con responsabilidad y, sobre todo, con amor a la<br>Patria\u2026 Que este 17 de agosto no sea s\u00f3lo un homenaje, sino un compromiso\u2026 Porque, como dec\u00eda<br>el Libertador: \u201dCuando la Patria est\u00e1 en peligro todo est\u00e1 permitido, excepto no defenderla\u201d\u201d.<\/p>\n\n\n\n<figure class=\"wp-block-image size-large\"><img loading=\"lazy\" decoding=\"async\" width=\"640\" height=\"427\" src=\"https:\/\/armstrongyregion.com.ar\/diario\/wp-content\/uploads\/2025\/08\/san-martin-3--640x427.jpg\" alt=\"\" class=\"wp-image-47016\" srcset=\"https:\/\/armstrongyregion.com.ar\/diario\/wp-content\/uploads\/2025\/08\/san-martin-3--640x427.jpg 640w, https:\/\/armstrongyregion.com.ar\/diario\/wp-content\/uploads\/2025\/08\/san-martin-3--300x200.jpg 300w, https:\/\/armstrongyregion.com.ar\/diario\/wp-content\/uploads\/2025\/08\/san-martin-3-.jpg 694w\" sizes=\"auto, (max-width: 640px) 100vw, 640px\" \/><\/figure>\n\n\n\n<p><br>M\u00e1s tarde, alumnos de la Escuela N\u00b0 635 \u201cJuan Bautista Spagnolo\u201d recitaron la poes\u00eda \u201cA San Mart\u00edn\u201d<br>y bailaron la chacarera \u201cLos Granaderos de San Mart\u00edn\u201d, y alumnos de las salas de 5 a\u00f1os del Jard\u00edn<br>de Infantes N\u00b0 84 \u201cEl Aromo\u201d, con sus voces y gestos, nos invitaron a viajar en el tiempo para rendir<br>homenaje a San Mart\u00edn.<\/p>\n\n\n\n<figure class=\"wp-block-image size-large\"><img loading=\"lazy\" decoding=\"async\" width=\"640\" height=\"427\" src=\"https:\/\/armstrongyregion.com.ar\/diario\/wp-content\/uploads\/2025\/08\/san-martin-4-640x427.jpg\" alt=\"\" class=\"wp-image-47017\" srcset=\"https:\/\/armstrongyregion.com.ar\/diario\/wp-content\/uploads\/2025\/08\/san-martin-4-640x427.jpg 640w, https:\/\/armstrongyregion.com.ar\/diario\/wp-content\/uploads\/2025\/08\/san-martin-4-300x200.jpg 300w, https:\/\/armstrongyregion.com.ar\/diario\/wp-content\/uploads\/2025\/08\/san-martin-4.jpg 746w\" sizes=\"auto, (max-width: 640px) 100vw, 640px\" \/><\/figure>\n\n\n\n<p><br>Para finalizar la ceremonia, se invit\u00f3 a los presentes a entonar la Marcha San Lorenzo, que honra el<br>combate en el que se enfrentaron las tropas del coronel de Granaderos Jos\u00e9 de San Mart\u00edn y tropas<br>realistas en representaci\u00f3n de la Corona Espa\u00f1ola.<\/p>\n","protected":false},"excerpt":{"rendered":"<p>Nuestra comunidad honr\u00f3 la memoria del Padre de la Patria Gral. Jos\u00e9 de San Mart\u00edn con un actooficial realizado en la c\u00e9ntrica plaza que lleva su nombre, con la presencia de toda la ciudadan\u00edarepresentada a trav\u00e9s de sus autoridades e instituciones. El Intendente Guillermo Luzzi, en un fragmento de su discurso dijo: \u201cEn este presente, <a href=\"https:\/\/armstrongyregion.com.ar\/diario\/armstrong-honro-la-memoria-del-padre-de-la-patria-gral-jose-de-san-martin\/\" title=\"Read more\" >&#8230;<\/a><\/p>\n","protected":false},"author":1,"featured_media":47014,"comment_status":"open","ping_status":"open","sticky":false,"template":"","format":"image","meta":{"_jetpack_memberships_contains_paid_content":false,"footnotes":"","jetpack_publicize_message":"","jetpack_publicize_feature_enabled":true,"jetpack_social_post_already_shared":true,"jetpack_social_options":{"image_generator_settings":{"template":"highway","default_image_id":0,"enabled":false},"version":2}},"categories":[1],"tags":[],"class_list":["post-47013","post","type-post","status-publish","format-image","has-post-thumbnail","hentry","category-diario-armstrong","post_format-post-format-image"],"jetpack_publicize_connections":[],"jetpack_featured_media_url":"https:\/\/armstrongyregion.com.ar\/diario\/wp-content\/uploads\/2025\/08\/san-martin-1-.jpg","jetpack_shortlink":"https:\/\/wp.me\/p62QDO-ceh","jetpack_sharing_enabled":true,"amp_enabled":true,"_links":{"self":[{"href":"https:\/\/armstrongyregion.com.ar\/diario\/wp-json\/wp\/v2\/posts\/47013","targetHints":{"allow":["GET"]}}],"collection":[{"href":"https:\/\/armstrongyregion.com.ar\/diario\/wp-json\/wp\/v2\/posts"}],"about":[{"href":"https:\/\/armstrongyregion.com.ar\/diario\/wp-json\/wp\/v2\/types\/post"}],"author":[{"embeddable":true,"href":"https:\/\/armstrongyregion.com.ar\/diario\/wp-json\/wp\/v2\/users\/1"}],"replies":[{"embeddable":true,"href":"https:\/\/armstrongyregion.com.ar\/diario\/wp-json\/wp\/v2\/comments?post=47013"}],"version-history":[{"count":1,"href":"https:\/\/armstrongyregion.com.ar\/diario\/wp-json\/wp\/v2\/posts\/47013\/revisions"}],"predecessor-version":[{"id":47018,"href":"https:\/\/armstrongyregion.com.ar\/diario\/wp-json\/wp\/v2\/posts\/47013\/revisions\/47018"}],"wp:featuredmedia":[{"embeddable":true,"href":"https:\/\/armstrongyregion.com.ar\/diario\/wp-json\/wp\/v2\/media\/47014"}],"wp:attachment":[{"href":"https:\/\/armstrongyregion.com.ar\/diario\/wp-json\/wp\/v2\/media?parent=47013"}],"wp:term":[{"taxonomy":"category","embeddable":true,"href":"https:\/\/armstrongyregion.com.ar\/diario\/wp-json\/wp\/v2\/categories?post=47013"},{"taxonomy":"post_tag","embeddable":true,"href":"https:\/\/armstrongyregion.com.ar\/diario\/wp-json\/wp\/v2\/tags?post=47013"}],"curies":[{"name":"wp","href":"https:\/\/api.w.org\/{rel}","templated":true}]}}