{"id":470,"date":"2015-01-15T20:44:49","date_gmt":"2015-01-15T20:44:49","guid":{"rendered":"https:\/\/armstrongyregion.com.ar\/diario\/?p=470"},"modified":"2015-01-15T20:44:49","modified_gmt":"2015-01-15T20:44:49","slug":"canada-de-gomez-13-denuncias-en-el-buzon-de-la-vida","status":"publish","type":"post","link":"https:\/\/armstrongyregion.com.ar\/diario\/canada-de-gomez-13-denuncias-en-el-buzon-de-la-vida\/","title":{"rendered":"Ca\u00f1ada de G\u00f3mez. 13 denuncias en el Buz\u00f3n de la vida."},"content":{"rendered":"<p><a href=\"http:\/\/armstrongyregion.com.ar\/diario\/wp-content\/uploads\/2015\/01\/IMG_6259.jpg\"><img loading=\"lazy\" decoding=\"async\" class=\"alignnone size-medium wp-image-471\" src=\"http:\/\/armstrongyregion.com.ar\/diario\/wp-content\/uploads\/2015\/01\/IMG_6259-300x200.jpg\" alt=\"buz\u00f3n de la vida.\" width=\"300\" height=\"200\" srcset=\"https:\/\/armstrongyregion.com.ar\/diario\/wp-content\/uploads\/2015\/01\/IMG_6259-300x200.jpg 300w, https:\/\/armstrongyregion.com.ar\/diario\/wp-content\/uploads\/2015\/01\/IMG_6259.jpg 450w\" sizes=\"auto, (max-width: 300px) 100vw, 300px\" \/><\/a>La secretaria de Gobierno Carina Mozzoni y el coordinador de Seguridad \u00a0Lu\u00eds Leiva, junto a representantes de vecinales e instituciones, \u00a0realizaron la primera apertura del a\u00f1o.<\/p>\n<p>En la ma\u00f1ana de hoy se realiz\u00f3 la primera apertura del a\u00f1o del Buz\u00f3n de \u00a0la Vida en las instalaciones del Cuartel de Bomberos. El acto fue \u00a0encabezado por la secretaria de Gobierno Carina Mozzoni y el coordinador<br \/>\nde Seguridad Ciudadana Lu\u00eds Leiva.<br \/>\nAnte la participaci\u00f3n de representantes de instituciones y vecinales se<br \/>\nencontraron 13 denuncias que ser\u00e1n remitidas a la Justicia Federal.<\/p>\n","protected":false},"excerpt":{"rendered":"<p>La secretaria de Gobierno Carina Mozzoni y el coordinador de Seguridad \u00a0Lu\u00eds Leiva, junto a representantes de vecinales e instituciones, \u00a0realizaron la primera apertura del a\u00f1o. En la ma\u00f1ana de hoy se realiz\u00f3 la primera apertura del a\u00f1o del Buz\u00f3n de \u00a0la Vida en las instalaciones del Cuartel de Bomberos. El acto fue \u00a0encabezado por <a href=\"https:\/\/armstrongyregion.com.ar\/diario\/canada-de-gomez-13-denuncias-en-el-buzon-de-la-vida\/\" title=\"Read more\" >&#8230;<\/a><\/p>\n","protected":false},"author":2,"featured_media":471,"comment_status":"open","ping_status":"open","sticky":false,"template":"","format":"standard","meta":{"_jetpack_memberships_contains_paid_content":false,"footnotes":"","jetpack_publicize_message":"","jetpack_publicize_feature_enabled":true,"jetpack_social_post_already_shared":false,"jetpack_social_options":{"image_generator_settings":{"template":"highway","default_image_id":0,"enabled":false},"version":2}},"categories":[1,3],"tags":[424,455,163,19,454,16,15,164,31,456],"class_list":["post-470","post","type-post","status-publish","format-standard","has-post-thumbnail","hentry","category-diario-armstrong","category-region","tag-424","tag-buzon","tag-canada","tag-de","tag-denuncias","tag-el","tag-en","tag-gomez","tag-la","tag-vida"],"jetpack_publicize_connections":[],"jetpack_featured_media_url":"https:\/\/armstrongyregion.com.ar\/diario\/wp-content\/uploads\/2015\/01\/IMG_6259.jpg","jetpack_shortlink":"https:\/\/wp.me\/p62QDO-7A","jetpack_sharing_enabled":true,"amp_enabled":true,"_links":{"self":[{"href":"https:\/\/armstrongyregion.com.ar\/diario\/wp-json\/wp\/v2\/posts\/470","targetHints":{"allow":["GET"]}}],"collection":[{"href":"https:\/\/armstrongyregion.com.ar\/diario\/wp-json\/wp\/v2\/posts"}],"about":[{"href":"https:\/\/armstrongyregion.com.ar\/diario\/wp-json\/wp\/v2\/types\/post"}],"author":[{"embeddable":true,"href":"https:\/\/armstrongyregion.com.ar\/diario\/wp-json\/wp\/v2\/users\/2"}],"replies":[{"embeddable":true,"href":"https:\/\/armstrongyregion.com.ar\/diario\/wp-json\/wp\/v2\/comments?post=470"}],"version-history":[{"count":0,"href":"https:\/\/armstrongyregion.com.ar\/diario\/wp-json\/wp\/v2\/posts\/470\/revisions"}],"wp:featuredmedia":[{"embeddable":true,"href":"https:\/\/armstrongyregion.com.ar\/diario\/wp-json\/wp\/v2\/media\/471"}],"wp:attachment":[{"href":"https:\/\/armstrongyregion.com.ar\/diario\/wp-json\/wp\/v2\/media?parent=470"}],"wp:term":[{"taxonomy":"category","embeddable":true,"href":"https:\/\/armstrongyregion.com.ar\/diario\/wp-json\/wp\/v2\/categories?post=470"},{"taxonomy":"post_tag","embeddable":true,"href":"https:\/\/armstrongyregion.com.ar\/diario\/wp-json\/wp\/v2\/tags?post=470"}],"curies":[{"name":"wp","href":"https:\/\/api.w.org\/{rel}","templated":true}]}}