{"id":46991,"date":"2025-08-13T18:09:51","date_gmt":"2025-08-13T18:09:51","guid":{"rendered":"https:\/\/armstrongyregion.com.ar\/diario\/?p=46991"},"modified":"2025-08-13T18:09:53","modified_gmt":"2025-08-13T18:09:53","slug":"armstrong-acto-oficial-del-17-de-agosto-2025","status":"publish","type":"post","link":"https:\/\/armstrongyregion.com.ar\/diario\/armstrong-acto-oficial-del-17-de-agosto-2025\/","title":{"rendered":"Armstrong. Acto oficial del 17 de agosto 2025."},"content":{"rendered":"\n<figure class=\"wp-block-image size-large\"><img loading=\"lazy\" decoding=\"async\" width=\"382\" height=\"480\" src=\"https:\/\/armstrongyregion.com.ar\/diario\/wp-content\/uploads\/2025\/08\/ACTO-GRAL-SAN-MARTIN--382x480.jpg\" alt=\"\" class=\"wp-image-46992\" srcset=\"https:\/\/armstrongyregion.com.ar\/diario\/wp-content\/uploads\/2025\/08\/ACTO-GRAL-SAN-MARTIN--382x480.jpg 382w, https:\/\/armstrongyregion.com.ar\/diario\/wp-content\/uploads\/2025\/08\/ACTO-GRAL-SAN-MARTIN--239x300.jpg 239w, https:\/\/armstrongyregion.com.ar\/diario\/wp-content\/uploads\/2025\/08\/ACTO-GRAL-SAN-MARTIN-.jpg 509w\" sizes=\"auto, (max-width: 382px) 100vw, 382px\" \/><\/figure>\n\n\n\n<p>La Municipalidad de Armstrong invita a toda la comunidad a participar del acto oficial con<br>motivo de un nuevo aniversario del paso a la inmortalidad del Gral. Don Jos\u00e9 de San Mart\u00edn,<br>el d\u00eda domingo 17 de agosto a las 11 hs. en la plaza que lleva su nombre.<br>Participan las comunidades educativas de la Escuela N\u00b0 635 \u201cJuan Bautista Spagnolo\u201d y<br>Jard\u00edn de Infantes N\u00b0 84 \u201cEl Aromo\u201d.<br>Se invita a embanderar los edificios. En caso de inclemencias clim\u00e1ticas se realizar\u00e1 en la<br>Estaci\u00f3n M\u00e1s.<\/p>\n","protected":false},"excerpt":{"rendered":"<p>La Municipalidad de Armstrong invita a toda la comunidad a participar del acto oficial conmotivo de un nuevo aniversario del paso a la inmortalidad del Gral. Don Jos\u00e9 de San Mart\u00edn,el d\u00eda domingo 17 de agosto a las 11 hs. en la plaza que lleva su nombre.Participan las comunidades educativas de la Escuela N\u00b0 635 <a href=\"https:\/\/armstrongyregion.com.ar\/diario\/armstrong-acto-oficial-del-17-de-agosto-2025\/\" title=\"Read more\" >&#8230;<\/a><\/p>\n","protected":false},"author":1,"featured_media":46992,"comment_status":"open","ping_status":"open","sticky":false,"template":"","format":"image","meta":{"_jetpack_memberships_contains_paid_content":false,"footnotes":"","jetpack_publicize_message":"","jetpack_publicize_feature_enabled":true,"jetpack_social_post_already_shared":true,"jetpack_social_options":{"image_generator_settings":{"template":"highway","default_image_id":0,"enabled":false},"version":2}},"categories":[8,1,2,7,3],"tags":[11970,10981,1212,20,11969],"class_list":["post-46991","post","type-post","status-publish","format-image","has-post-thumbnail","hentry","category-deliberando","category-diario-armstrong","category-locales","category-politica","category-region","tag-15-de-agosto","tag-10981","tag-acto","tag-armstrong","tag-oficia","post_format-post-format-image"],"jetpack_publicize_connections":[],"jetpack_featured_media_url":"https:\/\/armstrongyregion.com.ar\/diario\/wp-content\/uploads\/2025\/08\/ACTO-GRAL-SAN-MARTIN-.jpg","jetpack_shortlink":"https:\/\/wp.me\/p62QDO-cdV","jetpack_sharing_enabled":true,"amp_enabled":true,"_links":{"self":[{"href":"https:\/\/armstrongyregion.com.ar\/diario\/wp-json\/wp\/v2\/posts\/46991","targetHints":{"allow":["GET"]}}],"collection":[{"href":"https:\/\/armstrongyregion.com.ar\/diario\/wp-json\/wp\/v2\/posts"}],"about":[{"href":"https:\/\/armstrongyregion.com.ar\/diario\/wp-json\/wp\/v2\/types\/post"}],"author":[{"embeddable":true,"href":"https:\/\/armstrongyregion.com.ar\/diario\/wp-json\/wp\/v2\/users\/1"}],"replies":[{"embeddable":true,"href":"https:\/\/armstrongyregion.com.ar\/diario\/wp-json\/wp\/v2\/comments?post=46991"}],"version-history":[{"count":1,"href":"https:\/\/armstrongyregion.com.ar\/diario\/wp-json\/wp\/v2\/posts\/46991\/revisions"}],"predecessor-version":[{"id":46993,"href":"https:\/\/armstrongyregion.com.ar\/diario\/wp-json\/wp\/v2\/posts\/46991\/revisions\/46993"}],"wp:featuredmedia":[{"embeddable":true,"href":"https:\/\/armstrongyregion.com.ar\/diario\/wp-json\/wp\/v2\/media\/46992"}],"wp:attachment":[{"href":"https:\/\/armstrongyregion.com.ar\/diario\/wp-json\/wp\/v2\/media?parent=46991"}],"wp:term":[{"taxonomy":"category","embeddable":true,"href":"https:\/\/armstrongyregion.com.ar\/diario\/wp-json\/wp\/v2\/categories?post=46991"},{"taxonomy":"post_tag","embeddable":true,"href":"https:\/\/armstrongyregion.com.ar\/diario\/wp-json\/wp\/v2\/tags?post=46991"}],"curies":[{"name":"wp","href":"https:\/\/api.w.org\/{rel}","templated":true}]}}