{"id":46967,"date":"2025-08-11T22:50:29","date_gmt":"2025-08-11T22:50:29","guid":{"rendered":"https:\/\/armstrongyregion.com.ar\/diario\/?p=46967"},"modified":"2025-08-11T22:50:31","modified_gmt":"2025-08-11T22:50:31","slug":"armstrong-inauguracion-de-nueva-aula-en-minimundo","status":"publish","type":"post","link":"https:\/\/armstrongyregion.com.ar\/diario\/armstrong-inauguracion-de-nueva-aula-en-minimundo\/","title":{"rendered":"Armstrong. Inauguraci\u00f3n de nueva aula en Minimundo."},"content":{"rendered":"\n<figure class=\"wp-block-image size-large\"><img loading=\"lazy\" decoding=\"async\" width=\"640\" height=\"427\" src=\"https:\/\/armstrongyregion.com.ar\/diario\/wp-content\/uploads\/2025\/08\/MINIMUNDO-1--640x427.jpg\" alt=\"\" class=\"wp-image-46968\" srcset=\"https:\/\/armstrongyregion.com.ar\/diario\/wp-content\/uploads\/2025\/08\/MINIMUNDO-1--640x427.jpg 640w, https:\/\/armstrongyregion.com.ar\/diario\/wp-content\/uploads\/2025\/08\/MINIMUNDO-1--300x200.jpg 300w, https:\/\/armstrongyregion.com.ar\/diario\/wp-content\/uploads\/2025\/08\/MINIMUNDO-1-.jpg 727w\" sizes=\"auto, (max-width: 640px) 100vw, 640px\" \/><\/figure>\n\n\n\n<p>El viernes 8 de agosto qued\u00f3 inaugurado una nueva aula en el Espacio Minimundo, lugar destinado a<br>proporcionar un entorno seguro y adaptado a las necesidades de los ni\u00f1os, donde puedan explorar,<br>aprender y jugar sin riesgos.<\/p>\n\n\n\n<figure class=\"wp-block-image size-large\"><img loading=\"lazy\" decoding=\"async\" width=\"640\" height=\"427\" src=\"https:\/\/armstrongyregion.com.ar\/diario\/wp-content\/uploads\/2025\/08\/MINIMUNDO-2--640x427.jpg\" alt=\"\" class=\"wp-image-46969\" srcset=\"https:\/\/armstrongyregion.com.ar\/diario\/wp-content\/uploads\/2025\/08\/MINIMUNDO-2--640x427.jpg 640w, https:\/\/armstrongyregion.com.ar\/diario\/wp-content\/uploads\/2025\/08\/MINIMUNDO-2--300x200.jpg 300w, https:\/\/armstrongyregion.com.ar\/diario\/wp-content\/uploads\/2025\/08\/MINIMUNDO-2-.jpg 741w\" sizes=\"auto, (max-width: 640px) 100vw, 640px\" \/><\/figure>\n\n\n\n<p><br>La obra fue construida mediante la Licitaci\u00f3n P\u00fablica N\u00b0 17\/2024 adjudicada a la empresa<br>FERRESUR ARMSTRONG S.R.L., en un trabajo articulado entre el Ministerio de Igualdad y<br>Desarrollo Humano del Gobierno de la Provincia de Santa Fe y el municipio, con una<br>inversi\u00f3n total de $ 48.562.791.<\/p>\n\n\n\n<figure class=\"wp-block-image size-large\"><img loading=\"lazy\" decoding=\"async\" width=\"640\" height=\"427\" src=\"https:\/\/armstrongyregion.com.ar\/diario\/wp-content\/uploads\/2025\/08\/MINIMUNDO-3--640x427.jpg\" alt=\"\" class=\"wp-image-46970\" srcset=\"https:\/\/armstrongyregion.com.ar\/diario\/wp-content\/uploads\/2025\/08\/MINIMUNDO-3--640x427.jpg 640w, https:\/\/armstrongyregion.com.ar\/diario\/wp-content\/uploads\/2025\/08\/MINIMUNDO-3--300x200.jpg 300w, https:\/\/armstrongyregion.com.ar\/diario\/wp-content\/uploads\/2025\/08\/MINIMUNDO-3-.jpg 726w\" sizes=\"auto, (max-width: 640px) 100vw, 640px\" \/><\/figure>\n\n\n\n<p><br>Esta dependencia de la Municipalidad de Armstrong acaba de cumplir 40 a\u00f1os y, tal como<br>pronunciara la Directora de Promoci\u00f3n Comunitaria Graciela Pereyra, \u201cMinimundo fue creciendo, en<br>cuanto a la filosof\u00eda de abordaje, a medida que lo social se iba transformando. De ser un lugar de<br>contenci\u00f3n, de asistencia hacia familias trabajadoras que necesitaban acompa\u00f1amiento en el<br>cuidado de sus hijos mientras ellos no pod\u00edan hacerlo, pas\u00f3 a tener esta din\u00e1mica actual. La de ser<br>un espacio que apunta a inculcar, sostener y defender los derechos de los ni\u00f1os y adolescentes que<br>aqu\u00ed concurren. Ha quedado en la memoria, en la a\u00f1oranza, el nombre Guarder\u00eda. Hoy transitamos<br>el Espacio Minimundo\u201d.<br>Por su parte, el Senador Pablo Verdecchia dijo: \u201dVer esta obra concluida es un sue\u00f1o hecho realidad.<br>Promoci\u00f3n Comunitaria no s\u00f3lo asiste, sino que est\u00e1 permanentemente para mejorar la calidad de<br>vida de todos los ciudadanos. En estos 40 a\u00f1os que tiene este espacio es mucho lo que se ha<br>trabajado por la ni\u00f1ez. Quiero agradecer a todo el equipo de Promoci\u00f3n Comunitaria y de<br>Minimundo por la tarea que hacen d\u00eda a d\u00eda\u201d.<br>Finalmente, el Intendente Guillermo Luzzi manifest\u00f3: \u201cPara mi es un orgullo estar inaugurando este<br>espacio tan importante para nuestros chicos y familias. Aqu\u00ed buscamos que los ni\u00f1os tengan un<br>desarrollo social, cultural, emocional y recreativo, por eso creemos que este lugar es sumamente<br>necesario. Agradezco a todo el equipo que hace que nuestros chicos sean cada d\u00eda mejores, y a<br>todas las instituciones que acompa\u00f1an desinteresadamente. Nuestros chicos merecen lo mejor\u201d.<br>Cabe destacar que el Concejo Municipal declar\u00f3 de Inter\u00e9s educativo, social y comunitario el 40\u00b0<br>aniversario de la creaci\u00f3n de Minimundo.<\/p>\n","protected":false},"excerpt":{"rendered":"<p>El viernes 8 de agosto qued\u00f3 inaugurado una nueva aula en el Espacio Minimundo, lugar destinado aproporcionar un entorno seguro y adaptado a las necesidades de los ni\u00f1os, donde puedan explorar,aprender y jugar sin riesgos. La obra fue construida mediante la Licitaci\u00f3n P\u00fablica N\u00b0 17\/2024 adjudicada a la empresaFERRESUR ARMSTRONG S.R.L., en un trabajo articulado <a href=\"https:\/\/armstrongyregion.com.ar\/diario\/armstrong-inauguracion-de-nueva-aula-en-minimundo\/\" title=\"Read more\" >&#8230;<\/a><\/p>\n","protected":false},"author":1,"featured_media":46968,"comment_status":"open","ping_status":"open","sticky":false,"template":"","format":"image","meta":{"_jetpack_memberships_contains_paid_content":false,"footnotes":"","jetpack_publicize_message":"","jetpack_publicize_feature_enabled":true,"jetpack_social_post_already_shared":true,"jetpack_social_options":{"image_generator_settings":{"template":"highway","default_image_id":0,"enabled":false},"version":2}},"categories":[8,1,2,7,3],"tags":[20,950,5030,224,3290],"class_list":["post-46967","post","type-post","status-publish","format-image","has-post-thumbnail","hentry","category-deliberando","category-diario-armstrong","category-locales","category-politica","category-region","tag-armstrong","tag-aula","tag-diario-armstrong","tag-inauguracion","tag-minimundo","post_format-post-format-image"],"jetpack_publicize_connections":[],"jetpack_featured_media_url":"https:\/\/armstrongyregion.com.ar\/diario\/wp-content\/uploads\/2025\/08\/MINIMUNDO-1-.jpg","jetpack_shortlink":"https:\/\/wp.me\/p62QDO-cdx","jetpack_sharing_enabled":true,"amp_enabled":true,"_links":{"self":[{"href":"https:\/\/armstrongyregion.com.ar\/diario\/wp-json\/wp\/v2\/posts\/46967","targetHints":{"allow":["GET"]}}],"collection":[{"href":"https:\/\/armstrongyregion.com.ar\/diario\/wp-json\/wp\/v2\/posts"}],"about":[{"href":"https:\/\/armstrongyregion.com.ar\/diario\/wp-json\/wp\/v2\/types\/post"}],"author":[{"embeddable":true,"href":"https:\/\/armstrongyregion.com.ar\/diario\/wp-json\/wp\/v2\/users\/1"}],"replies":[{"embeddable":true,"href":"https:\/\/armstrongyregion.com.ar\/diario\/wp-json\/wp\/v2\/comments?post=46967"}],"version-history":[{"count":1,"href":"https:\/\/armstrongyregion.com.ar\/diario\/wp-json\/wp\/v2\/posts\/46967\/revisions"}],"predecessor-version":[{"id":46971,"href":"https:\/\/armstrongyregion.com.ar\/diario\/wp-json\/wp\/v2\/posts\/46967\/revisions\/46971"}],"wp:featuredmedia":[{"embeddable":true,"href":"https:\/\/armstrongyregion.com.ar\/diario\/wp-json\/wp\/v2\/media\/46968"}],"wp:attachment":[{"href":"https:\/\/armstrongyregion.com.ar\/diario\/wp-json\/wp\/v2\/media?parent=46967"}],"wp:term":[{"taxonomy":"category","embeddable":true,"href":"https:\/\/armstrongyregion.com.ar\/diario\/wp-json\/wp\/v2\/categories?post=46967"},{"taxonomy":"post_tag","embeddable":true,"href":"https:\/\/armstrongyregion.com.ar\/diario\/wp-json\/wp\/v2\/tags?post=46967"}],"curies":[{"name":"wp","href":"https:\/\/api.w.org\/{rel}","templated":true}]}}