{"id":46964,"date":"2025-08-08T01:32:07","date_gmt":"2025-08-08T01:32:07","guid":{"rendered":"https:\/\/armstrongyregion.com.ar\/diario\/?p=46964"},"modified":"2025-08-08T01:32:09","modified_gmt":"2025-08-08T01:32:09","slug":"alejo-urquia-homenajeado-por-su-logro-deportivo-en-el-concejo-deliberante","status":"publish","type":"post","link":"https:\/\/armstrongyregion.com.ar\/diario\/alejo-urquia-homenajeado-por-su-logro-deportivo-en-el-concejo-deliberante\/","title":{"rendered":"Alejo Urqu\u00eda, Homenajeado por su logro deportivo en el Concejo Deliberante."},"content":{"rendered":"\n<figure class=\"wp-block-image size-large\"><img loading=\"lazy\" decoding=\"async\" width=\"640\" height=\"476\" src=\"https:\/\/armstrongyregion.com.ar\/diario\/wp-content\/uploads\/2025\/08\/ALEJO.URQUIA-CONCEJO--640x476.jpg\" alt=\"\" class=\"wp-image-46965\" srcset=\"https:\/\/armstrongyregion.com.ar\/diario\/wp-content\/uploads\/2025\/08\/ALEJO.URQUIA-CONCEJO--640x476.jpg 640w, https:\/\/armstrongyregion.com.ar\/diario\/wp-content\/uploads\/2025\/08\/ALEJO.URQUIA-CONCEJO--300x223.jpg 300w, https:\/\/armstrongyregion.com.ar\/diario\/wp-content\/uploads\/2025\/08\/ALEJO.URQUIA-CONCEJO--768x571.jpg 768w, https:\/\/armstrongyregion.com.ar\/diario\/wp-content\/uploads\/2025\/08\/ALEJO.URQUIA-CONCEJO-.jpg 800w\" sizes=\"auto, (max-width: 640px) 100vw, 640px\" \/><\/figure>\n\n\n\n<h2 class=\"wp-block-heading\">El Concejo Deliberante de Armstrong brind\u00f3 un emotivo reconocimiento a Alejo Urqu\u00eda, un joven deportista local que se destac\u00f3 en un campeonato nacional de b\u00e1squet. El acto, encabezado por el presidente del Concejo, Alejandro Pertusati, busc\u00f3 destacar el esfuerzo y la dedicaci\u00f3n del joven, a la vez que se promovi\u00f3 la importancia del deporte en la comunidad.<\/h2>\n\n\n\n<h4 class=\"wp-block-heading\">Deporte como S\u00edmbolo de Esperanza.<\/h4>\n\n\n\n<p>En sus palabras, Pertusati elogi\u00f3 el compromiso y la disciplina de Alejo, no solo en el b\u00e1squetbol, sino tambi\u00e9n en nataci\u00f3n, disciplina en la que pr\u00f3ximamente representar\u00e1 a la escuela 33 en los Juegos Santafesinos. El presidente del Concejo, un ferviente defensor del deporte, resalt\u00f3 que la participaci\u00f3n de los j\u00f3venes en actividades deportivas es un <strong>\u00abs\u00edmbolo de esperanza\u00bb.<\/strong> Subray\u00f3 que el deporte no solo contribuye a la salud f\u00edsica, sino que tambi\u00e9n fomenta valores como la disciplina, el trabajo en equipo y la apertura mental.<\/p>\n\n\n\n<p>Pertusati extendi\u00f3 su felicitaci\u00f3n a Alejo por ser una inspiraci\u00f3n para otros j\u00f3venes, destacando la alegr\u00eda con la que el deportista se entrega a lo que hace, algo que, seg\u00fan \u00e9l, es lo m\u00e1s importante en la pr\u00e1ctica deportiva.<\/p>\n\n\n\n<h4 class=\"wp-block-heading\">Una Experiencia de Inclusi\u00f3n y Alegr\u00eda.<\/h4>\n\n\n\n<p>Ariana Nieva, madre de Alejo, comparti\u00f3 con gran emoci\u00f3n la experiencia de su hijo en el campeonato nacional. Describi\u00f3 la participaci\u00f3n de Alejo como una <strong>\u00abalegr\u00eda enorme\u00bb<\/strong>, destacando la excelente organizaci\u00f3n de la Federaci\u00f3n Argentina de Deportes para Atletas con S\u00edndrome de Down (FADAS), que reuni\u00f3 a 107 deportistas.<\/p>\n\n\n\n<p>La se\u00f1ora Nieva resalt\u00f3 que este tipo de eventos son cruciales para la <strong>\u00abverdadera inclusi\u00f3n\u00bb<\/strong> y para que los j\u00f3venes<strong> \u00abse sientan parte\u00bb<\/strong>. Record\u00f3 la doble faceta deportiva de Alejo, quien, adem\u00e1s de su participaci\u00f3n en el torneo de b\u00e1squet en General Alvear, Mendoza, se prepara para competir en nataci\u00f3n en Rosario. <strong>\u00abEs un deportista nato\u00bb<\/strong>, concluy\u00f3 orgullosa, enfatizando el valor de estas oportunidades para el desarrollo y la visibilidad de los j\u00f3venes deportistas.<\/p>\n","protected":false},"excerpt":{"rendered":"<p>El Concejo Deliberante de Armstrong brind\u00f3 un emotivo reconocimiento a Alejo Urqu\u00eda, un joven deportista local que se destac\u00f3 en un campeonato nacional de b\u00e1squet. El acto, encabezado por el presidente del Concejo, Alejandro Pertusati, busc\u00f3 destacar el esfuerzo y la dedicaci\u00f3n del joven, a la vez que se promovi\u00f3 la importancia del deporte en <a href=\"https:\/\/armstrongyregion.com.ar\/diario\/alejo-urquia-homenajeado-por-su-logro-deportivo-en-el-concejo-deliberante\/\" title=\"Read more\" >&#8230;<\/a><\/p>\n","protected":false},"author":1,"featured_media":46965,"comment_status":"open","ping_status":"open","sticky":false,"template":"","format":"image","meta":{"_jetpack_memberships_contains_paid_content":false,"footnotes":"","jetpack_publicize_message":"","jetpack_publicize_feature_enabled":true,"jetpack_social_post_already_shared":true,"jetpack_social_options":{"image_generator_settings":{"template":"highway","default_image_id":0,"enabled":false},"version":2}},"categories":[6,8,5,1,2,7,3],"tags":[11944,9934,2352,5030,11965,11966],"class_list":["post-46964","post","type-post","status-publish","format-image","has-post-thumbnail","hentry","category-cultura-entretenimiento","category-deliberando","category-deportes","category-diario-armstrong","category-locales","category-politica","category-region","tag-alejo-urquia","tag-concejo-deliberante","tag-deportivo","tag-diario-armstrong","tag-homenajeado","tag-logro-2","post_format-post-format-image"],"jetpack_publicize_connections":[],"jetpack_featured_media_url":"https:\/\/armstrongyregion.com.ar\/diario\/wp-content\/uploads\/2025\/08\/ALEJO.URQUIA-CONCEJO-.jpg","jetpack_shortlink":"https:\/\/wp.me\/p62QDO-cdu","jetpack_sharing_enabled":true,"amp_enabled":true,"_links":{"self":[{"href":"https:\/\/armstrongyregion.com.ar\/diario\/wp-json\/wp\/v2\/posts\/46964","targetHints":{"allow":["GET"]}}],"collection":[{"href":"https:\/\/armstrongyregion.com.ar\/diario\/wp-json\/wp\/v2\/posts"}],"about":[{"href":"https:\/\/armstrongyregion.com.ar\/diario\/wp-json\/wp\/v2\/types\/post"}],"author":[{"embeddable":true,"href":"https:\/\/armstrongyregion.com.ar\/diario\/wp-json\/wp\/v2\/users\/1"}],"replies":[{"embeddable":true,"href":"https:\/\/armstrongyregion.com.ar\/diario\/wp-json\/wp\/v2\/comments?post=46964"}],"version-history":[{"count":1,"href":"https:\/\/armstrongyregion.com.ar\/diario\/wp-json\/wp\/v2\/posts\/46964\/revisions"}],"predecessor-version":[{"id":46966,"href":"https:\/\/armstrongyregion.com.ar\/diario\/wp-json\/wp\/v2\/posts\/46964\/revisions\/46966"}],"wp:featuredmedia":[{"embeddable":true,"href":"https:\/\/armstrongyregion.com.ar\/diario\/wp-json\/wp\/v2\/media\/46965"}],"wp:attachment":[{"href":"https:\/\/armstrongyregion.com.ar\/diario\/wp-json\/wp\/v2\/media?parent=46964"}],"wp:term":[{"taxonomy":"category","embeddable":true,"href":"https:\/\/armstrongyregion.com.ar\/diario\/wp-json\/wp\/v2\/categories?post=46964"},{"taxonomy":"post_tag","embeddable":true,"href":"https:\/\/armstrongyregion.com.ar\/diario\/wp-json\/wp\/v2\/tags?post=46964"}],"curies":[{"name":"wp","href":"https:\/\/api.w.org\/{rel}","templated":true}]}}