{"id":46949,"date":"2025-08-06T20:12:03","date_gmt":"2025-08-06T20:12:03","guid":{"rendered":"https:\/\/armstrongyregion.com.ar\/diario\/?p=46949"},"modified":"2025-08-06T20:12:06","modified_gmt":"2025-08-06T20:12:06","slug":"el-concejo-deliberante-de-armstrong-homenajea-a-la-guarderia-municipal-minimundo-en-su-40-aniversario","status":"publish","type":"post","link":"https:\/\/armstrongyregion.com.ar\/diario\/el-concejo-deliberante-de-armstrong-homenajea-a-la-guarderia-municipal-minimundo-en-su-40-aniversario\/","title":{"rendered":"El Concejo Deliberante de Armstrong Homenajea a la Guarder\u00eda Municipal \u201cMinimundo\u201d en su 40\u00b0 Aniversario."},"content":{"rendered":"\n<figure class=\"wp-block-image size-large\"><img loading=\"lazy\" decoding=\"async\" width=\"484\" height=\"480\" src=\"http:\/\/armstrongyregion.com.ar\/diario\/wp-content\/uploads\/2025\/07\/LUZ-MARINA-FISCHER-1-07-25--484x480.jpg\" alt=\"\" class=\"wp-image-46690\" srcset=\"https:\/\/armstrongyregion.com.ar\/diario\/wp-content\/uploads\/2025\/07\/LUZ-MARINA-FISCHER-1-07-25--484x480.jpg 484w, https:\/\/armstrongyregion.com.ar\/diario\/wp-content\/uploads\/2025\/07\/LUZ-MARINA-FISCHER-1-07-25--300x297.jpg 300w, https:\/\/armstrongyregion.com.ar\/diario\/wp-content\/uploads\/2025\/07\/LUZ-MARINA-FISCHER-1-07-25--150x150.jpg 150w, https:\/\/armstrongyregion.com.ar\/diario\/wp-content\/uploads\/2025\/07\/LUZ-MARINA-FISCHER-1-07-25-.jpg 553w\" sizes=\"auto, (max-width: 484px) 100vw, 484px\" \/><\/figure>\n\n\n\n<p>En la \u00faltima sesi\u00f3n del Concejo Deliberante de Armstrong, la concejal <strong>Luz Marina Fischer<\/strong>, del bloque Avancemos, present\u00f3 una minuta de declaraci\u00f3n para celebrar el <strong>40\u00b0 aniversario de la Guarder\u00eda Municipal \u201cMinimundo\u201d<\/strong>. La propuesta, que fue aprobada por unanimidad, busca declarar a la instituci\u00f3n de inter\u00e9s municipal, social, comunitario y educativo.<\/p>\n\n\n\n<p>La concejal Fischer, visiblemente orgullosa, comparti\u00f3 que la guarder\u00eda fue una iniciativa de su madre, Cielo Fischer, y de su abuelo, Ricardo Fischer, quien era intendente de la ciudad cuando se fund\u00f3. Ella destac\u00f3 el rol fundamental que cumple Minimundo, brindando a los padres trabajadores un lugar seguro y confiable para el cuidado de sus hijos.<\/p>\n\n\n\n<h3 class=\"wp-block-heading\"><strong>Una Historia de Crecimiento y Servicio a la Comunidad<\/strong>.<\/h3>\n\n\n\n<p><\/p>\n\n\n\n<p><strong>La concejal Fischer relat\u00f3 la historia de la guarder\u00eda, que comenz\u00f3 en un peque\u00f1o predio que hab\u00eda pertenecido al ferrocarril. Gracias a una ley que permit\u00eda a los municipios adquirir terrenos ferroviarios utilizados para fines ben\u00e9ficos, su abuelo gestion\u00f3 el traspaso del dominio. Fue en ese lugar, con el esfuerzo de su madre y un grupo de mujeres, donde se gest\u00f3 la idea de crear un espacio para los ni\u00f1os.<\/strong><\/p>\n\n\n\n<p>En sus inicios, hace 40 a\u00f1os, <strong>Minimundo acog\u00eda a unos 50 ni\u00f1os de diferentes edades. <\/strong>Con el tiempo, la instituci\u00f3n fue creciendo y evolucionando, pasando de ser un peque\u00f1o lugar a una guarder\u00eda completa y moderna. La concejal resalt\u00f3 el crecimiento constante a trav\u00e9s de distintas administraciones, con cada gesti\u00f3n sumando mejoras, desde la construcci\u00f3n de una cocina y una biblioteca hasta las remodelaciones m\u00e1s recientes.<\/p>\n\n\n\n<p><\/p>\n\n\n\n<h3 class=\"wp-block-heading\"><strong>M\u00e1s que un Lugar para Cuidar Ni\u00f1os<\/strong><\/h3>\n\n\n\n<p><\/p>\n\n\n\n<p>La concejal <strong>Fischer tambi\u00e9n subray\u00f3 que Minimundo no es solo un lugar de cuidado, sino un espacio donde se ofrecen actividades educativas, recreativas y deportivas.<\/strong> Mencion\u00f3 que la guarder\u00eda, que actualmente atiende a 33 ni\u00f1os de entre 6 y 12 a\u00f1os, depende de la direcci\u00f3n de Promoci\u00f3n Comunitaria y se enfoca en el desarrollo integral de los peque\u00f1os.<\/p>\n\n\n\n<p>Finalmente, Fischer destac\u00f3 la importancia de valorar y reconocer a Minimundo como una <strong>pol\u00edtica p\u00fablica exitosa y necesaria<\/strong>. La concejal concluy\u00f3 que la guarder\u00eda es una inversi\u00f3n del pueblo que regresa al pueblo en forma de un servicio esencial para la comunidad, y expres\u00f3 su deseo de que la instituci\u00f3n contin\u00fae su labor en el futuro.<\/p>\n","protected":false},"excerpt":{"rendered":"<p>En la \u00faltima sesi\u00f3n del Concejo Deliberante de Armstrong, la concejal Luz Marina Fischer, del bloque Avancemos, present\u00f3 una minuta de declaraci\u00f3n para celebrar el 40\u00b0 aniversario de la Guarder\u00eda Municipal \u201cMinimundo\u201d. La propuesta, que fue aprobada por unanimidad, busca declarar a la instituci\u00f3n de inter\u00e9s municipal, social, comunitario y educativo. La concejal Fischer, visiblemente <a href=\"https:\/\/armstrongyregion.com.ar\/diario\/el-concejo-deliberante-de-armstrong-homenajea-a-la-guarderia-municipal-minimundo-en-su-40-aniversario\/\" title=\"Read more\" >&#8230;<\/a><\/p>\n","protected":false},"author":1,"featured_media":46690,"comment_status":"open","ping_status":"open","sticky":false,"template":"","format":"image","meta":{"_jetpack_memberships_contains_paid_content":false,"footnotes":"","jetpack_publicize_message":"","jetpack_publicize_feature_enabled":true,"jetpack_social_post_already_shared":true,"jetpack_social_options":{"image_generator_settings":{"template":"highway","default_image_id":0,"enabled":false},"version":2}},"categories":[6,8,1,2,7,3],"tags":[11960,20,5030,8777,9262,3290],"class_list":["post-46949","post","type-post","status-publish","format-image","has-post-thumbnail","hentry","category-cultura-entretenimiento","category-deliberando","category-diario-armstrong","category-locales","category-politica","category-region","tag-40-aniversario","tag-armstrong","tag-diario-armstrong","tag-lic-graciela-de-la-casa","tag-luz-marina-fischer","tag-minimundo","post_format-post-format-image"],"jetpack_publicize_connections":[],"jetpack_featured_media_url":"https:\/\/armstrongyregion.com.ar\/diario\/wp-content\/uploads\/2025\/07\/LUZ-MARINA-FISCHER-1-07-25-.jpg","jetpack_shortlink":"https:\/\/wp.me\/p62QDO-cdf","jetpack_sharing_enabled":true,"amp_enabled":true,"_links":{"self":[{"href":"https:\/\/armstrongyregion.com.ar\/diario\/wp-json\/wp\/v2\/posts\/46949","targetHints":{"allow":["GET"]}}],"collection":[{"href":"https:\/\/armstrongyregion.com.ar\/diario\/wp-json\/wp\/v2\/posts"}],"about":[{"href":"https:\/\/armstrongyregion.com.ar\/diario\/wp-json\/wp\/v2\/types\/post"}],"author":[{"embeddable":true,"href":"https:\/\/armstrongyregion.com.ar\/diario\/wp-json\/wp\/v2\/users\/1"}],"replies":[{"embeddable":true,"href":"https:\/\/armstrongyregion.com.ar\/diario\/wp-json\/wp\/v2\/comments?post=46949"}],"version-history":[{"count":1,"href":"https:\/\/armstrongyregion.com.ar\/diario\/wp-json\/wp\/v2\/posts\/46949\/revisions"}],"predecessor-version":[{"id":46950,"href":"https:\/\/armstrongyregion.com.ar\/diario\/wp-json\/wp\/v2\/posts\/46949\/revisions\/46950"}],"wp:featuredmedia":[{"embeddable":true,"href":"https:\/\/armstrongyregion.com.ar\/diario\/wp-json\/wp\/v2\/media\/46690"}],"wp:attachment":[{"href":"https:\/\/armstrongyregion.com.ar\/diario\/wp-json\/wp\/v2\/media?parent=46949"}],"wp:term":[{"taxonomy":"category","embeddable":true,"href":"https:\/\/armstrongyregion.com.ar\/diario\/wp-json\/wp\/v2\/categories?post=46949"},{"taxonomy":"post_tag","embeddable":true,"href":"https:\/\/armstrongyregion.com.ar\/diario\/wp-json\/wp\/v2\/tags?post=46949"}],"curies":[{"name":"wp","href":"https:\/\/api.w.org\/{rel}","templated":true}]}}