{"id":46943,"date":"2025-08-06T19:45:52","date_gmt":"2025-08-06T19:45:52","guid":{"rendered":"https:\/\/armstrongyregion.com.ar\/diario\/?p=46943"},"modified":"2025-08-06T19:45:54","modified_gmt":"2025-08-06T19:45:54","slug":"concejales-de-armstrong-buscan-transmitir-en-vivo-las-sesiones-para-aumentar-la-transparencia","status":"publish","type":"post","link":"https:\/\/armstrongyregion.com.ar\/diario\/concejales-de-armstrong-buscan-transmitir-en-vivo-las-sesiones-para-aumentar-la-transparencia\/","title":{"rendered":"Concejales de Armstrong buscan transmitir en vivo las sesiones para aumentar la transparencia."},"content":{"rendered":"\n<figure class=\"wp-block-image size-large\"><img loading=\"lazy\" decoding=\"async\" width=\"327\" height=\"480\" src=\"http:\/\/armstrongyregion.com.ar\/diario\/wp-content\/uploads\/2025\/08\/EMILIANO-GRAMIGNA-8-25-327x480.jpg\" alt=\"\" class=\"wp-image-46944\" srcset=\"https:\/\/armstrongyregion.com.ar\/diario\/wp-content\/uploads\/2025\/08\/EMILIANO-GRAMIGNA-8-25-327x480.jpg 327w, https:\/\/armstrongyregion.com.ar\/diario\/wp-content\/uploads\/2025\/08\/EMILIANO-GRAMIGNA-8-25-204x300.jpg 204w, https:\/\/armstrongyregion.com.ar\/diario\/wp-content\/uploads\/2025\/08\/EMILIANO-GRAMIGNA-8-25.jpg 414w\" sizes=\"auto, (max-width: 327px) 100vw, 327px\" \/><\/figure>\n\n\n\n<h2 class=\"wp-block-heading\">El bloque de Renovaci\u00f3n por Armstrong present\u00f3 un proyecto de resoluci\u00f3n para retomar las transmisiones en vivo del Concejo Municipal.<\/h2>\n\n\n\n<p>En un movimiento hacia una mayor transparencia y participaci\u00f3n ciudadana, el bloque de <strong>Renovaci\u00f3n por Armstrong<\/strong> present\u00f3 una minuta de resoluci\u00f3n para que las sesiones del Concejo Municipal de la localidad sean transmitidas en vivo. El proyecto, impulsado por el concejal Emiliano Gramigna, busca retomar una pr\u00e1ctica que se interrumpi\u00f3 durante la pandemia y que, seg\u00fan el concejal, es fundamental para la rendici\u00f3n de cuentas.<\/p>\n\n\n\n<h3 class=\"wp-block-heading\">Fortalecer la conexi\u00f3n con los vecinos<\/h3>\n\n\n\n<p>En un di\u00e1logo con medios locales, Gramigna explic\u00f3 la motivaci\u00f3n detr\u00e1s de la propuesta: <strong>\u00abCreemos que la ciudadan\u00eda tiene la posibilidad de esa forma de poder saber c\u00f3mo se debate, qu\u00e9 trabajo se hace, c\u00f3mo vota cada concejal, qu\u00e9 es lo que defiende o no defiende. De esta forma, cada ciudadano podr\u00e1 sacar sus propias conclusiones sobre el trabajo de sus representantes\u00bb.<\/strong><\/p>\n\n\n\n<p>El concejal subray\u00f3 la importancia de evitar la<strong> distorsi\u00f3n del discurso que a veces ocurre en los medios de comunicaci\u00f3n y destac\u00f3 que las transmisiones en vivo ofrecer\u00edan un acceso directo y sin intermediarios a los debates. Adem\u00e1s de los medios locales, el proyecto propone que las sesiones se emitan por streaming a trav\u00e9s de la p\u00e1gina web del Concejo, donde tambi\u00e9n quedar\u00edan archivadas para su consulta posterior.<\/strong> Gramigna record\u00f3 que la ultima campa\u00f1a fue sucia y algunos candidatos denigraron la labor del legislativo. <\/p>\n\n\n\n<h3 class=\"wp-block-heading\">Cuesti\u00f3n de transparencia y obligaci\u00f3n<\/h3>\n\n\n\n<p>Gramigna enfatiz\u00f3 que la transmisi\u00f3n en vivo es una cuesti\u00f3n de transparencia, publicidad de los actos de gobierno y una obligaci\u00f3n de quienes representan al pueblo. <strong>\u00abNosotros somos empleados del pueblo, por lo que la gente debe saber y debe ver c\u00f3mo trabajamos, de qu\u00e9 manera lo hacemos y, por sobre todo, c\u00f3mo votamos\u00bb,<\/strong> afirm\u00f3.<\/p>\n\n\n\n<p>El concejal tambi\u00e9n mencion\u00f3 que, aunque el proyecto lo ten\u00edan en carpeta, decidieron presentarlo despu\u00e9s de las elecciones para evitar que fuera interpretado como una acci\u00f3n preelectoral. Sobre la implementaci\u00f3n, el concejal expres\u00f3 su deseo de que pueda comenzar a aplicarse este mismo a\u00f1o, aunque reconoci\u00f3 que los tiempos depender\u00e1n de la presidencia del Concejo y de las cuestiones t\u00e9cnicas y presupuestarias que se deban resolver en comisi\u00f3n.<\/p>\n\n\n\n<p>Gramigna concluy\u00f3 asegurando que el objetivo es que la transmisi\u00f3n en vivo se incorpore al reglamento interno del Concejo, garantizando que sea una pol\u00edtica permanente, independientemente de la conformaci\u00f3n de la c\u00e1mara. <strong>\u00abTiene que ser una pol\u00edtica que se tenga independientemente de qui\u00e9n sea o no presidente o c\u00f3mo est\u00e9 integrado el concejo, sino algo que se tenga que hacer como una obligaci\u00f3n\u00bb, <\/strong>sentenci\u00f3.<\/p>\n","protected":false},"excerpt":{"rendered":"<p>El bloque de Renovaci\u00f3n por Armstrong present\u00f3 un proyecto de resoluci\u00f3n para retomar las transmisiones en vivo del Concejo Municipal. En un movimiento hacia una mayor transparencia y participaci\u00f3n ciudadana, el bloque de Renovaci\u00f3n por Armstrong present\u00f3 una minuta de resoluci\u00f3n para que las sesiones del Concejo Municipal de la localidad sean transmitidas en vivo. <a href=\"https:\/\/armstrongyregion.com.ar\/diario\/concejales-de-armstrong-buscan-transmitir-en-vivo-las-sesiones-para-aumentar-la-transparencia\/\" title=\"Read more\" >&#8230;<\/a><\/p>\n","protected":false},"author":1,"featured_media":46944,"comment_status":"open","ping_status":"open","sticky":false,"template":"","format":"image","meta":{"_jetpack_memberships_contains_paid_content":false,"footnotes":"","jetpack_publicize_message":"","jetpack_publicize_feature_enabled":true,"jetpack_social_post_already_shared":true,"jetpack_social_options":{"image_generator_settings":{"template":"highway","default_image_id":0,"enabled":false},"version":2}},"categories":[8,1,2,7,3],"tags":[],"class_list":["post-46943","post","type-post","status-publish","format-image","has-post-thumbnail","hentry","category-deliberando","category-diario-armstrong","category-locales","category-politica","category-region","post_format-post-format-image"],"jetpack_publicize_connections":[],"jetpack_featured_media_url":"https:\/\/armstrongyregion.com.ar\/diario\/wp-content\/uploads\/2025\/08\/EMILIANO-GRAMIGNA-8-25.jpg","jetpack_shortlink":"https:\/\/wp.me\/p62QDO-cd9","jetpack_sharing_enabled":true,"amp_enabled":true,"_links":{"self":[{"href":"https:\/\/armstrongyregion.com.ar\/diario\/wp-json\/wp\/v2\/posts\/46943","targetHints":{"allow":["GET"]}}],"collection":[{"href":"https:\/\/armstrongyregion.com.ar\/diario\/wp-json\/wp\/v2\/posts"}],"about":[{"href":"https:\/\/armstrongyregion.com.ar\/diario\/wp-json\/wp\/v2\/types\/post"}],"author":[{"embeddable":true,"href":"https:\/\/armstrongyregion.com.ar\/diario\/wp-json\/wp\/v2\/users\/1"}],"replies":[{"embeddable":true,"href":"https:\/\/armstrongyregion.com.ar\/diario\/wp-json\/wp\/v2\/comments?post=46943"}],"version-history":[{"count":1,"href":"https:\/\/armstrongyregion.com.ar\/diario\/wp-json\/wp\/v2\/posts\/46943\/revisions"}],"predecessor-version":[{"id":46945,"href":"https:\/\/armstrongyregion.com.ar\/diario\/wp-json\/wp\/v2\/posts\/46943\/revisions\/46945"}],"wp:featuredmedia":[{"embeddable":true,"href":"https:\/\/armstrongyregion.com.ar\/diario\/wp-json\/wp\/v2\/media\/46944"}],"wp:attachment":[{"href":"https:\/\/armstrongyregion.com.ar\/diario\/wp-json\/wp\/v2\/media?parent=46943"}],"wp:term":[{"taxonomy":"category","embeddable":true,"href":"https:\/\/armstrongyregion.com.ar\/diario\/wp-json\/wp\/v2\/categories?post=46943"},{"taxonomy":"post_tag","embeddable":true,"href":"https:\/\/armstrongyregion.com.ar\/diario\/wp-json\/wp\/v2\/tags?post=46943"}],"curies":[{"name":"wp","href":"https:\/\/api.w.org\/{rel}","templated":true}]}}