{"id":46907,"date":"2025-08-05T21:10:41","date_gmt":"2025-08-05T21:10:41","guid":{"rendered":"https:\/\/armstrongyregion.com.ar\/diario\/?p=46907"},"modified":"2025-08-05T21:10:43","modified_gmt":"2025-08-05T21:10:43","slug":"paritaria-central-provincia-y-gremios-de-la-administracion-publica-pasaron-a-cuarto-intermedio-hasta-el-lunes-11","status":"publish","type":"post","link":"https:\/\/armstrongyregion.com.ar\/diario\/paritaria-central-provincia-y-gremios-de-la-administracion-publica-pasaron-a-cuarto-intermedio-hasta-el-lunes-11\/","title":{"rendered":"Paritaria central: Provincia y gremios de la Administraci\u00f3n P\u00fablica pasaron a cuarto intermedio hasta el lunes 11"},"content":{"rendered":"\n\n\n<p>Lo acordaron tras mantener un nuevo encuentro este martes en la Casa de Gobierno. \u201cSanta Fe viene haciendo muchos esfuerzos con la recaudaci\u00f3n propia, en el marco de un plan de ajuste del Gobierno Nacional que arrastra a todas las provincias\u201d, resaltaron las autoridades.<\/p>\n\n\n\n<p>El Gobierno de Santa Fe mantuvo este martes una nueva reuni\u00f3n paritaria con los gremios representantes de los trabajadores de la Administraci\u00f3n P\u00fablica Central.<br>El encuentro en la Casa Gris de la capital provincial estuvo encabezado por el ministro de Gobierno e Innovaci\u00f3n P\u00fablica, Fabi\u00e1n Bastia; acompa\u00f1ado por sus pares de Econom\u00eda, Pablo Olivares, y de Trabajo y Seguridad Social, Roald B\u00e1scolo; adem\u00e1s de Marcelo Delfor, en representaci\u00f3n de ATE, y Jorge Molina, por UPCN.<\/p>\n\n\n\n<p>Luego del encuentro, las partes acordaron pasar a un cuarto intermedio hasta el pr\u00f3ximo lunes 11 de agosto.<\/p>\n\n\n\n<p>Los mayores esfuerzos con recaudaci\u00f3n propia<\/p>\n\n\n\n<p>Tras el encuentro, Bastia asegur\u00f3 que desde el Gobierno Provincial se eval\u00faan \u201cdistintas alternativas relacionadas al impacto de la econom\u00eda nacional sobre las cuentas p\u00fablicas y en ese sentido vamos a seguir charlando para llegar a construir las ofertas salariales\u201d, en un contexto donde el funcionario remarc\u00f3 que \u201cla Provincia de Santa Fe perdi\u00f3 much\u00edsimos ingresos a partir de abril\u201d. \u201cHemos hecho los esfuerzos necesarios para cumplir con las expectativas, en un escenario que muestra la misma realidad que venimos administrando desde el inicio de la gesti\u00f3n, pero con m\u00e1s p\u00e9rdida de recursos\u201d, afirm\u00f3.<\/p>\n\n\n\n<p>En ese sentido, Bastia remarc\u00f3 que \u201cla econom\u00eda argentina ha ido dando datos de certeza y previsibilidad que no necesariamente son beneficiosos, sino datos duros, complicados y complejos. Hasta ahora lo \u00fanico que hemos tenido en estos casi 20 meses es p\u00e9rdida de recursos\u201d.<\/p>\n\n\n\n<p>Por su parte, Olivares resalt\u00f3 \u201cla continuidad de buscar el mejor acuerdo que a todas las partes les deje la tranquilidad de recomponer el poder adquisitivo hac\u00eda adelante de los trabajadores y al mismo tiempo que por parte del Gobierno pueda ser pagable\u201d, tras lo que afirm\u00f3 que se considerar\u00e1 una oferta salarial \u201cdesde el mes de julio porque si hay algo que no est\u00e1 en juego es que el paso del tiempo en los acuerdos no ir\u00e1 en detrimento de saltear ning\u00fan mes\u201d.<\/p>\n\n\n\n<p>Y en la misma sinton\u00eda que Bastia, el ministro de Econom\u00eda se\u00f1al\u00f3 que la Provincia \u201cviene haciendo muchos esfuerzos con la recaudaci\u00f3n propia\u201d, en el marco de \u201cun plan del Gobierno Nacional de efectuar un ajuste en la administraci\u00f3n sin actualizaci\u00f3n de salarios pr\u00e1cticamente en lo que va del a\u00f1o\u201d, y adem\u00e1s \u201carrastra a todas las provincias en la contracci\u00f3n econ\u00f3mica, por lo que estamos trabajando en neutralizar todos los efectos de \u2018secarnos\u2019 de recursos a las provincias\u201d lo que \u201ctiene como uno de los efectos colaterales complicarnos en la discusi\u00f3n paritaria. No hay falta de acuerdo, sino un trabajo para poder recomponer o mantener el poder adquisitivo de los trabajadores, porque esa es una condici\u00f3n indispensable para que los servicios fundamentales que presta el Estado como seguridad, educaci\u00f3n, salud y contenci\u00f3n social, lo hacen los trabajadores p\u00fablicos\u201d.<\/p>\n","protected":false},"excerpt":{"rendered":"<p>Lo acordaron tras mantener un nuevo encuentro este martes en la Casa de Gobierno. \u201cSanta Fe viene haciendo muchos esfuerzos con la recaudaci\u00f3n propia, en el marco de un plan de ajuste del Gobierno Nacional que arrastra a todas las provincias\u201d, resaltaron las autoridades. El Gobierno de Santa Fe mantuvo este martes una nueva reuni\u00f3n <a href=\"https:\/\/armstrongyregion.com.ar\/diario\/paritaria-central-provincia-y-gremios-de-la-administracion-publica-pasaron-a-cuarto-intermedio-hasta-el-lunes-11\/\" title=\"Read more\" >&#8230;<\/a><\/p>\n","protected":false},"author":2,"featured_media":46908,"comment_status":"open","ping_status":"open","sticky":false,"template":"","format":"image","meta":{"_jetpack_memberships_contains_paid_content":false,"footnotes":"","jetpack_publicize_message":"","jetpack_publicize_feature_enabled":true,"jetpack_social_post_already_shared":true,"jetpack_social_options":{"image_generator_settings":{"template":"highway","default_image_id":0,"enabled":false},"version":2}},"categories":[1,7],"tags":[],"class_list":["post-46907","post","type-post","status-publish","format-image","has-post-thumbnail","hentry","category-diario-armstrong","category-politica","post_format-post-format-image"],"jetpack_publicize_connections":[],"jetpack_featured_media_url":"https:\/\/armstrongyregion.com.ar\/diario\/wp-content\/uploads\/2025\/08\/diario.jpg","jetpack_shortlink":"https:\/\/wp.me\/p62QDO-ccz","jetpack_sharing_enabled":true,"amp_enabled":true,"_links":{"self":[{"href":"https:\/\/armstrongyregion.com.ar\/diario\/wp-json\/wp\/v2\/posts\/46907","targetHints":{"allow":["GET"]}}],"collection":[{"href":"https:\/\/armstrongyregion.com.ar\/diario\/wp-json\/wp\/v2\/posts"}],"about":[{"href":"https:\/\/armstrongyregion.com.ar\/diario\/wp-json\/wp\/v2\/types\/post"}],"author":[{"embeddable":true,"href":"https:\/\/armstrongyregion.com.ar\/diario\/wp-json\/wp\/v2\/users\/2"}],"replies":[{"embeddable":true,"href":"https:\/\/armstrongyregion.com.ar\/diario\/wp-json\/wp\/v2\/comments?post=46907"}],"version-history":[{"count":1,"href":"https:\/\/armstrongyregion.com.ar\/diario\/wp-json\/wp\/v2\/posts\/46907\/revisions"}],"predecessor-version":[{"id":46909,"href":"https:\/\/armstrongyregion.com.ar\/diario\/wp-json\/wp\/v2\/posts\/46907\/revisions\/46909"}],"wp:featuredmedia":[{"embeddable":true,"href":"https:\/\/armstrongyregion.com.ar\/diario\/wp-json\/wp\/v2\/media\/46908"}],"wp:attachment":[{"href":"https:\/\/armstrongyregion.com.ar\/diario\/wp-json\/wp\/v2\/media?parent=46907"}],"wp:term":[{"taxonomy":"category","embeddable":true,"href":"https:\/\/armstrongyregion.com.ar\/diario\/wp-json\/wp\/v2\/categories?post=46907"},{"taxonomy":"post_tag","embeddable":true,"href":"https:\/\/armstrongyregion.com.ar\/diario\/wp-json\/wp\/v2\/tags?post=46907"}],"curies":[{"name":"wp","href":"https:\/\/api.w.org\/{rel}","templated":true}]}}