{"id":4690,"date":"2015-10-23T14:03:51","date_gmt":"2015-10-23T14:03:51","guid":{"rendered":"https:\/\/armstrongyregion.com.ar\/diario\/?p=4690"},"modified":"2015-10-23T14:03:51","modified_gmt":"2015-10-23T14:03:51","slug":"estudiantes-de-armstrong-y-las-rosas-participaron-del-programa-jovenes-en-el-senado","status":"publish","type":"post","link":"https:\/\/armstrongyregion.com.ar\/diario\/estudiantes-de-armstrong-y-las-rosas-participaron-del-programa-jovenes-en-el-senado\/","title":{"rendered":"Estudiantes de Armstrong y Las Rosas participaron del Programa \u201cJ\u00f3venes en el Senado\u201d."},"content":{"rendered":"<p><a href=\"http:\/\/armstrongyregion.com.ar\/diario\/wp-content\/uploads\/2015\/10\/1-3.jpg\"><img loading=\"lazy\" decoding=\"async\" class=\"alignnone size-medium wp-image-4691\" src=\"http:\/\/armstrongyregion.com.ar\/diario\/wp-content\/uploads\/2015\/10\/1-3-300x225.jpg\" alt=\"Crossetti\" width=\"300\" height=\"225\" srcset=\"https:\/\/armstrongyregion.com.ar\/diario\/wp-content\/uploads\/2015\/10\/1-3-300x225.jpg 300w, https:\/\/armstrongyregion.com.ar\/diario\/wp-content\/uploads\/2015\/10\/1-3.jpg 768w\" sizes=\"auto, (max-width: 300px) 100vw, 300px\" \/><\/a>Alumnos de Armstrong y Las Rosas participaron del Programa \u201cJ\u00f3venes en el Senado\u201d y navegaron por el R\u00edo Paran\u00e1<\/p>\n<p>Invitados por el Senador Provincial, Alberto Crossetti, en el d\u00eda de ayer estudiantes de 5to a\u00f1o de la Escuela Superior de Comercio N\u00b0 51 \u201cDr. Manuel Belgrano\u201d y Escuela de Comercio N\u00b0 217 \u201cDomingo Faustino Sarmiento\u201d de la ciudad de Las Rosas fueron recibidos en el recinto de la C\u00e1mara de Senadores por el Senador Provincial, Alberto Crossetti y el sr. Agust\u00edn Ponzio quien se interes\u00f3 en el programa y gestion\u00f3 el viaje ante el Senador para los alumnos de Las Rosas. Los j\u00f3venes recorrieron Legislatura, Cervecer\u00eda Santa Fe, Puente Colgante. Luego viajaron a la Ciudad de Paran\u00e1, Entre R\u00edos donde visitaron el Museo Provincial de Bellas Artes Dr. Pedro E. Mart\u00ednez la muestra de \u201cGoya y Dal\u00ed. Un encuentro surrealista\u201d (una exposici\u00f3n de ochenta piezas de Salvador Dal\u00ed inspiradas en una serie de grabados de Francisco de Goya.) Al mediod\u00eda almorzaron en la costanera de Paran\u00e1 donde a las 14hs. embarcaron al catamar\u00e1n que los llev\u00f3 de regreso a la Ciudad de Santa Fe. La tarde fue para pasear por el shopping la rivera.<\/p>\n<p>El Senador Crossetti se\u00f1al\u00f3 \u201crealizamos un enorme esfuerzo para que sea un viaje especial para que los alumnos conozcan el \u00e1mbito legislativo su funcionamiento e importancia\u201d.\u00a0 El legislador agreg\u00f3 \u201cfue pensado para que se lleven un agradable recuerdo de las costas santafesinas y entrerrianas, conozcan la historia de la cervecer\u00eda Santa Fe su producci\u00f3n y tecnolog\u00eda de esta planta industrial pero con la explicaciones correspondientes del programa de consumo responsable, disfruten y aprendan del arte de una muestra de relevancia que finaliza el 1\u00ba de noviembre organizada por el Ministerio de Cultura y Comunicaci\u00f3n de la provincia de Entre R\u00edos\u201d<\/p>\n","protected":false},"excerpt":{"rendered":"<p>Alumnos de Armstrong y Las Rosas participaron del Programa \u201cJ\u00f3venes en el Senado\u201d y navegaron por el R\u00edo Paran\u00e1 Invitados por el Senador Provincial, Alberto Crossetti, en el d\u00eda de ayer estudiantes de 5to a\u00f1o de la Escuela Superior de Comercio N\u00b0 51 \u201cDr. Manuel Belgrano\u201d y Escuela de Comercio N\u00b0 217 \u201cDomingo Faustino Sarmiento\u201d <a href=\"https:\/\/armstrongyregion.com.ar\/diario\/estudiantes-de-armstrong-y-las-rosas-participaron-del-programa-jovenes-en-el-senado\/\" title=\"Read more\" >&#8230;<\/a><\/p>\n","protected":false},"author":2,"featured_media":4691,"comment_status":"open","ping_status":"open","sticky":false,"template":"","format":"standard","meta":{"_jetpack_memberships_contains_paid_content":false,"footnotes":"","jetpack_publicize_message":"","jetpack_publicize_feature_enabled":true,"jetpack_social_post_already_shared":false,"jetpack_social_options":{"image_generator_settings":{"template":"highway","default_image_id":0,"enabled":false},"version":2}},"categories":[6,1,2,7,3],"tags":[3005],"class_list":["post-4690","post","type-post","status-publish","format-standard","has-post-thumbnail","hentry","category-cultura-entretenimiento","category-diario-armstrong","category-locales","category-politica","category-region","tag-estudiantes-de-armstrong-y-las-rosas-participaron-del-programa-jovenes-en-el-senado"],"jetpack_publicize_connections":[],"jetpack_featured_media_url":"https:\/\/armstrongyregion.com.ar\/diario\/wp-content\/uploads\/2015\/10\/1-3.jpg","jetpack_shortlink":"https:\/\/wp.me\/p62QDO-1dE","jetpack_sharing_enabled":true,"amp_enabled":true,"_links":{"self":[{"href":"https:\/\/armstrongyregion.com.ar\/diario\/wp-json\/wp\/v2\/posts\/4690","targetHints":{"allow":["GET"]}}],"collection":[{"href":"https:\/\/armstrongyregion.com.ar\/diario\/wp-json\/wp\/v2\/posts"}],"about":[{"href":"https:\/\/armstrongyregion.com.ar\/diario\/wp-json\/wp\/v2\/types\/post"}],"author":[{"embeddable":true,"href":"https:\/\/armstrongyregion.com.ar\/diario\/wp-json\/wp\/v2\/users\/2"}],"replies":[{"embeddable":true,"href":"https:\/\/armstrongyregion.com.ar\/diario\/wp-json\/wp\/v2\/comments?post=4690"}],"version-history":[{"count":0,"href":"https:\/\/armstrongyregion.com.ar\/diario\/wp-json\/wp\/v2\/posts\/4690\/revisions"}],"wp:featuredmedia":[{"embeddable":true,"href":"https:\/\/armstrongyregion.com.ar\/diario\/wp-json\/wp\/v2\/media\/4691"}],"wp:attachment":[{"href":"https:\/\/armstrongyregion.com.ar\/diario\/wp-json\/wp\/v2\/media?parent=4690"}],"wp:term":[{"taxonomy":"category","embeddable":true,"href":"https:\/\/armstrongyregion.com.ar\/diario\/wp-json\/wp\/v2\/categories?post=4690"},{"taxonomy":"post_tag","embeddable":true,"href":"https:\/\/armstrongyregion.com.ar\/diario\/wp-json\/wp\/v2\/tags?post=4690"}],"curies":[{"name":"wp","href":"https:\/\/api.w.org\/{rel}","templated":true}]}}