{"id":46882,"date":"2025-08-04T22:55:10","date_gmt":"2025-08-04T22:55:10","guid":{"rendered":"https:\/\/armstrongyregion.com.ar\/diario\/?p=46882"},"modified":"2025-08-04T22:55:12","modified_gmt":"2025-08-04T22:55:12","slug":"debia-materias-de-2022-y-gracias-a-quedate-hoy-estoy-empezando-la-carrera-de-derecho","status":"publish","type":"post","link":"https:\/\/armstrongyregion.com.ar\/diario\/debia-materias-de-2022-y-gracias-a-quedate-hoy-estoy-empezando-la-carrera-de-derecho\/","title":{"rendered":"\u201cDeb\u00eda materias de 2022 y gracias a Quedate hoy estoy empezando la carrera de Derecho\u201d"},"content":{"rendered":"\n<figure class=\"wp-block-image size-full\"><img loading=\"lazy\" decoding=\"async\" width=\"570\" height=\"320\" src=\"http:\/\/armstrongyregion.com.ar\/diario\/wp-content\/uploads\/2025\/08\/quedate-secu.jpg\" alt=\"\" class=\"wp-image-46883\" srcset=\"https:\/\/armstrongyregion.com.ar\/diario\/wp-content\/uploads\/2025\/08\/quedate-secu.jpg 570w, https:\/\/armstrongyregion.com.ar\/diario\/wp-content\/uploads\/2025\/08\/quedate-secu-300x168.jpg 300w\" sizes=\"auto, (max-width: 570px) 100vw, 570px\" \/><\/figure>\n\n\n\n<h2 class=\"wp-block-heading\">Lo afirm\u00f3 Tom\u00e1s Machado, uno de los 8 mil estudiantes que participaron del Programa Quedate del Gobierno de la Provincia de Santa Fe. A partir de este lunes se encuentra abierta una nueva convocatoria para adultos que adeuden materias de los a\u00f1os 2020, 2021 y 2022 y que puedan terminar el secundario.<\/h2>\n\n\n\n<p>Tom\u00e1s Machado es un ex alumno de la escuela Domingo Guzm\u00e1n Silva de la ciudad de Santa Fe que no hab\u00eda podido terminar la escuela secundaria. \u201cDeb\u00eda materias del a\u00f1o 2022. Gracias a una docente que me alent\u00f3 a anotarme al Programa Quedate pude rendir y terminar la secundaria. Hoy estoy empezando la carrera de Derecho, algo que cre\u00eda imposible. Es una posibilidad que hay que aprovechar para poder culminar los estudios, seguir creciendo y formarse como persona\u201d, asegura.<\/p>\n\n\n\n<p>\u201cQuedate\u201d es un programa del Ministerio de Educaci\u00f3n de la Provincia de Santa Fe. Consiste en tutor\u00edas en el nivel secundario para estudiantes de escuelas de gesti\u00f3n oficial y privada con espacios curriculares pendientes de aprobaci\u00f3n. El objetivo de estas tutor\u00edas es brindarles a los alumnos herramientas de apoyo para que puedan regularizar su situaci\u00f3n escolar y rendir las materias que adeudan en las pr\u00f3ximas mesas de ex\u00e1menes.<\/p>\n\n\n\n<p>Las tutor\u00edas del programa \u201cQuedate\u201d tienen un cursado asincr\u00f3nico, lo que permite que los estudiantes puedan acceder al material de estudio y a las actividades de evaluaci\u00f3n en sus propios tiempos y espacios; una acreditaci\u00f3n vinculante, es decir, que la aprobaci\u00f3n de todas las actividades propuestas genera la aprobaci\u00f3n inmediata de las materias que se registran como pendiente en cada escuela; y, adem\u00e1s, tiene validez obligatoria: cada escuela secundaria tiene acceso a la informaci\u00f3n sobre la participaci\u00f3n del estudiante, la calificaci\u00f3n obtenida y la obligaci\u00f3n de registrar la aprobaci\u00f3n como nota final.<\/p>\n\n\n\n<p><strong>Flexibilidad<\/strong><\/p>\n\n\n\n<p>Tom\u00e1s destaca la flexibilidad de los horarios de las tutor\u00edas virtuales: \u201cLa mayor\u00eda de los j\u00f3venes tenemos trabajo, y cumplir con una tutor\u00eda f\u00edsica ser\u00eda muy dif\u00edcil. El Programa Quedate es virtual y ten\u00e9s horarios por la ma\u00f1ana, la tarde e incluso la noche. Siempre est\u00e1n los profesores que en cualquier momento te gu\u00edan en el proceso y te sacan las dudas en cada uno de los m\u00f3dulos\u201d.<\/p>\n\n\n\n<p>Finalmente, Tom\u00e1s destaca que \u201chay que tomar esta posibilidad e intentarlo. A veces cre\u00e9s que nunca te vas a recibir o que te quedas sin futuro, pero hoy es evidente que se puede terminar la secundaria, se pueden adquirir conocimientos y, en mi caso, sent\u00ed que pude saldar una deuda que ten\u00eda conmigo\u201d.<\/p>\n\n\n\n<figure class=\"wp-block-image\"><img decoding=\"async\" src=\"https:\/\/ci3.googleusercontent.com\/meips\/ADKq_NapTkezRVxyO3f__PbzsTWkcbWIpr9A3nZdDxcOuH_DA7NyIodmBmuRERhPjhDa-r6oNDwC1f_DSBTPwo-4Uq2ZspMOQkid_7UG6no_P4pBUkY55gZxJIIoLSsF4w5DQN1mZ6wBTNQgeLSimnY=s0-d-e1-ft#https:\/\/www.santafe.gob.ar\/noticias\/recursos\/fotos\/2025\/08\/2025-08-04NID_283699O_2.jpeg\" alt=\"\"\/><\/figure>\n\n\n\n<p><strong>Nueva inscripci\u00f3n de tutor\u00edas virtuales para terminar la secundaria<\/strong><\/p>\n\n\n\n<p>A trav\u00e9s del Ministerio de Educaci\u00f3n, la Provincia de Santa Fe abri\u00f3 este lunes una nueva inscripci\u00f3n para las tutor\u00edas virtuales del programa \u201cQuedate\u201d destinada a estudiantes de escuelas de Educaci\u00f3n Secundaria Orientada, T\u00e9cnico Profesional y de Ense\u00f1anza Media para Adultos que adeuden materias de los a\u00f1os 2020, 2021 y 2022.<br>En esta oportunidad, la inscripci\u00f3n queda abierta hasta fin de a\u00f1o y los estudiantes interesados podr\u00e1n anotarse ingresando a la web&nbsp;<a href=\"http:\/\/educacion.santafe.gob.ar\/\" target=\"_blank\" rel=\"noreferrer noopener\">educacion.santafe.gob.ar<\/a>&nbsp;(enlace directo&nbsp;<a href=\"https:\/\/campuseducativo.santafe.edu.ar\/quedate\" target=\"_blank\" rel=\"noreferrer noopener\">https:\/\/campuseducativo.santafe.edu.ar\/quedate<\/a>).&nbsp;<\/p>\n\n\n\n<p><strong>En n\u00fameros<\/strong><\/p>\n\n\n\n<p>En lo que va de 2025, 8.412 estudiantes se inscribieron en 25.028 materias de las tutor\u00edas virtuales y 2.970 j\u00f3venes ya aprobaron una o m\u00e1s materias adeudadas, sumando un total de 6.728 espacios curriculares aprobados. De los m\u00e1s de 8 mil estudiantes, 1.681 hicieron las tutor\u00edas en las dos semanas del receso escolar de julio. \u201cLas nuevas inscripciones para realizar las tutor\u00edas van a quedar abiertas permanentemente hasta fin de a\u00f1o para que aquellos estudiantes que ya se inscribieron en otro momento rindan las materias y puedan terminar sus estudios y aquellos que a\u00fan no se anotaron, puedan hacerlo a partir del lunes\u201d, manifest\u00f3 la subsecretaria de Educaci\u00f3n Secundaria, Mariela Bosio, quien agreg\u00f3 que \u201ca trav\u00e9s de las tutor\u00edas virtuales se pueden rendir 299 materias\u201d.<\/p>\n\n\n\n<p>La funcionaria tambi\u00e9n inform\u00f3 que \u201cel programa Quedate brinda la posibilidad de rendir materias que hayan cursado y no aprobado en los a\u00f1os 2020, 2021, 2022 para todos los estudiantes que est\u00e9n o que hayan terminado la educaci\u00f3n secundaria y que puedan cursar y rendir de manera virtual para aprobar las materias. En todas las escuelas de la provincia de Santa Fe hay informaci\u00f3n y se pueden acercar para que los orienten y los acompa\u00f1en para regularizar la situaci\u00f3n de cada estudiante\u201d.<\/p>\n","protected":false},"excerpt":{"rendered":"<p>\u201cDeb\u00eda materias de 2022 y gracias a Quedate hoy estoy empezando la carrera de Derecho\u201d<\/p>\n","protected":false},"author":1,"featured_media":46883,"comment_status":"open","ping_status":"open","sticky":false,"template":"","format":"image","meta":{"_jetpack_memberships_contains_paid_content":false,"footnotes":"","jetpack_publicize_message":"","jetpack_publicize_feature_enabled":true,"jetpack_social_post_already_shared":true,"jetpack_social_options":{"image_generator_settings":{"template":"highway","default_image_id":0,"enabled":false},"version":2}},"categories":[6,8,1,2,7,3],"tags":[5030,11957,11956],"class_list":["post-46882","post","type-post","status-publish","format-image","has-post-thumbnail","hentry","category-cultura-entretenimiento","category-deliberando","category-diario-armstrong","category-locales","category-politica","category-region","tag-diario-armstrong","tag-materias","tag-quedate-2","post_format-post-format-image"],"jetpack_publicize_connections":[],"jetpack_featured_media_url":"https:\/\/armstrongyregion.com.ar\/diario\/wp-content\/uploads\/2025\/08\/quedate-secu.jpg","jetpack_shortlink":"https:\/\/wp.me\/p62QDO-cca","jetpack_sharing_enabled":true,"amp_enabled":true,"_links":{"self":[{"href":"https:\/\/armstrongyregion.com.ar\/diario\/wp-json\/wp\/v2\/posts\/46882","targetHints":{"allow":["GET"]}}],"collection":[{"href":"https:\/\/armstrongyregion.com.ar\/diario\/wp-json\/wp\/v2\/posts"}],"about":[{"href":"https:\/\/armstrongyregion.com.ar\/diario\/wp-json\/wp\/v2\/types\/post"}],"author":[{"embeddable":true,"href":"https:\/\/armstrongyregion.com.ar\/diario\/wp-json\/wp\/v2\/users\/1"}],"replies":[{"embeddable":true,"href":"https:\/\/armstrongyregion.com.ar\/diario\/wp-json\/wp\/v2\/comments?post=46882"}],"version-history":[{"count":1,"href":"https:\/\/armstrongyregion.com.ar\/diario\/wp-json\/wp\/v2\/posts\/46882\/revisions"}],"predecessor-version":[{"id":46884,"href":"https:\/\/armstrongyregion.com.ar\/diario\/wp-json\/wp\/v2\/posts\/46882\/revisions\/46884"}],"wp:featuredmedia":[{"embeddable":true,"href":"https:\/\/armstrongyregion.com.ar\/diario\/wp-json\/wp\/v2\/media\/46883"}],"wp:attachment":[{"href":"https:\/\/armstrongyregion.com.ar\/diario\/wp-json\/wp\/v2\/media?parent=46882"}],"wp:term":[{"taxonomy":"category","embeddable":true,"href":"https:\/\/armstrongyregion.com.ar\/diario\/wp-json\/wp\/v2\/categories?post=46882"},{"taxonomy":"post_tag","embeddable":true,"href":"https:\/\/armstrongyregion.com.ar\/diario\/wp-json\/wp\/v2\/tags?post=46882"}],"curies":[{"name":"wp","href":"https:\/\/api.w.org\/{rel}","templated":true}]}}