{"id":46878,"date":"2025-08-04T22:26:48","date_gmt":"2025-08-04T22:26:48","guid":{"rendered":"https:\/\/armstrongyregion.com.ar\/diario\/?p=46878"},"modified":"2025-08-04T22:26:50","modified_gmt":"2025-08-04T22:26:50","slug":"adelanto-exclusivo-de-deliberando-con-el-senador-pablo-verdecchia","status":"publish","type":"post","link":"https:\/\/armstrongyregion.com.ar\/diario\/adelanto-exclusivo-de-deliberando-con-el-senador-pablo-verdecchia\/","title":{"rendered":"Adelanto Exclusivo de \u00abDeliberando\u00bb con el Senador Pablo Verdecchia."},"content":{"rendered":"\n<figure class=\"wp-block-image size-full\"><img loading=\"lazy\" decoding=\"async\" width=\"525\" height=\"415\" src=\"http:\/\/armstrongyregion.com.ar\/diario\/wp-content\/uploads\/2025\/08\/Dr.-Pablo-Verdecchia-4-8-25.jpg\" alt=\"\" class=\"wp-image-46879\" srcset=\"https:\/\/armstrongyregion.com.ar\/diario\/wp-content\/uploads\/2025\/08\/Dr.-Pablo-Verdecchia-4-8-25.jpg 525w, https:\/\/armstrongyregion.com.ar\/diario\/wp-content\/uploads\/2025\/08\/Dr.-Pablo-Verdecchia-4-8-25-300x237.jpg 300w\" sizes=\"auto, (max-width: 525px) 100vw, 525px\" \/><\/figure>\n\n\n\n<p>En esta edici\u00f3n, recibiremos al senador provincial por el Departamento Belgrano, <strong>Pablo Verdecchia<\/strong>, para abordar los temas m\u00e1s relevantes que afectan a nuestra regi\u00f3n.<\/p>\n\n\n\n<p>Durante el programa, el senador Verdecchia nos brindar\u00e1 un panorama completo sobre la actualidad del departamento, respondiendo a las preguntas que m\u00e1s preocupan a nuestros vecinos. Analizaremos en profundidad las prioridades que enfrentan los municipios y comunas, y las gestiones que se est\u00e1n llevando a cabo en materia de <strong>conectividad vial<\/strong>, un tema clave para nuestra producci\u00f3n.<\/p>\n\n\n\n<p>Adem\u00e1s, profundizaremos en el <strong>crecimiento demogr\u00e1fico<\/strong> de la regi\u00f3n y los proyectos de infraestructura que lo acompa\u00f1an, como las redes de agua, cloacas y gas natural. El senador Verdecchia nos comentar\u00e1 sobre los proyectos de ley que ha impulsado con impacto directo en la vida de los vecinos del Departamento Belgrano.<\/p>\n\n\n\n<p>En el segundo bloque, abordaremos temas de inter\u00e9s social, como la <strong>seguridad<\/strong>, la <strong>salud<\/strong> y la <strong>educaci\u00f3n<\/strong>. Conoceremos la visi\u00f3n del senador sobre estos desaf\u00edos y las propuestas para fortalecer los servicios comunitarios.<\/p>\n\n\n\n<p>Finalmente, cerraremos el programa con una perspectiva de futuro. Verdecchia nos hablar\u00e1 sobre la <strong>relaci\u00f3n con el Poder Ejecutivo<\/strong>, los principales <strong>desaf\u00edos a largo plazo<\/strong> y las pol\u00edticas para generar <strong>oportunidades de empleo y capacitaci\u00f3n<\/strong> para los j\u00f3venes. No te pierdas esta oportunidad de conocer de primera mano el trabajo y los planes del senador por el Departamento Belgrano.<\/p>\n\n\n\n<p><strong>Martes 5 de agosto, a las 21hs \u00abDeliberando\u00bb, por Cable Imagen Armstrong.<\/strong><\/p>\n\n\n\n<p>Reiteraciones Mi\u00e9rcoles 13,30 y Domingos 12hs-<\/p>\n\n\n\n<p><\/p>\n","protected":false},"excerpt":{"rendered":"<p>Adelanto Exclusivo de \u00abDeliberando\u00bb con el Senador Pablo Verdecchia.<\/p>\n","protected":false},"author":1,"featured_media":46879,"comment_status":"open","ping_status":"open","sticky":false,"template":"","format":"image","meta":{"_jetpack_memberships_contains_paid_content":false,"footnotes":"","jetpack_publicize_message":"","jetpack_publicize_feature_enabled":true,"jetpack_social_post_already_shared":true,"jetpack_social_options":{"image_generator_settings":{"template":"highway","default_image_id":0,"enabled":false},"version":2}},"categories":[8,1,2,7,3],"tags":[11446,44,5030,8777,11921,10733],"class_list":["post-46878","post","type-post","status-publish","format-image","has-post-thumbnail","hentry","category-deliberando","category-diario-armstrong","category-locales","category-politica","category-region","tag-convencionales-constituyentes","tag-deliberando-2","tag-diario-armstrong","tag-lic-graciela-de-la-casa","tag-obras-publicas","tag-senador-pablo-verdecchia","post_format-post-format-image"],"jetpack_publicize_connections":[],"jetpack_featured_media_url":"https:\/\/armstrongyregion.com.ar\/diario\/wp-content\/uploads\/2025\/08\/Dr.-Pablo-Verdecchia-4-8-25.jpg","jetpack_shortlink":"https:\/\/wp.me\/p62QDO-cc6","jetpack_sharing_enabled":true,"amp_enabled":true,"_links":{"self":[{"href":"https:\/\/armstrongyregion.com.ar\/diario\/wp-json\/wp\/v2\/posts\/46878","targetHints":{"allow":["GET"]}}],"collection":[{"href":"https:\/\/armstrongyregion.com.ar\/diario\/wp-json\/wp\/v2\/posts"}],"about":[{"href":"https:\/\/armstrongyregion.com.ar\/diario\/wp-json\/wp\/v2\/types\/post"}],"author":[{"embeddable":true,"href":"https:\/\/armstrongyregion.com.ar\/diario\/wp-json\/wp\/v2\/users\/1"}],"replies":[{"embeddable":true,"href":"https:\/\/armstrongyregion.com.ar\/diario\/wp-json\/wp\/v2\/comments?post=46878"}],"version-history":[{"count":1,"href":"https:\/\/armstrongyregion.com.ar\/diario\/wp-json\/wp\/v2\/posts\/46878\/revisions"}],"predecessor-version":[{"id":46880,"href":"https:\/\/armstrongyregion.com.ar\/diario\/wp-json\/wp\/v2\/posts\/46878\/revisions\/46880"}],"wp:featuredmedia":[{"embeddable":true,"href":"https:\/\/armstrongyregion.com.ar\/diario\/wp-json\/wp\/v2\/media\/46879"}],"wp:attachment":[{"href":"https:\/\/armstrongyregion.com.ar\/diario\/wp-json\/wp\/v2\/media?parent=46878"}],"wp:term":[{"taxonomy":"category","embeddable":true,"href":"https:\/\/armstrongyregion.com.ar\/diario\/wp-json\/wp\/v2\/categories?post=46878"},{"taxonomy":"post_tag","embeddable":true,"href":"https:\/\/armstrongyregion.com.ar\/diario\/wp-json\/wp\/v2\/tags?post=46878"}],"curies":[{"name":"wp","href":"https:\/\/api.w.org\/{rel}","templated":true}]}}