{"id":46872,"date":"2025-08-04T00:24:45","date_gmt":"2025-08-04T00:24:45","guid":{"rendered":"https:\/\/armstrongyregion.com.ar\/diario\/?p=46872"},"modified":"2025-08-04T00:24:47","modified_gmt":"2025-08-04T00:24:47","slug":"comienza-la-cuarta-semana-de-trabajo-de-la-convencion-reformadora-de-la-constitucion-de-santa-fe","status":"publish","type":"post","link":"https:\/\/armstrongyregion.com.ar\/diario\/comienza-la-cuarta-semana-de-trabajo-de-la-convencion-reformadora-de-la-constitucion-de-santa-fe\/","title":{"rendered":"Comienza la cuarta semana de trabajo de la Convenci\u00f3n Reformadora de la Constituci\u00f3n de Santa Fe."},"content":{"rendered":"\n<figure class=\"wp-block-image size-full\"><img loading=\"lazy\" decoding=\"async\" width=\"490\" height=\"368\" src=\"http:\/\/armstrongyregion.com.ar\/diario\/wp-content\/uploads\/2025\/08\/CONVENCION-REFORMADORA-.jpg\" alt=\"\" class=\"wp-image-46873\" srcset=\"https:\/\/armstrongyregion.com.ar\/diario\/wp-content\/uploads\/2025\/08\/CONVENCION-REFORMADORA-.jpg 490w, https:\/\/armstrongyregion.com.ar\/diario\/wp-content\/uploads\/2025\/08\/CONVENCION-REFORMADORA--300x225.jpg 300w\" sizes=\"auto, (max-width: 490px) 100vw, 490px\" \/><\/figure>\n\n\n\n<figure class=\"wp-block-table\"><table><tbody><tr><td>El proceso de actualizaci\u00f3n de la carta magna provincial avanza con una nutrida agenda que incluye audiencias p\u00fablicas, participaci\u00f3n institucional y debates en distintas sedes acad\u00e9micas.<br>&nbsp;<\/td><td><\/td><\/tr><\/tbody><\/table><\/figure>\n\n\n\n<p>Esta semana se desarrolla la cuarta etapa de trabajo de la Convenci\u00f3n Reformadora de la Constituci\u00f3n de Santa Fe, con encuentros que apuntan a fortalecer la participaci\u00f3n ciudadana y el di\u00e1logo institucional.<\/p>\n\n\n\n<p>Este lunes, a las 10, la Comisi\u00f3n de Funcionamiento del Estado y Participaci\u00f3n Ciudadana recibir\u00e1 a quienes solicitaron audiencia en el recinto de la C\u00e1mara de Diputados.<\/p>\n\n\n\n<p>El martes, desde las 10, la Comisi\u00f3n de Declaraciones, Derechos y Garant\u00edas continuar\u00e1 con las audiencias en la Facultad de Derecho de la Universidad Nacional de Rosario. A las 17, la Comisi\u00f3n de Poder Judicial y otros \u00d3rganos Constitucionales recibir\u00e1 a representantes de los colegios de abogados de Santa Fe, Rafaela y Reconquista, as\u00ed como de universidades, al procurador de la Corte y al Sindicato de Trabajadores Judiciales.<\/p>\n\n\n\n<p>El mi\u00e9rcoles, a partir de las 14, la Comisi\u00f3n de Declaraciones, Derechos y Garant\u00edas cerrar\u00e1 su ronda de audiencias de participaci\u00f3n ciudadana. En tanto, el jueves ser\u00e1 el turno de la Comisi\u00f3n de Poder Legislativo y Ejecutivo, que escuchar\u00e1 a ciudadanos y organizaciones interesadas en aportar su visi\u00f3n sobre los temas en discusi\u00f3n.<\/p>\n\n\n\n<p>Finalmente, el viernes a las 10, la Comisi\u00f3n de R\u00e9gimen Municipal, Derecho a la Ciudad y Ordenamiento Territorial realizar\u00e1 la segunda audiencia p\u00fablica en la Casa del Bicentenario de Reconquista, seguida de una reuni\u00f3n de trabajo.<\/p>\n","protected":false},"excerpt":{"rendered":"<p>Comienza la cuarta semana de trabajo de la Convenci\u00f3n Reformadora de la Constituci\u00f3n de Santa Fe.<\/p>\n","protected":false},"author":1,"featured_media":46873,"comment_status":"open","ping_status":"open","sticky":false,"template":"","format":"image","meta":{"_jetpack_memberships_contains_paid_content":false,"footnotes":"","jetpack_publicize_message":"","jetpack_publicize_feature_enabled":true,"jetpack_social_post_already_shared":true,"jetpack_social_options":{"image_generator_settings":{"template":"highway","default_image_id":0,"enabled":false},"version":2}},"categories":[8,1,2,7,3],"tags":[11239,11952,5030,8777],"class_list":["post-46872","post","type-post","status-publish","format-image","has-post-thumbnail","hentry","category-deliberando","category-diario-armstrong","category-locales","category-politica","category-region","tag-constitucion","tag-convencion-reformadora","tag-diario-armstrong","tag-lic-graciela-de-la-casa","post_format-post-format-image"],"jetpack_publicize_connections":[],"jetpack_featured_media_url":"https:\/\/armstrongyregion.com.ar\/diario\/wp-content\/uploads\/2025\/08\/CONVENCION-REFORMADORA-.jpg","jetpack_shortlink":"https:\/\/wp.me\/p62QDO-cc0","jetpack_sharing_enabled":true,"amp_enabled":true,"_links":{"self":[{"href":"https:\/\/armstrongyregion.com.ar\/diario\/wp-json\/wp\/v2\/posts\/46872","targetHints":{"allow":["GET"]}}],"collection":[{"href":"https:\/\/armstrongyregion.com.ar\/diario\/wp-json\/wp\/v2\/posts"}],"about":[{"href":"https:\/\/armstrongyregion.com.ar\/diario\/wp-json\/wp\/v2\/types\/post"}],"author":[{"embeddable":true,"href":"https:\/\/armstrongyregion.com.ar\/diario\/wp-json\/wp\/v2\/users\/1"}],"replies":[{"embeddable":true,"href":"https:\/\/armstrongyregion.com.ar\/diario\/wp-json\/wp\/v2\/comments?post=46872"}],"version-history":[{"count":1,"href":"https:\/\/armstrongyregion.com.ar\/diario\/wp-json\/wp\/v2\/posts\/46872\/revisions"}],"predecessor-version":[{"id":46874,"href":"https:\/\/armstrongyregion.com.ar\/diario\/wp-json\/wp\/v2\/posts\/46872\/revisions\/46874"}],"wp:featuredmedia":[{"embeddable":true,"href":"https:\/\/armstrongyregion.com.ar\/diario\/wp-json\/wp\/v2\/media\/46873"}],"wp:attachment":[{"href":"https:\/\/armstrongyregion.com.ar\/diario\/wp-json\/wp\/v2\/media?parent=46872"}],"wp:term":[{"taxonomy":"category","embeddable":true,"href":"https:\/\/armstrongyregion.com.ar\/diario\/wp-json\/wp\/v2\/categories?post=46872"},{"taxonomy":"post_tag","embeddable":true,"href":"https:\/\/armstrongyregion.com.ar\/diario\/wp-json\/wp\/v2\/tags?post=46872"}],"curies":[{"name":"wp","href":"https:\/\/api.w.org\/{rel}","templated":true}]}}