{"id":46864,"date":"2025-08-03T22:31:55","date_gmt":"2025-08-03T22:31:55","guid":{"rendered":"https:\/\/armstrongyregion.com.ar\/diario\/?p=46864"},"modified":"2025-08-04T00:08:10","modified_gmt":"2025-08-04T00:08:10","slug":"deliberando-el-arte-al-alcance-de-todos-con-eugenia-carnicellini","status":"publish","type":"post","link":"https:\/\/armstrongyregion.com.ar\/diario\/deliberando-el-arte-al-alcance-de-todos-con-eugenia-carnicellini\/","title":{"rendered":"DELIBERANDO: El arte al alcance de todos con Eugenia Carnicellini."},"content":{"rendered":"\n<figure class=\"wp-block-image size-full\"><img loading=\"lazy\" decoding=\"async\" width=\"536\" height=\"403\" src=\"http:\/\/armstrongyregion.com.ar\/diario\/wp-content\/uploads\/2025\/08\/DELIBERANDO-EUGENIA-CARNICELLINI-JULIO-.jpg\" alt=\"\" class=\"wp-image-46865\" srcset=\"https:\/\/armstrongyregion.com.ar\/diario\/wp-content\/uploads\/2025\/08\/DELIBERANDO-EUGENIA-CARNICELLINI-JULIO-.jpg 536w, https:\/\/armstrongyregion.com.ar\/diario\/wp-content\/uploads\/2025\/08\/DELIBERANDO-EUGENIA-CARNICELLINI-JULIO--300x226.jpg 300w\" sizes=\"auto, (max-width: 536px) 100vw, 536px\" \/><\/figure>\n\n\n\n<p>En el reciente programa \u00abDeliberando\u00bb, tuvimos el privilegio de conversar con <strong>Eugenia Carnicellini<\/strong>, una destacada profesional de la localidad, licenciada en Bellas Artes y muse\u00f3loga. Durante la entrevista, Eugenia comparti\u00f3 detalles fascinantes sobre sus talleres de <strong>Historia del Arte<\/strong> y <strong>dibujo<\/strong>, as\u00ed como su importante labor en el \u00e1mbito de los museos, demostrando que el arte es una herramienta vital para la comunidad.<\/p>\n\n\n\n<figure class=\"wp-block-embed is-type-video is-provider-youtube wp-block-embed-youtube wp-embed-aspect-16-9 wp-has-aspect-ratio\"><div class=\"wp-block-embed__wrapper\">\n<iframe loading=\"lazy\" title=\"DELIBERANDO: El arte al alcance de todos con Eugenia Carnicellini\/ Lic. Graciela De la Casa-\" width=\"800\" height=\"450\" src=\"https:\/\/www.youtube.com\/embed\/1EBA53J5PvE?feature=oembed\" frameborder=\"0\" allow=\"accelerometer; autoplay; clipboard-write; encrypted-media; gyroscope; picture-in-picture; web-share\" referrerpolicy=\"strict-origin-when-cross-origin\" allowfullscreen><\/iframe>\n<\/div><\/figure>\n\n\n\n<h4 class=\"wp-block-heading\">Un viaje por el arte a trav\u00e9s del tiempo<\/h4>\n\n\n\n<p>Carnicellini dio a conocer su taller de Historia del Arte, que tiene lugar en la biblioteca local. La iniciativa surgi\u00f3 con el objetivo de <strong>democratizar el acceso al arte<\/strong> y fomentar la curiosidad en la comunidad, mostrando que no se necesita ser un experto para disfrutarlo. El taller, abierto a todo p\u00fablico, no requiere conocimientos previos y busca despertar la apreciaci\u00f3n est\u00e9tica a trav\u00e9s de un recorrido por diversos per\u00edodos y movimientos art\u00edsticos.<\/p>\n\n\n\n<p>Con una metodolog\u00eda que combina teor\u00eda y pr\u00e1ctica, Eugenia gu\u00eda a los participantes por la riqueza de la historia del arte. El taller se centra en obras, artistas y contextos que marcaron un antes y un despu\u00e9s, enriqueciendo la vida de quienes asisten al ofrecerles nuevas herramientas para interpretar y valorar el mundo que les rodea.<\/p>\n\n\n\n<h4 class=\"wp-block-heading\">La creatividad al alcance de todos<\/h4>\n\n\n\n<p>Adem\u00e1s de su propuesta hist\u00f3rica, Eugenia tambi\u00e9n dirige talleres de dibujo para todas las edades. Al hablar sobre esta faceta, destac\u00f3 las diferencias y satisfacciones de trabajar con ni\u00f1os y adultos. Si bien los ni\u00f1os aportan una frescura y espontaneidad \u00fanica, los adultos suelen ser m\u00e1s met\u00f3dicos. En ambos casos, el objetivo es el mismo: mostrar que el <strong>dibujo es una habilidad que se puede desarrollar<\/strong> con pr\u00e1ctica y dedicaci\u00f3n, desmitificando la idea del \u00abdon innato\u00bb.<\/p>\n\n\n\n<p>Los talleres de dibujo exploran una variedad de t\u00e9cnicas y materiales, ayudando a los participantes a <strong>conectar con su creatividad y expresi\u00f3n personal<\/strong>. Eugenia subraya la importancia del dibujo como una herramienta para el desarrollo integral, que potencia la observaci\u00f3n y la imaginaci\u00f3n.<\/p>\n\n\n\n<h4 class=\"wp-block-heading\">El rol vital de los museos en la sociedad<\/h4>\n\n\n\n<p>Como muse\u00f3loga, Eugenia Carnicellini profundiz\u00f3 en su profesi\u00f3n y el papel que desempe\u00f1an los museos hoy en d\u00eda. Explic\u00f3 que ser muse\u00f3logo va m\u00e1s all\u00e1 de cuidar objetos; se trata de <strong>conectar la historia y el arte con el p\u00fablico<\/strong>. En su trabajo diario, busca formas de hacer que las colecciones sean accesibles y relevantes, superando el desaf\u00edo de atraer a nuevas audiencias.<\/p>\n\n\n\n<p>Carnicellini<strong> concluy\u00f3 la entrevista con un poderoso mensaje sobre la importancia del arte en nuestras vidas. A trav\u00e9s de sus talleres y su trabajo en los museos, busca recordarnos que el arte no es un lujo, sino una necesidad que nos permite conocernos mejor y entender nuestra cultura.<\/strong><\/p>\n\n\n\n<p>Fuente: Deliberando- Lic. Graciela De la Casa- Oscar Crispino.<\/p>\n","protected":false},"excerpt":{"rendered":"<p>En el reciente programa \u00abDeliberando\u00bb, tuvimos el privilegio de conversar con Eugenia Carnicellini, una destacada profesional de la localidad, licenciada en Bellas Artes y muse\u00f3loga. Durante la entrevista, Eugenia comparti\u00f3 detalles fascinantes sobre sus talleres de Historia del Arte y dibujo, as\u00ed como su importante labor en el \u00e1mbito de los museos, demostrando que el <a href=\"https:\/\/armstrongyregion.com.ar\/diario\/deliberando-el-arte-al-alcance-de-todos-con-eugenia-carnicellini\/\" title=\"Read more\" >&#8230;<\/a><\/p>\n","protected":false},"author":1,"featured_media":46865,"comment_status":"open","ping_status":"open","sticky":false,"template":"","format":"image","meta":{"_jetpack_memberships_contains_paid_content":false,"footnotes":"","jetpack_publicize_message":"","jetpack_publicize_feature_enabled":true,"jetpack_social_post_already_shared":true,"jetpack_social_options":{"image_generator_settings":{"template":"highway","default_image_id":0,"enabled":false},"version":2}},"categories":[6,8,1,2,7,3],"tags":[9096,44,5030,11949,8777,1361,994],"class_list":["post-46864","post","type-post","status-publish","format-image","has-post-thumbnail","hentry","category-cultura-entretenimiento","category-deliberando","category-diario-armstrong","category-locales","category-politica","category-region","tag-arte-2","tag-deliberando-2","tag-diario-armstrong","tag-eugenia-carnicellini","tag-lic-graciela-de-la-casa","tag-museo","tag-talleres","post_format-post-format-image"],"jetpack_publicize_connections":[],"jetpack_featured_media_url":"https:\/\/armstrongyregion.com.ar\/diario\/wp-content\/uploads\/2025\/08\/DELIBERANDO-EUGENIA-CARNICELLINI-JULIO-.jpg","jetpack_shortlink":"https:\/\/wp.me\/p62QDO-cbS","jetpack_sharing_enabled":true,"amp_enabled":true,"_links":{"self":[{"href":"https:\/\/armstrongyregion.com.ar\/diario\/wp-json\/wp\/v2\/posts\/46864","targetHints":{"allow":["GET"]}}],"collection":[{"href":"https:\/\/armstrongyregion.com.ar\/diario\/wp-json\/wp\/v2\/posts"}],"about":[{"href":"https:\/\/armstrongyregion.com.ar\/diario\/wp-json\/wp\/v2\/types\/post"}],"author":[{"embeddable":true,"href":"https:\/\/armstrongyregion.com.ar\/diario\/wp-json\/wp\/v2\/users\/1"}],"replies":[{"embeddable":true,"href":"https:\/\/armstrongyregion.com.ar\/diario\/wp-json\/wp\/v2\/comments?post=46864"}],"version-history":[{"count":2,"href":"https:\/\/armstrongyregion.com.ar\/diario\/wp-json\/wp\/v2\/posts\/46864\/revisions"}],"predecessor-version":[{"id":46870,"href":"https:\/\/armstrongyregion.com.ar\/diario\/wp-json\/wp\/v2\/posts\/46864\/revisions\/46870"}],"wp:featuredmedia":[{"embeddable":true,"href":"https:\/\/armstrongyregion.com.ar\/diario\/wp-json\/wp\/v2\/media\/46865"}],"wp:attachment":[{"href":"https:\/\/armstrongyregion.com.ar\/diario\/wp-json\/wp\/v2\/media?parent=46864"}],"wp:term":[{"taxonomy":"category","embeddable":true,"href":"https:\/\/armstrongyregion.com.ar\/diario\/wp-json\/wp\/v2\/categories?post=46864"},{"taxonomy":"post_tag","embeddable":true,"href":"https:\/\/armstrongyregion.com.ar\/diario\/wp-json\/wp\/v2\/tags?post=46864"}],"curies":[{"name":"wp","href":"https:\/\/api.w.org\/{rel}","templated":true}]}}