{"id":46859,"date":"2025-07-31T23:19:30","date_gmt":"2025-07-31T23:19:30","guid":{"rendered":"https:\/\/armstrongyregion.com.ar\/diario\/?p=46859"},"modified":"2025-07-31T23:23:07","modified_gmt":"2025-07-31T23:23:07","slug":"destacan-el-subcampeonato-de-litoral-unidos-en-el-torneo-bas-21-y-la-inclusion-deportiva","status":"publish","type":"post","link":"https:\/\/armstrongyregion.com.ar\/diario\/destacan-el-subcampeonato-de-litoral-unidos-en-el-torneo-bas-21-y-la-inclusion-deportiva\/","title":{"rendered":"Destacan el subcampeonato de Litoral Unidos en el Torneo BAS 21 y la inclusi\u00f3n deportiva."},"content":{"rendered":"\n<figure class=\"wp-block-image size-large\"><img loading=\"lazy\" decoding=\"async\" width=\"640\" height=\"426\" src=\"http:\/\/armstrongyregion.com.ar\/diario\/wp-content\/uploads\/2025\/04\/Jesus-Urquia-17-4-25-640x426.jpg\" alt=\"\" class=\"wp-image-45999\" srcset=\"https:\/\/armstrongyregion.com.ar\/diario\/wp-content\/uploads\/2025\/04\/Jesus-Urquia-17-4-25-640x426.jpg 640w, https:\/\/armstrongyregion.com.ar\/diario\/wp-content\/uploads\/2025\/04\/Jesus-Urquia-17-4-25-300x200.jpg 300w, https:\/\/armstrongyregion.com.ar\/diario\/wp-content\/uploads\/2025\/04\/Jesus-Urquia-17-4-25-768x512.jpg 768w, https:\/\/armstrongyregion.com.ar\/diario\/wp-content\/uploads\/2025\/04\/Jesus-Urquia-17-4-25.jpg 800w\" sizes=\"auto, (max-width: 640px) 100vw, 640px\" \/><\/figure>\n\n\n\n<p><strong>El bloque de Renovaci\u00f3n por Armstrong present\u00f3 en el Concejo Deliberante una minuta de declaraci\u00f3n para reconocer el subcampeonato del equipo de b\u00e1squet Litoral Unidos en el Torneo BAS 21. La iniciativa busca destacar la actuaci\u00f3n del equipo, que est\u00e1 conformado por personas con s\u00edndrome de Down, y la labor de Alejo Urqu\u00eda, un joven de la ciudad que fue parte del plantel.<\/strong><\/p>\n\n\n\n<p>El concejal Jes\u00fas Urqu\u00eda, padre de Alejo, expres\u00f3 su emoci\u00f3n por la experiencia. <strong>\u00abComo pap\u00e1 tuve la posibilidad de estar en el evento, de acompa\u00f1ar y nos hemos vuelto con una experiencia inolvidable por el profesionalismo que se le da al torneo\u00bb,<\/strong> destac\u00f3.<\/p>\n\n\n\n<h3 class=\"wp-block-heading\">Una experiencia de inclusi\u00f3n y profesionalismo.<\/h3>\n\n\n\n<p>El torneo, organizado por la <strong>Federaci\u00f3n Argentina de Deportes para Atletas con S\u00edndrome de Down<\/strong>, reuni\u00f3 a unos 110 j\u00f3venes de 18 a\u00f1os en adelante en General Alvear, Mendoza. Alejo, con 14 a\u00f1os, fue el \u00fanico menor del equipo.<strong> \u00ab\u00c9l pertenece a este equipo hace unos tres meses. Lo convocaron, se lo incluy\u00f3 y le gust\u00f3. Tuvimos la posibilidad de acompa\u00f1arlo con la familia y de vivir una experiencia, la verdad, impresionante\u00bb,<\/strong> relat\u00f3 Urqu\u00eda.<\/p>\n\n\n\n<p>El concejal resalt\u00f3 el profesionalismo del evento, donde los chicos vivieron una experiencia de concentraci\u00f3n deportiva similar a la de cualquier atleta de alto rendimiento.<strong> \u00abEl torneo tiene dos ramas: desarrollo, donde no compiten, y competencia. Litoral Unidos iba por competencia y termin\u00f3 subcampe\u00f3n\u00bb<\/strong>, explic\u00f3.<\/p>\n\n\n\n<h3 class=\"wp-block-heading\">Un proyecto a futuro.<\/h3>\n\n\n\n<p>M\u00e1s all\u00e1 del logro deportivo, Jes\u00fas Urqu\u00eda hizo hincapi\u00e9 en el valor de la inclusi\u00f3n y la organizaci\u00f3n del torneo. <strong>\u00abLa naturalidad y el profesionalismo que se le da al marco del torneo es impresionante, no hab\u00eda vivido yo en lo personal algo as\u00ed, la verdad que me vine asombrado\u00bb<\/strong>, asegur\u00f3.<\/p>\n\n\n\n<p>Adem\u00e1s, el concejal manifest\u00f3 su deseo de traer un evento de este tipo a la ciudad. \u00ab<strong>Ojal\u00e1 alg\u00fan d\u00eda podamos traer un torneo similar, por qu\u00e9 no a la Liga Ca\u00f1adense. Para eso habr\u00e1 que trabajar y, yo creo que trabajando como familiares, como desde el mismo equipo, hablando con la federaci\u00f3n, alg\u00fan d\u00eda es un proyecto que en lo personal me encantar\u00eda que se d\u00e9\u00bb, <\/strong>concluy\u00f3.<\/p>\n\n\n\n<h3 class=\"wp-block-heading\">La importancia de los clubes y la labor de los profes.<\/h3>\n\n\n\n<p>Urqu\u00eda tambi\u00e9n aprovech\u00f3 la ocasi\u00f3n para agradecer a los clubes de la ciudad por su labor. <strong>\u00abEsto muestra el gran trabajo que llevan adelante nuestros clubes\u00bb,<\/strong> afirm\u00f3. De manera especial, destac\u00f3 el rol del Club Norte, donde Alejo entrena y juega al b\u00e1squet en la categor\u00eda U13 con su equipo. <strong>\u00abLa inclusi\u00f3n que da el club es algo para destacar. Si hablamos de inclusi\u00f3n no puedo dejar de mencionar el equipo de b\u00e1squet que integra Alejo en el Club Norte\u00bb, <\/strong>sostuvo.<\/p>\n\n\n\n<p><strong>El edil explic\u00f3 que el equipo Litoral Unidos entrena una vez al mes en diferentes ciudades, donde los clubes facilitan sus instalaciones, permitiendo a los chicos compartir y vivir la pasi\u00f3n por el deporte en un ambiente familiar y profesional.<\/strong><\/p>\n","protected":false},"excerpt":{"rendered":"<p>Destacan el subcampeonato de Litoral Unidos en el Torneo BAS 21 y la inclusi\u00f3n deportiva.<\/p>\n","protected":false},"author":1,"featured_media":45999,"comment_status":"open","ping_status":"open","sticky":false,"template":"","format":"image","meta":{"_jetpack_memberships_contains_paid_content":false,"footnotes":"","jetpack_publicize_message":"","jetpack_publicize_feature_enabled":true,"jetpack_social_post_already_shared":true,"jetpack_social_options":{"image_generator_settings":{"template":"highway","default_image_id":0,"enabled":false},"version":2}},"categories":[6,8,1,2,7,3],"tags":[11944,5030,11947,10679,11929,11945,11946],"class_list":["post-46859","post","type-post","status-publish","format-image","has-post-thumbnail","hentry","category-cultura-entretenimiento","category-deliberando","category-diario-armstrong","category-locales","category-politica","category-region","tag-alejo-urquia","tag-diario-armstrong","tag-inclusion-deportiva","tag-jesus-urquia","tag-litoral-unidos","tag-subcampeonato","tag-torneo-bas-21","post_format-post-format-image"],"jetpack_publicize_connections":[],"jetpack_featured_media_url":"https:\/\/armstrongyregion.com.ar\/diario\/wp-content\/uploads\/2025\/04\/Jesus-Urquia-17-4-25.jpg","jetpack_shortlink":"https:\/\/wp.me\/p62QDO-cbN","jetpack_sharing_enabled":true,"amp_enabled":true,"_links":{"self":[{"href":"https:\/\/armstrongyregion.com.ar\/diario\/wp-json\/wp\/v2\/posts\/46859","targetHints":{"allow":["GET"]}}],"collection":[{"href":"https:\/\/armstrongyregion.com.ar\/diario\/wp-json\/wp\/v2\/posts"}],"about":[{"href":"https:\/\/armstrongyregion.com.ar\/diario\/wp-json\/wp\/v2\/types\/post"}],"author":[{"embeddable":true,"href":"https:\/\/armstrongyregion.com.ar\/diario\/wp-json\/wp\/v2\/users\/1"}],"replies":[{"embeddable":true,"href":"https:\/\/armstrongyregion.com.ar\/diario\/wp-json\/wp\/v2\/comments?post=46859"}],"version-history":[{"count":2,"href":"https:\/\/armstrongyregion.com.ar\/diario\/wp-json\/wp\/v2\/posts\/46859\/revisions"}],"predecessor-version":[{"id":46861,"href":"https:\/\/armstrongyregion.com.ar\/diario\/wp-json\/wp\/v2\/posts\/46859\/revisions\/46861"}],"wp:featuredmedia":[{"embeddable":true,"href":"https:\/\/armstrongyregion.com.ar\/diario\/wp-json\/wp\/v2\/media\/45999"}],"wp:attachment":[{"href":"https:\/\/armstrongyregion.com.ar\/diario\/wp-json\/wp\/v2\/media?parent=46859"}],"wp:term":[{"taxonomy":"category","embeddable":true,"href":"https:\/\/armstrongyregion.com.ar\/diario\/wp-json\/wp\/v2\/categories?post=46859"},{"taxonomy":"post_tag","embeddable":true,"href":"https:\/\/armstrongyregion.com.ar\/diario\/wp-json\/wp\/v2\/tags?post=46859"}],"curies":[{"name":"wp","href":"https:\/\/api.w.org\/{rel}","templated":true}]}}