{"id":46855,"date":"2025-07-31T13:57:47","date_gmt":"2025-07-31T13:57:47","guid":{"rendered":"https:\/\/armstrongyregion.com.ar\/diario\/?p=46855"},"modified":"2025-07-31T14:00:41","modified_gmt":"2025-07-31T14:00:41","slug":"unidos-impulsa-un-conversatorio-sobre-neurodiversidad-para-una-inclusion-real-en-armstrong","status":"publish","type":"post","link":"https:\/\/armstrongyregion.com.ar\/diario\/unidos-impulsa-un-conversatorio-sobre-neurodiversidad-para-una-inclusion-real-en-armstrong\/","title":{"rendered":"Unidos impulsa un conversatorio sobre neurodiversidad para una inclusi\u00f3n real en Armstrong."},"content":{"rendered":"\n<figure class=\"wp-block-image size-full\"><img loading=\"lazy\" decoding=\"async\" width=\"640\" height=\"480\" src=\"http:\/\/armstrongyregion.com.ar\/diario\/wp-content\/uploads\/2025\/07\/GARCIA-REVIGLIONO-.jpg\" alt=\"\" class=\"wp-image-46856\" srcset=\"https:\/\/armstrongyregion.com.ar\/diario\/wp-content\/uploads\/2025\/07\/GARCIA-REVIGLIONO-.jpg 640w, https:\/\/armstrongyregion.com.ar\/diario\/wp-content\/uploads\/2025\/07\/GARCIA-REVIGLIONO--300x225.jpg 300w\" sizes=\"auto, (max-width: 640px) 100vw, 640px\" \/><\/figure>\n\n\n\n<p>El bloque de concejales de Unidos, conformado por Prof. Alejadro Pertusati, Carla Revigliono y Noelia Garc\u00eda, ha presentado una minuta de declaraci\u00f3n para declarar de inter\u00e9s municipal el conversatorio \u201cNeurodiversidad en el hogar y en el \u00e1mbito escolar: estrategia para una inclusi\u00f3n real\u201d. En di\u00e1logo con nuestro medio, las concejalas compartieron los detalles de esta iniciativa al finalizar la sesi\u00f3n ordinaria del pasado martes.<\/p>\n\n\n\n<p>Seg\u00fan explicaron, el conversatorio busca abordar la neurodiversidad y sus m\u00faltiples manifestaciones, como el autismo, el TDAH y el s\u00edndrome de Down. \u201cHemos aprobado la realizaci\u00f3n de una actividad que consideramos muy importante, que es un conversatorio sobre un tema que realmente nos interpela a todos\u201d, afirm\u00f3 la concejal Revigliono.<\/p>\n\n\n\n<p>La propuesta surgi\u00f3 de conversaciones con diversas instituciones, grupos de padres y vecinos, quienes destacaron la necesidad de contar con un espacio donde profesionales especializados puedan brindar informaci\u00f3n y estrategias para lograr una inclusi\u00f3n efectiva. Las concejalas destacaron que el evento no solo estar\u00e1 dirigido a profesionales de la salud y docentes, sino que tambi\u00e9n convocar\u00e1 a profesores de clubes, padres y a la sociedad en general. \u201cLa idea es llevar a cabo este conversatorio destinado a diferentes \u00e1mbitos sociales para reforzar todo lo que tiene que ver con la informaci\u00f3n y la construcci\u00f3n de una sociedad m\u00e1s emp\u00e1tica\u201d, agreg\u00f3 Revigliono.<\/p>\n\n\n\n<p>Si bien la fecha a\u00fan no est\u00e1 definida, la concejal Garc\u00eda adelant\u00f3 que en los pr\u00f3ximos d\u00edas se publicar\u00e1 la informaci\u00f3n y se compartir\u00e1 con todos los medios de comunicaci\u00f3n para su difusi\u00f3n. Asimismo, anunci\u00f3 que contar\u00e1n con la participaci\u00f3n de Marina Mar\u00edn, una terapista ocupacional de Ca\u00f1ada de G\u00f3mez, de quien destacaron su gran capacidad y experiencia en la realizaci\u00f3n de este tipo de conversatorios.<\/p>\n\n\n\n<p>La concejal Garc\u00eda enfatiz\u00f3 que este evento es una de las tantas iniciativas que su bloque busca impulsar, y subray\u00f3 la importancia de la prevenci\u00f3n y la escucha como pilares fundamentales de su gesti\u00f3n. \u201cNosotros somos el nexo entre el ciudadano y el legislativo, y si como bloque podemos llevar adelante una actividad de esta inmensidad, para nosotros es un privilegio\u201d, concluy\u00f3.<\/p>\n\n\n\n<h3 class=\"wp-block-heading\">Un llamado a la participaci\u00f3n y la empat\u00eda<\/h3>\n\n\n\n<p>Tanto Revigliono como Garc\u00eda hicieron hincapi\u00e9 en que la convocatoria es abierta a todos los vecinos, y no solo a los profesionales. \u201cPor supuesto que la convocatoria es tambi\u00e9n para los padres de los chicos que presentan diferentes neurodivergencias, de hecho consideramos que son los actores sociales tambi\u00e9n m\u00e1s importantes\u201d, se\u00f1al\u00f3 la concejal Revigliono.<\/p>\n\n\n\n<p>La finalidad del evento es proporcionar herramientas concretas y conocimiento para lograr una \u201cinclusi\u00f3n real\u201d, un concepto que, seg\u00fan las concejalas, va m\u00e1s all\u00e1 de la mera menci\u00f3n. \u201cLa gente necesita saber, estar informada, tomar conocimiento de qu\u00e9 es lo que hay que hacer, la sensibilidad, la empat\u00eda, lograr esa inclusi\u00f3n real\u201d, concluyeron.<\/p>\n","protected":false},"excerpt":{"rendered":"<p>Unidos impulsa un conversatorio sobre neurodiversidad para una inclusi\u00f3n real en Armstrong.<\/p>\n","protected":false},"author":1,"featured_media":46856,"comment_status":"open","ping_status":"open","sticky":false,"template":"","format":"image","meta":{"_jetpack_memberships_contains_paid_content":false,"footnotes":"","jetpack_publicize_message":"","jetpack_publicize_feature_enabled":true,"jetpack_social_post_already_shared":true,"jetpack_social_options":{"image_generator_settings":{"template":"highway","default_image_id":0,"enabled":false},"version":2}},"categories":[6,8,1,2,7,3],"tags":[9425,11942,5030,8678,8777,11943,11862,1448],"class_list":["post-46855","post","type-post","status-publish","format-image","has-post-thumbnail","hentry","category-cultura-entretenimiento","category-deliberando","category-diario-armstrong","category-locales","category-politica","category-region","tag-carla-revigliono","tag-conversatorio","tag-diario-armstrong","tag-impulsa","tag-lic-graciela-de-la-casa","tag-neurodiversidad","tag-noelia-garcia-2","tag-unidos","post_format-post-format-image"],"jetpack_publicize_connections":[],"jetpack_featured_media_url":"https:\/\/armstrongyregion.com.ar\/diario\/wp-content\/uploads\/2025\/07\/GARCIA-REVIGLIONO-.jpg","jetpack_shortlink":"https:\/\/wp.me\/p62QDO-cbJ","jetpack_sharing_enabled":true,"amp_enabled":true,"_links":{"self":[{"href":"https:\/\/armstrongyregion.com.ar\/diario\/wp-json\/wp\/v2\/posts\/46855","targetHints":{"allow":["GET"]}}],"collection":[{"href":"https:\/\/armstrongyregion.com.ar\/diario\/wp-json\/wp\/v2\/posts"}],"about":[{"href":"https:\/\/armstrongyregion.com.ar\/diario\/wp-json\/wp\/v2\/types\/post"}],"author":[{"embeddable":true,"href":"https:\/\/armstrongyregion.com.ar\/diario\/wp-json\/wp\/v2\/users\/1"}],"replies":[{"embeddable":true,"href":"https:\/\/armstrongyregion.com.ar\/diario\/wp-json\/wp\/v2\/comments?post=46855"}],"version-history":[{"count":2,"href":"https:\/\/armstrongyregion.com.ar\/diario\/wp-json\/wp\/v2\/posts\/46855\/revisions"}],"predecessor-version":[{"id":46858,"href":"https:\/\/armstrongyregion.com.ar\/diario\/wp-json\/wp\/v2\/posts\/46855\/revisions\/46858"}],"wp:featuredmedia":[{"embeddable":true,"href":"https:\/\/armstrongyregion.com.ar\/diario\/wp-json\/wp\/v2\/media\/46856"}],"wp:attachment":[{"href":"https:\/\/armstrongyregion.com.ar\/diario\/wp-json\/wp\/v2\/media?parent=46855"}],"wp:term":[{"taxonomy":"category","embeddable":true,"href":"https:\/\/armstrongyregion.com.ar\/diario\/wp-json\/wp\/v2\/categories?post=46855"},{"taxonomy":"post_tag","embeddable":true,"href":"https:\/\/armstrongyregion.com.ar\/diario\/wp-json\/wp\/v2\/tags?post=46855"}],"curies":[{"name":"wp","href":"https:\/\/api.w.org\/{rel}","templated":true}]}}