{"id":46846,"date":"2025-07-29T17:02:28","date_gmt":"2025-07-29T17:02:28","guid":{"rendered":"https:\/\/armstrongyregion.com.ar\/diario\/?p=46846"},"modified":"2025-07-29T17:02:30","modified_gmt":"2025-07-29T17:02:30","slug":"deliberando-carla-airasca-una-mujer-que-inspira-con-su-pasion-por-la-educacion-la-escritura-y-el-desarrollo-integral-de-la-infancia","status":"publish","type":"post","link":"https:\/\/armstrongyregion.com.ar\/diario\/deliberando-carla-airasca-una-mujer-que-inspira-con-su-pasion-por-la-educacion-la-escritura-y-el-desarrollo-integral-de-la-infancia\/","title":{"rendered":"Deliberando: Carla Airasca, una mujer que inspira con su pasi\u00f3n por la educaci\u00f3n, la escritura y el desarrollo integral de la infancia."},"content":{"rendered":"\n<figure class=\"wp-block-image size-full\"><img loading=\"lazy\" decoding=\"async\" width=\"536\" height=\"381\" src=\"http:\/\/armstrongyregion.com.ar\/diario\/wp-content\/uploads\/2025\/07\/carla-airasca-.jpg\" alt=\"\" class=\"wp-image-46847\" srcset=\"https:\/\/armstrongyregion.com.ar\/diario\/wp-content\/uploads\/2025\/07\/carla-airasca-.jpg 536w, https:\/\/armstrongyregion.com.ar\/diario\/wp-content\/uploads\/2025\/07\/carla-airasca--300x213.jpg 300w\" sizes=\"auto, (max-width: 536px) 100vw, 536px\" \/><\/figure>\n\n\n\n<h2 class=\"wp-block-heading\">En esta emisi\u00f3n, tendremos el placer de conocer a fondo a la <strong>Prof. Carla Airasca<\/strong>, una figura multifac\u00e9tica que nos invita a un recorrido por su vida y sus proyectos.<\/h2>\n\n\n\n<p>La entrevista a Carla Airasca promete ser un espacio enriquecedor donde se entrelazar\u00e1n su vasta trayectoria en la <strong>Educaci\u00f3n F\u00edsica<\/strong>, sus valiosas experiencias vividas en <strong>Europa<\/strong>, la inspiraci\u00f3n detr\u00e1s de su cautivador libro <strong>\u00abPalabras Rizom\u00e1ticas\u00bb<\/strong>, y la innovadora propuesta de su escuela de bicicletas <strong>\u00abMovilidad en la Primera Infancia\u00bb<\/strong>.<\/p>\n\n\n\n<p>Carla nos contar\u00e1 qu\u00e9 la atrajo a la profesi\u00f3n de educadora f\u00edsica y c\u00f3mo su paso por Europa, donde residi\u00f3 y trabaj\u00f3, marc\u00f3 un antes y un despu\u00e9s en su visi\u00f3n pedag\u00f3gica.<strong> Descubriremos las diferencias y similitudes en las metodolog\u00edas de ense\u00f1anza que encontr\u00f3 en el viejo continente y c\u00f3mo estas influenciaron su perspectiva actual.<\/strong><\/p>\n\n\n\n<p>Adem\u00e1s, <strong>\u00abDeliberando\u00bb<\/strong> nos sumergir\u00e1 en el universo de <strong>\u00abPalabras Rizom\u00e1ticas\u00bb<\/strong>. Carla desvelar\u00e1 el significado de este intrigante t\u00edtulo, qu\u00e9 la impuls\u00f3 a escribir el libro y a qui\u00e9n est\u00e1 dirigido. Exploraremos las tem\u00e1ticas principales de su obra, el proceso de escritura y las sensaciones que busca generar en sus lectores.<\/p>\n\n\n\n<p>Finalmente, la Prof. Airasca nos presentar\u00e1 su gran iniciativa: la escuela de bicicletas <strong>\u00abMovilidad en la Primera Infancia\u00bb<\/strong>. Conoceremos c\u00f3mo surgi\u00f3 esta idea, sus objetivos, a qu\u00e9 edades est\u00e1 dirigida y la metodolog\u00eda de ense\u00f1anza que utilizan para que los m\u00e1s peque\u00f1os aprendan a andar en bicicleta. Carla compartir\u00e1 los beneficios que observa en los ni\u00f1os que participan de la escuela y la importancia que le otorga al desarrollo de la autonom\u00eda a trav\u00e9s del movimiento y la bicicleta.<\/p>\n\n\n\n<p>No te pierdas este encuentro \u00fanico con Carla Airasca, una mujer que inspira con su pasi\u00f3n por la educaci\u00f3n, la escritura y el desarrollo integral de la infancia. Sintoniz\u00e1 <strong>Cable Imagen Armstrong hoy martes a las 21 horas<\/strong> y s\u00e9 parte del programa estreno de \u00abDeliberando\u00bb.<\/p>\n\n\n\n<p>Reiteraci\u00f3n: Mi\u00e9rcoles 13,30hs y Domingos 12hs.<\/p>\n","protected":false},"excerpt":{"rendered":"<p>Deliberando: Carla Airasca, una mujer que inspira con su pasi\u00f3n por la educaci\u00f3n, la escritura y el desarrollo integral de la infancia.<\/p>\n","protected":false},"author":1,"featured_media":46847,"comment_status":"open","ping_status":"open","sticky":false,"template":"","format":"image","meta":{"_jetpack_memberships_contains_paid_content":false,"footnotes":"","jetpack_publicize_message":"","jetpack_publicize_feature_enabled":true,"jetpack_social_post_already_shared":true,"jetpack_social_options":{"image_generator_settings":{"template":"highway","default_image_id":0,"enabled":false},"version":2}},"categories":[6,8,1,2,7,3],"tags":[11937,44,11940,9924,4300,11938,8777,9072,11939,11941],"class_list":["post-46846","post","type-post","status-publish","format-image","has-post-thumbnail","hentry","category-cultura-entretenimiento","category-deliberando","category-diario-armstrong","category-locales","category-politica","category-region","tag-carla-airasca","tag-deliberando-2","tag-desarrollo-integral","tag-diario-armstrong-y-region-2","tag-escritura","tag-inspira","tag-lic-graciela-de-la-casa","tag-mujer-2","tag-pasion-por-la-educacion","tag-primera-infancia","post_format-post-format-image"],"jetpack_publicize_connections":[],"jetpack_featured_media_url":"https:\/\/armstrongyregion.com.ar\/diario\/wp-content\/uploads\/2025\/07\/carla-airasca-.jpg","jetpack_shortlink":"https:\/\/wp.me\/p62QDO-cbA","jetpack_sharing_enabled":true,"amp_enabled":true,"_links":{"self":[{"href":"https:\/\/armstrongyregion.com.ar\/diario\/wp-json\/wp\/v2\/posts\/46846","targetHints":{"allow":["GET"]}}],"collection":[{"href":"https:\/\/armstrongyregion.com.ar\/diario\/wp-json\/wp\/v2\/posts"}],"about":[{"href":"https:\/\/armstrongyregion.com.ar\/diario\/wp-json\/wp\/v2\/types\/post"}],"author":[{"embeddable":true,"href":"https:\/\/armstrongyregion.com.ar\/diario\/wp-json\/wp\/v2\/users\/1"}],"replies":[{"embeddable":true,"href":"https:\/\/armstrongyregion.com.ar\/diario\/wp-json\/wp\/v2\/comments?post=46846"}],"version-history":[{"count":1,"href":"https:\/\/armstrongyregion.com.ar\/diario\/wp-json\/wp\/v2\/posts\/46846\/revisions"}],"predecessor-version":[{"id":46848,"href":"https:\/\/armstrongyregion.com.ar\/diario\/wp-json\/wp\/v2\/posts\/46846\/revisions\/46848"}],"wp:featuredmedia":[{"embeddable":true,"href":"https:\/\/armstrongyregion.com.ar\/diario\/wp-json\/wp\/v2\/media\/46847"}],"wp:attachment":[{"href":"https:\/\/armstrongyregion.com.ar\/diario\/wp-json\/wp\/v2\/media?parent=46846"}],"wp:term":[{"taxonomy":"category","embeddable":true,"href":"https:\/\/armstrongyregion.com.ar\/diario\/wp-json\/wp\/v2\/categories?post=46846"},{"taxonomy":"post_tag","embeddable":true,"href":"https:\/\/armstrongyregion.com.ar\/diario\/wp-json\/wp\/v2\/tags?post=46846"}],"curies":[{"name":"wp","href":"https:\/\/api.w.org\/{rel}","templated":true}]}}