{"id":46831,"date":"2025-07-28T14:35:10","date_gmt":"2025-07-28T14:35:10","guid":{"rendered":"https:\/\/armstrongyregion.com.ar\/diario\/?p=46831"},"modified":"2025-07-28T14:35:16","modified_gmt":"2025-07-28T14:35:16","slug":"alejo-pepeiurquia-y-litoral-unidos-subcampeones-nacionales-de-basquet-adaptado-en-mendoza","status":"publish","type":"post","link":"https:\/\/armstrongyregion.com.ar\/diario\/alejo-pepeiurquia-y-litoral-unidos-subcampeones-nacionales-de-basquet-adaptado-en-mendoza\/","title":{"rendered":"Alejo \u201cPepei\u201dUrqu\u00eda y Litoral Unidos, Subcampeones Nacionales de B\u00e1squet Adaptado en Mendoza."},"content":{"rendered":"\n<figure class=\"wp-block-image size-large\"><img loading=\"lazy\" decoding=\"async\" width=\"373\" height=\"480\" src=\"http:\/\/armstrongyregion.com.ar\/diario\/wp-content\/uploads\/2025\/07\/PEPEI-1-A--373x480.jpg\" alt=\"\" class=\"wp-image-46832\" srcset=\"https:\/\/armstrongyregion.com.ar\/diario\/wp-content\/uploads\/2025\/07\/PEPEI-1-A--373x480.jpg 373w, https:\/\/armstrongyregion.com.ar\/diario\/wp-content\/uploads\/2025\/07\/PEPEI-1-A--233x300.jpg 233w, https:\/\/armstrongyregion.com.ar\/diario\/wp-content\/uploads\/2025\/07\/PEPEI-1-A-.jpg 480w\" sizes=\"auto, (max-width: 373px) 100vw, 373px\" \/><\/figure>\n\n\n\n<p><strong>La ciudad de Armstrong celebra con entusiasmo la destacada actuaci\u00f3n de Alejo \u201cPepei\u201d Urqu\u00eda, quien junto al equipo Litoral Unidos, se consagr\u00f3 subcampe\u00f3n del torneo nacional de b\u00e1squet Bas-21. El certamen, organizado por la Federaci\u00f3n Argentina de Deportes para Atletas con S\u00edndrome de Down (FADASD), tuvo lugar en General Alvear, Mendoza.<\/strong><\/p>\n\n\n\n<figure class=\"wp-block-image size-large\"><img loading=\"lazy\" decoding=\"async\" width=\"421\" height=\"480\" src=\"http:\/\/armstrongyregion.com.ar\/diario\/wp-content\/uploads\/2025\/07\/PEPEI-1--421x480.jpg\" alt=\"\" class=\"wp-image-46833\" srcset=\"https:\/\/armstrongyregion.com.ar\/diario\/wp-content\/uploads\/2025\/07\/PEPEI-1--421x480.jpg 421w, https:\/\/armstrongyregion.com.ar\/diario\/wp-content\/uploads\/2025\/07\/PEPEI-1--263x300.jpg 263w, https:\/\/armstrongyregion.com.ar\/diario\/wp-content\/uploads\/2025\/07\/PEPEI-1-.jpg 480w\" sizes=\"auto, (max-width: 421px) 100vw, 421px\" \/><\/figure>\n\n\n\n<p>Litoral Unidos, un equipo compuesto por diez j\u00f3venes talentos de las provincias de Santa Fe y Entre R\u00edos, brind\u00f3 una performance excepcional. <strong>Acompa\u00f1ados por su comprometido profesor, Facundo Torres, y el incondicional apoyo de sus familias, los deportistas vivieron una experiencia inolvidable<\/strong>. El viaje estuvo cargado de emoci\u00f3n, esfuerzo, alegr\u00eda y un profundo esp\u00edritu de compa\u00f1erismo, valores que se vieron reflejados en cada partido.<\/p>\n\n\n\n<figure class=\"wp-block-image size-full\"><img loading=\"lazy\" decoding=\"async\" width=\"640\" height=\"480\" src=\"http:\/\/armstrongyregion.com.ar\/diario\/wp-content\/uploads\/2025\/07\/PEPEI-3-.jpg\" alt=\"\" class=\"wp-image-46834\" srcset=\"https:\/\/armstrongyregion.com.ar\/diario\/wp-content\/uploads\/2025\/07\/PEPEI-3-.jpg 640w, https:\/\/armstrongyregion.com.ar\/diario\/wp-content\/uploads\/2025\/07\/PEPEI-3--300x225.jpg 300w\" sizes=\"auto, (max-width: 640px) 100vw, 640px\" \/><\/figure>\n\n\n\n<p><strong>Con un enorme coraz\u00f3n y una dedicaci\u00f3n admirable, el equipo logr\u00f3 alcanzar la instancia final del torneo, demostrando su val\u00eda y superando desaf\u00edos<\/strong>. La obtenci\u00f3n del subcampeonato es un verdadero orgullo para toda la regi\u00f3n y un testimonio del potencial y la pasi\u00f3n de estos atletas.<\/p>\n\n\n\n<figure class=\"wp-block-image size-large\"><img loading=\"lazy\" decoding=\"async\" width=\"270\" height=\"480\" src=\"http:\/\/armstrongyregion.com.ar\/diario\/wp-content\/uploads\/2025\/07\/PEPEI-6--270x480.jpg\" alt=\"\" class=\"wp-image-46835\" srcset=\"https:\/\/armstrongyregion.com.ar\/diario\/wp-content\/uploads\/2025\/07\/PEPEI-6--270x480.jpg 270w, https:\/\/armstrongyregion.com.ar\/diario\/wp-content\/uploads\/2025\/07\/PEPEI-6--169x300.jpg 169w, https:\/\/armstrongyregion.com.ar\/diario\/wp-content\/uploads\/2025\/07\/PEPEI-6-.jpg 360w\" sizes=\"auto, (max-width: 270px) 100vw, 270px\" \/><\/figure>\n\n\n\n<p><strong>Dentro de este talentoso plantel, Alejo \u201cPepei\u201d Urquia se destac\u00f3 por ser el jugador m\u00e1s joven de la categor\u00eda Competencia. Representando con orgullo al Club Norte y a su ciudad natal, Armstrong, Alejo vivi\u00f3 su primera experiencia a nivel nacional. <\/strong>A pesar de llevar solo tres meses formando parte del equipo, su adaptaci\u00f3n y desempe\u00f1o fueron sobresalientes, mostrando su felicidad por esta oportunidad \u00fanica.<\/p>\n\n\n\n<figure class=\"wp-block-image size-large\"><img loading=\"lazy\" decoding=\"async\" width=\"360\" height=\"480\" src=\"http:\/\/armstrongyregion.com.ar\/diario\/wp-content\/uploads\/2025\/07\/PEPEI-5-360x480.jpg\" alt=\"\" class=\"wp-image-46836\" srcset=\"https:\/\/armstrongyregion.com.ar\/diario\/wp-content\/uploads\/2025\/07\/PEPEI-5-360x480.jpg 360w, https:\/\/armstrongyregion.com.ar\/diario\/wp-content\/uploads\/2025\/07\/PEPEI-5-225x300.jpg 225w, https:\/\/armstrongyregion.com.ar\/diario\/wp-content\/uploads\/2025\/07\/PEPEI-5.jpg 480w\" sizes=\"auto, (max-width: 360px) 100vw, 360px\" \/><\/figure>\n\n\n\n<p><strong>La haza\u00f1a de Alejo y sus compa\u00f1eros de Litoral Unidos inspira y demuestra que con esfuerzo y dedicaci\u00f3n, no hay l\u00edmites para alcanzar los sue\u00f1os. \u00a1Felicitaciones a estos grandes deportistas que llenan de alegr\u00eda a Armstrong y a toda la regi\u00f3n!<\/strong><\/p>\n","protected":false},"excerpt":{"rendered":"<p>Alejo \u201cPepei\u201dUrqu\u00eda y Litoral Unidos, Subcampeones Nacionales de B\u00e1squet Adaptado en Mendoza.<\/p>\n","protected":false},"author":1,"featured_media":46833,"comment_status":"open","ping_status":"open","sticky":false,"template":"","format":"image","meta":{"_jetpack_memberships_contains_paid_content":false,"footnotes":"","jetpack_publicize_message":"","jetpack_publicize_feature_enabled":true,"jetpack_social_post_already_shared":true,"jetpack_social_options":{"image_generator_settings":{"template":"highway","default_image_id":0,"enabled":false},"version":2}},"categories":[6,8,1,2,7,3],"tags":[11928,11931,5030,8777,11929,2831],"class_list":["post-46831","post","type-post","status-publish","format-image","has-post-thumbnail","hentry","category-cultura-entretenimiento","category-deliberando","category-diario-armstrong","category-locales","category-politica","category-region","tag-alejo-pepei-urquia","tag-basquet-adaptado","tag-diario-armstrong","tag-lic-graciela-de-la-casa","tag-litoral-unidos","tag-mendoza","post_format-post-format-image"],"jetpack_publicize_connections":[],"jetpack_featured_media_url":"https:\/\/armstrongyregion.com.ar\/diario\/wp-content\/uploads\/2025\/07\/PEPEI-1-.jpg","jetpack_shortlink":"https:\/\/wp.me\/p62QDO-cbl","jetpack_sharing_enabled":true,"amp_enabled":true,"_links":{"self":[{"href":"https:\/\/armstrongyregion.com.ar\/diario\/wp-json\/wp\/v2\/posts\/46831","targetHints":{"allow":["GET"]}}],"collection":[{"href":"https:\/\/armstrongyregion.com.ar\/diario\/wp-json\/wp\/v2\/posts"}],"about":[{"href":"https:\/\/armstrongyregion.com.ar\/diario\/wp-json\/wp\/v2\/types\/post"}],"author":[{"embeddable":true,"href":"https:\/\/armstrongyregion.com.ar\/diario\/wp-json\/wp\/v2\/users\/1"}],"replies":[{"embeddable":true,"href":"https:\/\/armstrongyregion.com.ar\/diario\/wp-json\/wp\/v2\/comments?post=46831"}],"version-history":[{"count":1,"href":"https:\/\/armstrongyregion.com.ar\/diario\/wp-json\/wp\/v2\/posts\/46831\/revisions"}],"predecessor-version":[{"id":46837,"href":"https:\/\/armstrongyregion.com.ar\/diario\/wp-json\/wp\/v2\/posts\/46831\/revisions\/46837"}],"wp:featuredmedia":[{"embeddable":true,"href":"https:\/\/armstrongyregion.com.ar\/diario\/wp-json\/wp\/v2\/media\/46833"}],"wp:attachment":[{"href":"https:\/\/armstrongyregion.com.ar\/diario\/wp-json\/wp\/v2\/media?parent=46831"}],"wp:term":[{"taxonomy":"category","embeddable":true,"href":"https:\/\/armstrongyregion.com.ar\/diario\/wp-json\/wp\/v2\/categories?post=46831"},{"taxonomy":"post_tag","embeddable":true,"href":"https:\/\/armstrongyregion.com.ar\/diario\/wp-json\/wp\/v2\/tags?post=46831"}],"curies":[{"name":"wp","href":"https:\/\/api.w.org\/{rel}","templated":true}]}}